{"id":985265,"date":"2026-04-30T22:22:27","date_gmt":"2026-04-30T22:22:27","guid":{"rendered":"https:\/\/www.europesays.com\/de\/985265\/"},"modified":"2026-04-30T22:22:27","modified_gmt":"2026-04-30T22:22:27","slug":"wilde-pruegelei-am-hauptbahnhof-36-jaehriger-schlaegt-im-s-bahnbereich-unter-anderem-mit-mobiltelefon-zu","status":"publish","type":"post","link":"https:\/\/www.europesays.com\/de\/985265\/","title":{"rendered":"Wilde Pr\u00fcgelei am Hauptbahnhof: 36-J\u00e4hriger schl\u00e4gt im S-Bahnbereich unter anderem mit Mobiltelefon zu"},"content":{"rendered":"<p>\t\t\t\t\t\t\t\t\t\t\t\t\t\t\t\t\t\t\t\t\t\t\t\t\t\t\t\t      \t\t            \t\t             \t\t\t\t   \t\t\t\t\t   <img decoding=\"async\" id=\"article-image\" fetchpriority=\"high\" alt=\"Wilde Pr\u00fcgelei am Hauptbahnhof: 36-J\u00e4hriger schl\u00e4gt im S-Bahnbereich unter anderem mit Mobiltelefon zu\" title=\"Wilde Pr\u00fcgelei am Hauptbahnhof: 36-J\u00e4hriger schl\u00e4gt im S-Bahnbereich unter anderem mit Mobiltelefon zu\" src=\"https:\/\/www.europesays.com\/de\/wp-content\/uploads\/2026\/04\/media.media.ae15e3e8-2d83-4407-97d1-5b54ec11b0ba.16x9_700.jpg\" data-linkto=\"https:\/\/www.stuttgarter-nachrichten.de\/javascript:void(0);\"\/>\t\t\t\t\t\t\t\t\t\t\t\t\t\t\t\t\t\t\t\t\t\t\t\tDie Bundespolizei war im Einsatz. (Symbolbild)\u00a0Foto: Philipp von Ditfurth\/dpa\t\t\t<\/p>\n<p>Zwischen zwei M\u00e4nnern kommt es am Hauptbahnhof zu einem Streit, der schnell eskaliert. Die beiden pr\u00fcgeln sich, einer der M\u00e4nner schl\u00e4gt mit einem Handy zu.<\/p>\n<p> Zwischen zwei 23 und 36 Jahre alten M\u00e4nnern ist es am fr\u00fchen Mittwochmorgen im S-Bahnbereich des Stuttgarter Hauptbahnhofs zu einer wilden Pr\u00fcgelei gekommen. Dabei soll der \u00c4ltere auch mit einem Mobiltelefon zugeschlagen haben.<\/p>\n<p>Wie die <a href=\"https:\/\/www.stuttgarter-nachrichten.de\/thema\/Bundespolizei\" title=\"Bundespolizei\" class=\"art_thema\" rel=\"nofollow noopener\" target=\"_blank\">Bundespolizei<\/a> berichtet, sollen die beiden Verd\u00e4chtigen gegen 5.30 Uhr aus bislang unbekannter Ursache im S-Bahnbereich in einen Streit geraten sein. Dabei habe der 36-J\u00e4hrige den J\u00fcngeren mehrfach beleidigt, bis es zu einer Schl\u00e4gerei zwischen den beiden kam. Im weiteren Verlauf soll der \u00c4ltere zudem ge\u00e4u\u00dfert haben, dass er ein Messer dabei habe. Anschlie\u00dfend habe er jedoch kein Messer, sondern ein Mobiltelefon aus seiner Jackentasche gezogen und dem 23-J\u00e4hrigen damit ins Gesicht geschlagen. <\/p>\n<p>Eine aufmerksame Streife des Sicherheitsdienstes der Deutschen Bahn wurde schlie\u00dflich auf die Situation aufmerksam, trennte die beiden M\u00e4nner und informierte die Bundespolizei. Im Rahmen der polizeilichen Aufnahme des Sachverhalts bedrohte der 36-J\u00e4hrige zudem seinen Kontrahenten. Die Bundespolizei ermittelt nun wegen des Verdachts der Beleidigung, der Bedrohung sowie der K\u00f6rperverletzung.<\/p>\n","protected":false},"excerpt":{"rendered":"Die Bundespolizei war im Einsatz. (Symbolbild)\u00a0Foto: Philipp von Ditfurth\/dpa Zwischen zwei M\u00e4nnern kommt es am Hauptbahnhof zu einem&hellip;\n","protected":false},"author":2,"featured_media":985266,"comment_status":"","ping_status":"","sticky":false,"template":"","format":"standard","meta":{"footnotes":"","_share_on_mastodon":"0"},"categories":[1830],"tags":[1634,421,3364,29,30,9636,22360,121,8248,5721,1441,18960],"class_list":["post-985265","post","type-post","status-publish","format-standard","has-post-thumbnail","category-stuttgart","tag-baden-wuerttemberg","tag-bundespolizei","tag-de","tag-deutschland","tag-germany","tag-hauptbahnhof-stuttgart","tag-mobiltelefon","tag-polizei","tag-polizeibericht-stuttgart","tag-s-bahn-stuttgart","tag-stuttgart","tag-stuttgart-mitte"],"share_on_mastodon":{"url":"https:\/\/pubeurope.com\/@de\/116495997157207843","error":""},"_links":{"self":[{"href":"https:\/\/www.europesays.com\/de\/wp-json\/wp\/v2\/posts\/985265","targetHints":{"allow":["GET"]}}],"collection":[{"href":"https:\/\/www.europesays.com\/de\/wp-json\/wp\/v2\/posts"}],"about":[{"href":"https:\/\/www.europesays.com\/de\/wp-json\/wp\/v2\/types\/post"}],"author":[{"embeddable":true,"href":"https:\/\/www.europesays.com\/de\/wp-json\/wp\/v2\/users\/2"}],"replies":[{"embeddable":true,"href":"https:\/\/www.europesays.com\/de\/wp-json\/wp\/v2\/comments?post=985265"}],"version-history":[{"count":0,"href":"https:\/\/www.europesays.com\/de\/wp-json\/wp\/v2\/posts\/985265\/revisions"}],"wp:featuredmedia":[{"embeddable":true,"href":"https:\/\/www.europesays.com\/de\/wp-json\/wp\/v2\/media\/985266"}],"wp:attachment":[{"href":"https:\/\/www.europesays.com\/de\/wp-json\/wp\/v2\/media?parent=985265"}],"wp:term":[{"taxonomy":"category","embeddable":true,"href":"https:\/\/www.europesays.com\/de\/wp-json\/wp\/v2\/categories?post=985265"},{"taxonomy":"post_tag","embeddable":true,"href":"https:\/\/www.europesays.com\/de\/wp-json\/wp\/v2\/tags?post=985265"}],"curies":[{"name":"wp","href":"https:\/\/api.w.org\/{rel}","templated":true}]}}