{"id":985622,"date":"2026-05-01T01:47:14","date_gmt":"2026-05-01T01:47:14","guid":{"rendered":"https:\/\/www.europesays.com\/de\/985622\/"},"modified":"2026-05-01T01:47:14","modified_gmt":"2026-05-01T01:47:14","slug":"veranstaltungstipps-hier-tanzt-viersen-heute-in-den-mai","status":"publish","type":"post","link":"https:\/\/www.europesays.com\/de\/985622\/","title":{"rendered":"Veranstaltungstipps: Hier tanzt Viersen heute in den Mai"},"content":{"rendered":"<p class=\"text_ohne_einzug richtext text-em-55 !leading-serif mx-6 desktop:mx-0\">Am 30. verabschiedet sich der Monat April, und der Mai wird freudig begr\u00fc\u00dft. Auch im Kreis <a href=\"https:\/\/rp-online.de\/thema\/viersen\/\" rel=\"nofollow noopener\" target=\"_blank\">Viersen<\/a> wird wieder in den Mai getanzt, und viele Veranstalter laden f\u00fcr den 30. April zu bunten Festen mit bester Stimmung ein. Hier k\u00f6nnen Feierlustige in diesem Jahr die Mainacht verbringen:<\/p>\n<p class=\"richtext text-em-55 !leading-serif mx-6 desktop:mx-0\">Wie jedes Jahr wird auf dem Remigiusplatz in den Mai getanzt. Die Georgpfadfinder St. Remigius laden zu einem Abend ganz in Wei\u00df ein. F\u00fcr Musik sorgen die Cover-Band Chilli und DJ Chris. Neben Bier und Softdrinks wird es zus\u00e4tzlich Spezialit\u00e4ten aus einer Weinlounge geben. Es wird gebeten, passend zum Motto, Kleidung in wei\u00df zu tragen. Das Fest beginnt um 18 Uhr, der Eintritt ist frei.<\/p>\n<p class=\"richtext text-em-55 !leading-serif mx-6 desktop:mx-0\">Die K\u00f6nigsburg l\u00e4dt erneut zum <a href=\"https:\/\/rp-online.de\/thema\/tanz-in-den-mai\/\" rel=\"nofollow noopener\" target=\"_blank\">Tanz in den Mai<\/a> ein. Tickets gibt es auf der Website der K\u00f6nigsburg oder im Reiseb\u00fcro in S\u00fcchteln f\u00fcr 10 Euro. Zudem sind auch Tickets an der Abendkasse f\u00fcr 12 Euro erh\u00e4ltlich. Im Preis enthalten sind ein Gratisbier oder Softdrink. Die T\u00fcren \u00f6ffnen sich um 19.30 Uhr, und der Abend wird von DJ Dirk mit Live Musik begleitet, w\u00e4hrend LJ Christoph eine Lichtshow bieten wird.<\/p>\n<p class=\"richtext text-em-55 !leading-serif mx-6 desktop:mx-0\">Die St. Georg-Sch\u00fctzenbruderschaft begr\u00fc\u00dft gemeinsam den Mai ab 18.30 Uhr. An der Waldnielerstra\u00dfe 174 gibt es ein Barbecue, eine Tombola und kalte Getr\u00e4nke zu Live-Musik. Der Eintritt ist kostenfrei.<\/p>\n<p class=\"richtext text-em-55 !leading-serif mx-6 desktop:mx-0\">Im Seerosensaal in <a href=\"https:\/\/rp-online.de\/thema\/nettetal\/\" rel=\"nofollow noopener\" target=\"_blank\">Nettetal<\/a> findet zum Tanz in den Mai ab 21 Uhr eine \u00dc30-Party zum Motto \u201eDance to the Moon\u201c statt. Auf zwei Tanzfl\u00e4chen wird f\u00fcr musikalische Abwechslung mit Hits aus den 80ern, 90ern und 2000ern gesorgt. Es gibt Fotopoints, um diesen Abend in Bildern festzuhalten, und leuchtende Armb\u00e4nder, die passend zum Beat blinken. Einen riesigen Astronauten als Gast finden die Besucher auch, und ein Besuch auf dem Planeten Cybertron ist m\u00f6glich \u2013 was es damit auf sich hat, verraten die Veranstalter noch nicht. In der \u201eMoonlight Happy Hour\u201c von 21 bis 22 Uhr erhalten die G\u00e4ste alle Longdrinks und Shots verg\u00fcnstigt. Die Tickets sind erh\u00e4ltlich bei Eventim, bei Ergo in Lobberich und im Seerosensaal selbst. Der Preis daf\u00fcr betr\u00e4gt f\u00fcr 12 Euro zzgl. Ticketgeb\u00fchren im Vorverkauf sowie an der Abendkasse f\u00fcr 15 Euro.<\/p>\n<p class=\"richtext text-em-55 !leading-serif mx-6 desktop:mx-0\">Der Beginn des Mai wird in der Alten Fabrik in Kaldenkirchen an der Venloer Stra\u00dfe 38 gefeiert. Einlass ist ab 20 Uhr, die Veranstaltung beginnt um 20.30 Uhr. F\u00fcr diesen Abend kehrt DJ Hejo Siemens zur\u00fcck in seine Heimat und spielt einen bunten Mix aus Rock, Soul, Funk und Pop aus allen Epochen. Die Tickets findet man auf der Website der Alten Fabrik f\u00fcr 15 Euro und f\u00fcr 18 Euro an der Abendkasse.<\/p>\n<p class=\"richtext text-em-55 !leading-serif mx-6 desktop:mx-0\">Getanzt wird auch auf der Feuerwache Bracht ab 19 Uhr im Feuerwehrger\u00e4tehaus Bracht. Es gibt einen Weinstand von Winzer Philipp Dohm aus Bad Kreuznach. F\u00fcr die Musik hat Daniel Herkenrath einen Mix aus alten Klassikern und den neusten Hits parat. Der Eintritt ist frei. Zudem findet an diesem Abend die Wahl der diesj\u00e4hrigen Maik\u00f6nigin statt.<\/p>\n<p class=\"richtext text-em-55 !leading-serif mx-6 desktop:mx-0\">In den Mai getanzt wird auch auf der Burg <a href=\"https:\/\/rp-online.de\/thema\/bocholt\/\" rel=\"nofollow noopener\" target=\"_blank\">Bocholt<\/a>. Gefeiert wird im Innenhof mit Live-Musik und einer Outdoor-Bar. Die Abendveranstaltung beginnt dort um 20 Uhr mit einem Welcome Drink. Dabei spielt Achim Bardohl Swing&amp;Jazz. F\u00fcr Stimmung in der Partynacht sorgen einige DJs mit Hits der 70er-Jahre bis heute und Franc Sax mit einer DJ-Sax-Performance. Dabei l\u00e4sst er Klub-Beats und das Live-Instrument Saxofon miteinander verschmelzen. Die Tickets gibt es auf der Website der Burg Bocholt f\u00fcr 25 Euro und sind auch an der Abendkasse f\u00fcr 30 Euro erh\u00e4ltlich.<\/p>\n<p class=\"richtext text-em-55 !leading-serif mx-6 desktop:mx-0\">Zu einem gro\u00dfen Tanz in den Mai Party l\u00e4dt die St. Pankratius-Sch\u00fctzenbruderschaft Amern St. Anton ein. Die Veranstaltung beginnt um 18.30 Uhr am Pfarrzentrum \u201eDie Br\u00fccke\u201c. Der Eintritt ist kostenlos.<\/p>\n<p class=\"richtext text-em-55 !leading-serif mx-6 desktop:mx-0\">Hinweis: In einer fr\u00fcheren Version haben wir auch den Tanz in den Mai der Sebastianus Bruderschaft S\u00fcchteln-Sittard angek\u00fcndigt. Die Bruderschaft weist darauf hin, dass es sich um eine interne Veranstaltung handelt. <\/p>\n","protected":false},"excerpt":{"rendered":"Am 30. verabschiedet sich der Monat April, und der Mai wird freudig begr\u00fc\u00dft. Auch im Kreis Viersen wird&hellip;\n","protected":false},"author":2,"featured_media":985623,"comment_status":"","ping_status":"","sticky":false,"template":"","format":"standard","meta":{"footnotes":"","_share_on_mastodon":"0"},"categories":[1849],"tags":[15910,27327,31565,6507,4452,3364,29,548,663,3934,30,20768,13,76289,13316,4455,810,14,15,1209,12,29662,6907,1406,9717,17328],"class_list":["post-985622","post","type-post","status-publish","format-standard","has-post-thumbnail","category-moenchengladbach","tag-abend","tag-abendkasse","tag-beginn","tag-beginnt","tag-burg","tag-de","tag-deutschland","tag-eu","tag-europa","tag-europe","tag-germany","tag-getanzt","tag-headlines","tag-koenigsburg","tag-laedt","tag-moenchengladbach","tag-musik","tag-nachrichten","tag-news","tag-nordrhein-westfalen","tag-schlagzeilen","tag-suechteln","tag-tanz","tag-tickets","tag-uhr","tag-website"],"share_on_mastodon":{"url":"https:\/\/pubeurope.com\/@de\/116496803184862190","error":""},"_links":{"self":[{"href":"https:\/\/www.europesays.com\/de\/wp-json\/wp\/v2\/posts\/985622","targetHints":{"allow":["GET"]}}],"collection":[{"href":"https:\/\/www.europesays.com\/de\/wp-json\/wp\/v2\/posts"}],"about":[{"href":"https:\/\/www.europesays.com\/de\/wp-json\/wp\/v2\/types\/post"}],"author":[{"embeddable":true,"href":"https:\/\/www.europesays.com\/de\/wp-json\/wp\/v2\/users\/2"}],"replies":[{"embeddable":true,"href":"https:\/\/www.europesays.com\/de\/wp-json\/wp\/v2\/comments?post=985622"}],"version-history":[{"count":0,"href":"https:\/\/www.europesays.com\/de\/wp-json\/wp\/v2\/posts\/985622\/revisions"}],"wp:featuredmedia":[{"embeddable":true,"href":"https:\/\/www.europesays.com\/de\/wp-json\/wp\/v2\/media\/985623"}],"wp:attachment":[{"href":"https:\/\/www.europesays.com\/de\/wp-json\/wp\/v2\/media?parent=985622"}],"wp:term":[{"taxonomy":"category","embeddable":true,"href":"https:\/\/www.europesays.com\/de\/wp-json\/wp\/v2\/categories?post=985622"},{"taxonomy":"post_tag","embeddable":true,"href":"https:\/\/www.europesays.com\/de\/wp-json\/wp\/v2\/tags?post=985622"}],"curies":[{"name":"wp","href":"https:\/\/api.w.org\/{rel}","templated":true}]}}