{"id":985666,"date":"2026-05-01T02:11:16","date_gmt":"2026-05-01T02:11:16","guid":{"rendered":"https:\/\/www.europesays.com\/de\/985666\/"},"modified":"2026-05-01T02:11:16","modified_gmt":"2026-05-01T02:11:16","slug":"einen-wal-aufpaeppeln-in-einer-station-ist-das-realistisch-nachrichten-aus-deutschland","status":"publish","type":"post","link":"https:\/\/www.europesays.com\/de\/985666\/","title":{"rendered":"Einen Wal Aufp\u00e4ppeln in einer Station &#8211; ist das realistisch? &#8211; Nachrichten aus Deutschland"},"content":{"rendered":"<p>Berlin (dpa) &#8211; Die private Initiative zum Transport des wochenlang gestrandeten Buckelwals hat einen Plan B f\u00fcr den Fall ins Spiel gebracht, dass das Tier doch zu schwach sein sollte, um demn\u00e4chst freigelassen zu werden. Es gebe Auffangstationen zum Aufp\u00e4ppeln von Walen, hatte die Rechtsanw\u00e4ltin der privaten Rettungsinitiative, Constanze von der Meden, gesagt. Doch w\u00e4re das ein realistischer Plan?<\/p>\n<p>Zwar gebe es in Europa verschiedene Auffangstationen f\u00fcr Kleinwale, erkl\u00e4rte die<\/p>\n","protected":false},"excerpt":{"rendered":"Berlin (dpa) &#8211; Die private Initiative zum Transport des wochenlang gestrandeten Buckelwals hat einen Plan B f\u00fcr den&hellip;\n","protected":false},"author":2,"featured_media":985667,"comment_status":"","ping_status":"","sticky":false,"template":"","format":"standard","meta":{"footnotes":"","_share_on_mastodon":"0"},"categories":[2],"tags":[331,3924,332,3922,1160,3364,29,21907,30,13,1351,14,3923,15,3921,4338,12,1971,2631,7490,193],"class_list":["post-985666","post","type-post","status-publish","format-standard","has-post-thumbnail","category-deutschland","tag-aktuelle-nachrichten","tag-aktuelle-nachrichten-aus-deutschland","tag-aktuelle-news","tag-aktuelle-news-aus-deutschland","tag-daenemark","tag-de","tag-deutschland","tag-extra","tag-germany","tag-headlines","tag-mecklenburg-vorpommern","tag-nachrichten","tag-nachrichten-aus-deutschland","tag-news","tag-news-aus-deutschland","tag-notfall","tag-schlagzeilen","tag-schleswig-holstein","tag-tier","tag-vermischtes","tag-wissenschaft"],"share_on_mastodon":{"url":"https:\/\/pubeurope.com\/@de\/116496897602210853","error":""},"_links":{"self":[{"href":"https:\/\/www.europesays.com\/de\/wp-json\/wp\/v2\/posts\/985666","targetHints":{"allow":["GET"]}}],"collection":[{"href":"https:\/\/www.europesays.com\/de\/wp-json\/wp\/v2\/posts"}],"about":[{"href":"https:\/\/www.europesays.com\/de\/wp-json\/wp\/v2\/types\/post"}],"author":[{"embeddable":true,"href":"https:\/\/www.europesays.com\/de\/wp-json\/wp\/v2\/users\/2"}],"replies":[{"embeddable":true,"href":"https:\/\/www.europesays.com\/de\/wp-json\/wp\/v2\/comments?post=985666"}],"version-history":[{"count":0,"href":"https:\/\/www.europesays.com\/de\/wp-json\/wp\/v2\/posts\/985666\/revisions"}],"wp:featuredmedia":[{"embeddable":true,"href":"https:\/\/www.europesays.com\/de\/wp-json\/wp\/v2\/media\/985667"}],"wp:attachment":[{"href":"https:\/\/www.europesays.com\/de\/wp-json\/wp\/v2\/media?parent=985666"}],"wp:term":[{"taxonomy":"category","embeddable":true,"href":"https:\/\/www.europesays.com\/de\/wp-json\/wp\/v2\/categories?post=985666"},{"taxonomy":"post_tag","embeddable":true,"href":"https:\/\/www.europesays.com\/de\/wp-json\/wp\/v2\/tags?post=985666"}],"curies":[{"name":"wp","href":"https:\/\/api.w.org\/{rel}","templated":true}]}}