{"id":985908,"date":"2026-05-01T04:24:39","date_gmt":"2026-05-01T04:24:39","guid":{"rendered":"https:\/\/www.europesays.com\/de\/985908\/"},"modified":"2026-05-01T04:24:39","modified_gmt":"2026-05-01T04:24:39","slug":"aachen-badeurlaub-wann-sie-vor-den-ferien-zum-friseur-sollten-2","status":"publish","type":"post","link":"https:\/\/www.europesays.com\/de\/985908\/","title":{"rendered":"Aachen | Badeurlaub: Wann Sie vor den Ferien zum Friseur sollten"},"content":{"rendered":"<p>Aachen (dpa\/tmn) &#8211; Direkt vor dem Badeurlaub noch schnell zum Friseur? Wer ans Meer reist, Sonnenbaden m\u00f6chte oder im gechlorten Pool planschen will, sollte sich das unter Umst\u00e4nden gut \u00fcberlegen. Zumindest, wenn man seine Haare f\u00e4rben lassen m\u00f6chte.\u00a0<\/p>\n<p>Denn: \u00abWenn das ganz frisch gemacht ist, dann hat die Sonne eine schnellere Chance, die Farbe wieder rauszuziehen\u00bb, erkl\u00e4rt Friseurmeister Antonio Weinitschke. Das Ergebnis: Die Haarfarbe h\u00e4lt nicht so gut wie gewohnt.\u00a0<\/p>\n<p>Besonders betroffen sind Weinitschke zufolge rot gef\u00e4rbte Haare. Seine Empfehlung: Die Haare mindestens zwei Wochen vor dem Urlaub f\u00e4rben lassen &#8211; und bei Blondierungen besser erst im Anschluss an den Sommerurlaub. Schlie\u00dflich helle die Sonne blonde Haare immer noch ein wenig mehr auf. \u00abDas hei\u00dft, der Friseur hat nach dem Urlaub eine ganz andere Chance zu sehen, ob eine R\u00fcckpigmentierung sinnvoll ist oder ob das Blond nur aufgefrischt werden muss\u00bb, so Weinitschke, der Art Director beim Zentralverband des Deutschen Friseurhandwerks ist.\u00a0<\/p>\n<p>Weg mit dem Spliss<\/p>\n<p>In manchen F\u00e4llen kann es aber durchaus Sinn machen, den Friseurbesuch vor den Sommerurlaub zu legen: Bei langen Haaren, die zu Spliss neigen etwa: \u00abSonst wandert der Spliss durch Sonne, Meerwasser und Chlorwasser nach oben\u00bb, sagt Weinitschke. \u00abDas hei\u00dft, man sollte etwa 14 Tage vorher die Spitzen sauber schneiden lassen.\u00bb\u00a0<\/p>\n<p>Und auch wer eine Kurzhaarfrisur hat, legt den Termin zum Schneiden lieber vor statt hinter den Sonnenurlaub: Sonst riskiert man nach dem Schnitt einen wei\u00dfen Rand, dort wo vor dem Friseurbesuch Haare die Haut bedeckten.<\/p>\n<p>Pflege mit UV-Filter<\/p>\n<p>Um zu verhindern, dass das Chlor im Pool das Haar sch\u00e4digt, r\u00e4t Weinitschke \u00fcbrigens dazu, es bereits vor dem Sprung ins Wasser gr\u00fcndlich nass zu machen. Denn Haar funktioniere ein bisschen wie ein Schwamm, so der Friseurmeister: Hat es bereits Feuchtigkeit aufgenommen, kann weniger neue tief eindringen &#8211; in diesem Fall weniger Chlorwasser, das die Haare austrocknen und blondierte Haare sogar gr\u00fcnlich verf\u00e4rben kann.\u00a0<\/p>\n<p>Weinitschkes Pflegetipp f\u00fcr den Badeurlaub im Sommer zudem: Direkt nach dem Baden das Haar gr\u00fcndlich aussp\u00fclen und einen Leave-in-Conditioner mit UV-Schutz verwenden. Au\u00dferdem: f\u00fcr die Haarw\u00e4sche in der Urlaubszeit eher auf pflegendes Feuchtigkeitsshampoo setzen statt auf tiefenreinigende Produkte, die die Haarstruktur \u00f6ffnen &#8211; auch f\u00fcr Salz- oder Chlorwasser. \u00abWichtig ist ein Conditioner danach\u00bb.<\/p>\n","protected":false},"excerpt":{"rendered":"Aachen (dpa\/tmn) &#8211; Direkt vor dem Badeurlaub noch schnell zum Friseur? Wer ans Meer reist, Sonnenbaden m\u00f6chte oder&hellip;\n","protected":false},"author":2,"featured_media":985909,"comment_status":"","ping_status":"","sticky":false,"template":"","format":"standard","meta":{"footnotes":"","_share_on_mastodon":"0"},"categories":[1853],"tags":[1424,2632,3364,29,548,663,3934,30,2995,13,11062,5013,350,14,15,1209,624,4562,12,213107],"class_list":["post-985908","post","type-post","status-publish","format-standard","has-post-thumbnail","category-aachen","tag-aachen","tag-brcmj","tag-de","tag-deutschland","tag-eu","tag-europa","tag-europe","tag-germany","tag-haare","tag-headlines","tag-kosmetik","tag-lifestyle","tag-mode","tag-nachrichten","tag-news","tag-nordrhein-westfalen","tag-ratgeber","tag-reise","tag-schlagzeilen","tag-tmn1905"],"share_on_mastodon":{"url":"https:\/\/pubeurope.com\/@de\/116497420644549686","error":""},"_links":{"self":[{"href":"https:\/\/www.europesays.com\/de\/wp-json\/wp\/v2\/posts\/985908","targetHints":{"allow":["GET"]}}],"collection":[{"href":"https:\/\/www.europesays.com\/de\/wp-json\/wp\/v2\/posts"}],"about":[{"href":"https:\/\/www.europesays.com\/de\/wp-json\/wp\/v2\/types\/post"}],"author":[{"embeddable":true,"href":"https:\/\/www.europesays.com\/de\/wp-json\/wp\/v2\/users\/2"}],"replies":[{"embeddable":true,"href":"https:\/\/www.europesays.com\/de\/wp-json\/wp\/v2\/comments?post=985908"}],"version-history":[{"count":0,"href":"https:\/\/www.europesays.com\/de\/wp-json\/wp\/v2\/posts\/985908\/revisions"}],"wp:featuredmedia":[{"embeddable":true,"href":"https:\/\/www.europesays.com\/de\/wp-json\/wp\/v2\/media\/985909"}],"wp:attachment":[{"href":"https:\/\/www.europesays.com\/de\/wp-json\/wp\/v2\/media?parent=985908"}],"wp:term":[{"taxonomy":"category","embeddable":true,"href":"https:\/\/www.europesays.com\/de\/wp-json\/wp\/v2\/categories?post=985908"},{"taxonomy":"post_tag","embeddable":true,"href":"https:\/\/www.europesays.com\/de\/wp-json\/wp\/v2\/tags?post=985908"}],"curies":[{"name":"wp","href":"https:\/\/api.w.org\/{rel}","templated":true}]}}