{"id":986086,"date":"2026-05-01T06:05:16","date_gmt":"2026-05-01T06:05:16","guid":{"rendered":"https:\/\/www.europesays.com\/de\/986086\/"},"modified":"2026-05-01T06:05:16","modified_gmt":"2026-05-01T06:05:16","slug":"solingen-polizei-hebt-illegale-cannabis-plantage-aus","status":"publish","type":"post","link":"https:\/\/www.europesays.com\/de\/986086\/","title":{"rendered":"Solingen: Polizei hebt illegale Cannabis-Plantage aus"},"content":{"rendered":"<p class=\"text_ohne_einzug richtext text-em-55 !leading-serif mx-6 desktop:mx-0\">  Die <a href=\"https:\/\/rp-online.de\/thema\/polizei\/\" rel=\"nofollow noopener\" target=\"_blank\">Polizei<\/a> hat in Solingen eine illegale Cannabisplantage von betr\u00e4chtlicher Gr\u00f6\u00dfe ausgehoben. Die Entdeckung machten die Ermittler am Donnerstagnachmittag (30. April 2026) in einer Lagerhalle nahe der Innenstadt. Nach ersten Erkenntnissen fanden die Ermittler mehr als 1000 Pflanzen sowie umfangreiche Ausr\u00fcstung f\u00fcr den professionellen Anbau.<\/p>\n<p>Polizei: Fortgeschrittenes Wachstumsstadium      <\/p>\n<p class=\"richtext text-em-55 !leading-serif mx-6 desktop:mx-0\">Die Pflanzen befanden sich \u00fcberwiegend in einem fortgeschrittenen Wachstumsstadium kurz vor der Ernte. Laut einem Polizeisprecher handelt es sich um eine vergleichsweise gro\u00dfe Anlage, die sich \u00fcber vier R\u00e4ume innerhalb eines Hallenkomplexes erstreckte.<\/p>\n<p>THW hilft beim Abtransport      <\/p>\n<p class=\"richtext text-em-55 !leading-serif mx-6 desktop:mx-0\">Die Beamten st\u00fcrmten die Lagerhalle. Wie die Ermittler auf die Plantage aufmerksam wurden, blieb zun\u00e4chst unklar. Die Polizei verweist auf laufende Ermittlungen. Zur Sicherstellung und zum Abtransport der Pflanzen wurde das Technische Hilfswerk (THW) hinzugezogen. Nachdem die Beweismittel erfasst worden waren, wurden die Pflanzen zur Entsorgung in ein M\u00fcllheizkraftwerk gebracht und dort verbrannt. Dieses Vorgehen entspricht laut Polizei den \u00fcblichen Abl\u00e4ufen.<\/p>\n<p>Einsatz dauerte mehrere Stunden      <\/p>\n<p class=\"richtext text-em-55 !leading-serif mx-6 desktop:mx-0\">Der Einsatz dauerte mehrere Stunden und wurde erst am sp\u00e4ten Abend beendet. Ob im Zusammenhang mit dem Fund Festnahmen erfolgten, teilte die Polizei zun\u00e4chst nicht mit. Zusammen mit der Staatsanwaltschaft will sie sich in der kommenden Woche mit weiteren Details zum Fund in Solingen \u00e4u\u00dfern.<\/p>\n","protected":false},"excerpt":{"rendered":"Die Polizei hat in Solingen eine illegale Cannabisplantage von betr\u00e4chtlicher Gr\u00f6\u00dfe ausgehoben. Die Entdeckung machten die Ermittler am&hellip;\n","protected":false},"author":2,"featured_media":986087,"comment_status":"","ping_status":"","sticky":false,"template":"","format":"standard","meta":{"footnotes":"","_share_on_mastodon":"0"},"categories":[1840],"tags":[652,77594,79243,3364,29,22314,886,9909,30,42559,2807,1209,2191,66920,21537,7223,4418],"class_list":["post-986086","post","type-post","status-publish","format-standard","has-post-thumbnail","category-wuppertal","tag-cannabis","tag-cannabispflanzen","tag-cannabisplantage","tag-de","tag-deutschland","tag-ermittler","tag-festnahmen","tag-fund","tag-germany","tag-illegale","tag-lagerhalle","tag-nordrhein-westfalen","tag-pflanzen","tag-plantage","tag-remscheid","tag-solingen","tag-wuppertal"],"share_on_mastodon":{"url":"https:\/\/pubeurope.com\/@de\/116497817706127838","error":""},"_links":{"self":[{"href":"https:\/\/www.europesays.com\/de\/wp-json\/wp\/v2\/posts\/986086","targetHints":{"allow":["GET"]}}],"collection":[{"href":"https:\/\/www.europesays.com\/de\/wp-json\/wp\/v2\/posts"}],"about":[{"href":"https:\/\/www.europesays.com\/de\/wp-json\/wp\/v2\/types\/post"}],"author":[{"embeddable":true,"href":"https:\/\/www.europesays.com\/de\/wp-json\/wp\/v2\/users\/2"}],"replies":[{"embeddable":true,"href":"https:\/\/www.europesays.com\/de\/wp-json\/wp\/v2\/comments?post=986086"}],"version-history":[{"count":0,"href":"https:\/\/www.europesays.com\/de\/wp-json\/wp\/v2\/posts\/986086\/revisions"}],"wp:featuredmedia":[{"embeddable":true,"href":"https:\/\/www.europesays.com\/de\/wp-json\/wp\/v2\/media\/986087"}],"wp:attachment":[{"href":"https:\/\/www.europesays.com\/de\/wp-json\/wp\/v2\/media?parent=986086"}],"wp:term":[{"taxonomy":"category","embeddable":true,"href":"https:\/\/www.europesays.com\/de\/wp-json\/wp\/v2\/categories?post=986086"},{"taxonomy":"post_tag","embeddable":true,"href":"https:\/\/www.europesays.com\/de\/wp-json\/wp\/v2\/tags?post=986086"}],"curies":[{"name":"wp","href":"https:\/\/api.w.org\/{rel}","templated":true}]}}