{"id":986145,"date":"2026-05-01T06:45:17","date_gmt":"2026-05-01T06:45:17","guid":{"rendered":"https:\/\/www.europesays.com\/de\/986145\/"},"modified":"2026-05-01T06:45:17","modified_gmt":"2026-05-01T06:45:17","slug":"vabali-spa-duesseldorf-hilden-kein-einlass-fuer-gruppen","status":"publish","type":"post","link":"https:\/\/www.europesays.com\/de\/986145\/","title":{"rendered":"Vabali Spa D\u00fcsseldorf Hilden: Kein Einlass f\u00fcr Gruppen"},"content":{"rendered":"<p class=\"text_ohne_einzug richtext text-em-55 !leading-serif mx-6 desktop:mx-0\"> \u201ePsst, bitte nicht st\u00f6ren\u201c ist an der gl\u00e4sernen Eingangst\u00fcre zu lesen, hinter der gem\u00fctliche Liegen mit warmen Decken zum Ausruhen bereitstehen. Doch erst ist es eine, dann sind es zwei, dann ist es eine ganze Gruppe junger Frauen, die sich am Ruheraum des <a href=\"https:\/\/rp-online.de\/thema\/spa\/\" rel=\"nofollow noopener\" target=\"_blank\">Spa<\/a> zu schaffen machen: Sie h\u00e4ngen Girlanden auf, besorgen Sektflaschen und Gl\u00e4ser, richten den Raum f\u00fcr eine Feier her. Das alles bei guter Laune und unter viel Gel\u00e4chter. Nur wenige Meter weiter beobachten Frauen und M\u00e4nner die Szene, die im Bademantel auf ihre Massagen warten. So gesehen in einer Wellness-Therme in Bad Salzuflen.<\/p>\n","protected":false},"excerpt":{"rendered":"\u201ePsst, bitte nicht st\u00f6ren\u201c ist an der gl\u00e4sernen Eingangst\u00fcre zu lesen, hinter der gem\u00fctliche Liegen mit warmen Decken&hellip;\n","protected":false},"author":2,"featured_media":986146,"comment_status":"","ping_status":"","sticky":false,"template":"","format":"standard","meta":{"footnotes":"","_share_on_mastodon":"0"},"categories":[1831],"tags":[3364,29,3405,4790,30,4149,13313,89254,1209,18341],"class_list":["post-986145","post","type-post","status-publish","format-standard","has-post-thumbnail","category-duesseldorf","tag-de","tag-deutschland","tag-duesseldorf","tag-einrichtungen","tag-germany","tag-google","tag-hilden","tag-junggesellinnenabschied","tag-nordrhein-westfalen","tag-wellness"],"share_on_mastodon":{"url":"https:\/\/pubeurope.com\/@de\/116497975200205933","error":""},"_links":{"self":[{"href":"https:\/\/www.europesays.com\/de\/wp-json\/wp\/v2\/posts\/986145","targetHints":{"allow":["GET"]}}],"collection":[{"href":"https:\/\/www.europesays.com\/de\/wp-json\/wp\/v2\/posts"}],"about":[{"href":"https:\/\/www.europesays.com\/de\/wp-json\/wp\/v2\/types\/post"}],"author":[{"embeddable":true,"href":"https:\/\/www.europesays.com\/de\/wp-json\/wp\/v2\/users\/2"}],"replies":[{"embeddable":true,"href":"https:\/\/www.europesays.com\/de\/wp-json\/wp\/v2\/comments?post=986145"}],"version-history":[{"count":0,"href":"https:\/\/www.europesays.com\/de\/wp-json\/wp\/v2\/posts\/986145\/revisions"}],"wp:featuredmedia":[{"embeddable":true,"href":"https:\/\/www.europesays.com\/de\/wp-json\/wp\/v2\/media\/986146"}],"wp:attachment":[{"href":"https:\/\/www.europesays.com\/de\/wp-json\/wp\/v2\/media?parent=986145"}],"wp:term":[{"taxonomy":"category","embeddable":true,"href":"https:\/\/www.europesays.com\/de\/wp-json\/wp\/v2\/categories?post=986145"},{"taxonomy":"post_tag","embeddable":true,"href":"https:\/\/www.europesays.com\/de\/wp-json\/wp\/v2\/tags?post=986145"}],"curies":[{"name":"wp","href":"https:\/\/api.w.org\/{rel}","templated":true}]}}