{"id":986219,"date":"2026-05-01T07:31:23","date_gmt":"2026-05-01T07:31:23","guid":{"rendered":"https:\/\/www.europesays.com\/de\/986219\/"},"modified":"2026-05-01T07:31:23","modified_gmt":"2026-05-01T07:31:23","slug":"lets-talk-about-recht-2026","status":"publish","type":"post","link":"https:\/\/www.europesays.com\/de\/986219\/","title":{"rendered":"Let\u2019s Talk About Recht 2026"},"content":{"rendered":"<p class=\"mb-6 text-xs md:text-m lg:text-l font-serif group-[.font-sans]:font-sans \">\n    Die Gew\u00e4hrleistung der richterlichen Unabh\u00e4ngigkeit ist eine grundlegende S\u00e4ule des Rechtsstaats, die jedoch durch umfassende Reformen in einigen Staaten in Frage gestellt wird.\n  <\/p>\n<p class=\"mb-6 text-xs md:text-m lg:text-l font-serif group-[.font-sans]:font-sans \">\n    Im moderierten Gespr\u00e4ch werfen Stefanie Otte, Pr\u00e4sidentin des Oberlandesgerichts Celle, und Prof. Dr. Malte Gra\u00dfhof, Pr\u00e4sident des Verfassungsgerichtshofs Baden-W\u00fcrttemberg und des Verwaltungsgerichtshofs Baden-W\u00fcrttemberg, einen Blick auf die Lage der Gerichte in Deutschland: Wie steht es um unser Justizsystem? Wo ist es gef\u00e4hrdet und wie k\u00f6nnen wir es sch\u00fctzen?\n  <\/p>\n<p class=\"mb-6 text-xs md:text-m lg:text-l font-serif group-[.font-sans]:font-sans \">\n    Diese und weitere spannende Fragen werden in einer gemeinsamen Diskussion er\u00f6rtert. Das Publikum ist herzlich eingeladen, mitzudiskutieren und sich mit eigenen Fragen am Gespr\u00e4ch zu beteiligen.\n  <\/p>\n<p class=\"mb-6 text-xs md:text-m lg:text-l font-serif group-[.font-sans]:font-sans \">\n    Der Eintritt ist kostenfrei. Eine Anmeldung ist nicht erforderlich.\n  <\/p>\n<p>    <img decoding=\"async\" src=\"https:\/\/www.europesays.com\/de\/wp-content\/uploads\/2026\/05\/bild-2-stiftung-forum-recht1200x675px.png\" alt=\"Bild 2: SFR, Foto: Damian Domes\" title=\"Bild 2: SFR, Foto: Damian Domes\" loading=\"lazy\" class=\"h-full w-full object-cover\"\/><\/p>\n<p>      Icon vergr\u00f6\u00dfern<\/p>\n<p>    Bild 2: SFR, Foto: Damian Domes<\/p>\n<p>        Schlie\u00dfen <\/p>\n<p>      Icon Schlie\u00dfen<\/p>\n<p>        Icon vergr\u00f6\u00dfern<\/p>\n<p>        Icon verkleinern<\/p>\n<p>      Icon Pfeil bewegen<\/p>\n<p>    Bild 2: SFR, Foto: Damian Domes<\/p>\n<p>            Let\u2019s Talk About Recht<\/p>\n<p class=\"mb-6 text-xs md:text-m lg:text-l font-serif group-[.font-sans]:font-sans \">\n    Seit 2025 l\u00e4dt die Stiftung Forum Recht regelm\u00e4\u00dfig zur Gespr\u00e4chsreihe \u201eLet\u2019s Talk About Recht\u201c in die Stiftungsr\u00e4ume nach <a href=\"https:\/\/www.ka-news.de\/karlsruhe\" target=\"_self\" class=\"underline \" rel=\"nofollow noopener\">Karlsruhe<\/a> und Leipzig ein. Zu Gast sind Pers\u00f6nlichkeiten aus verschiedenen Bereichen des Rechts, die im Gespr\u00e4ch aus ihrem Arbeitsalltag berichten und ihre Sicht auf ein aktuelles rechtliches Thema vorstellen: von Arbeitsrecht \u00fcber Mietrecht bis hin zur Meinungsfreiheit. Die Gespr\u00e4che werden aufgezeichnet und im Nachgang als Live-on-Tape-Podcast ver\u00f6ffentlicht.\n  <\/p>\n<p class=\"mb-6 text-xs md:text-m lg:text-l font-serif group-[.font-sans]:font-sans \">\n    Weitere Informationen: <a href=\"https:\/\/www.stiftung-forum-recht.de\/kalender\/lets-talk-about-recht\/\" rel=\"nofollow noopener\" target=\"_blank\" class=\"underline \">www.stiftung-forum-recht.de\/kalender\/lets-talk-about-recht\/<\/a>\n  <\/p>\n<p class=\"mb-6 text-xs md:text-m lg:text-l font-serif group-[.font-sans]:font-sans \">\n    Sie m\u00f6chten mehr Infos \u00fcber die Kultur in Karlsruhe?\n  <\/p>\n<p class=\"mb-6 text-xs md:text-m lg:text-l font-serif group-[.font-sans]:font-sans \">\n    <a href=\"https:\/\/www.kulturinkarlsruhe.de\/\" rel=\"nofollow noopener\" target=\"_blank\" class=\"underline \">Webseite<\/a>\n  <\/p>\n<p class=\"mb-6 text-xs md:text-m lg:text-l font-serif group-[.font-sans]:font-sans \">\n    <a href=\"https:\/\/www.kulturinkarlsruhe.de\/newsletter\" rel=\"nofollow noopener\" target=\"_blank\" class=\"underline \">Newsletter abonnieren<\/a>\n  <\/p>\n<p class=\"mb-6 text-xs md:text-m lg:text-l font-serif group-[.font-sans]:font-sans \">\n    <a href=\"https:\/\/www.instagram.com\/kulturinkarlsruhe\/\" rel=\"nofollow noopener\" target=\"_blank\" class=\"underline \">Instagram<\/a> und <a href=\"https:\/\/www.facebook.com\/kulturinkarlsruhe\/?locale=de_DE\" rel=\"nofollow noopener\" target=\"_blank\" class=\"underline \">facebook<\/a>\n  <\/p>\n<p>  <script async src=\"\/\/www.instagram.com\/embed.js\"><\/script><\/p>\n","protected":false},"excerpt":{"rendered":"Die Gew\u00e4hrleistung der richterlichen Unabh\u00e4ngigkeit ist eine grundlegende S\u00e4ule des Rechtsstaats, die jedoch durch umfassende Reformen in einigen&hellip;\n","protected":false},"author":2,"featured_media":986220,"comment_status":"","ping_status":"","sticky":false,"template":"","format":"standard","meta":{"footnotes":"","_share_on_mastodon":"0"},"categories":[1844],"tags":[1634,2232,3364,29,30,149275,109197,8903,71,213390,213389,7097],"class_list":["post-986219","post","type-post","status-publish","format-standard","has-post-thumbnail","category-karlsruhe","tag-baden-wuerttemberg","tag-celle","tag-de","tag-deutschland","tag-germany","tag-gespraechsreihe","tag-gespraechsrunde","tag-karlsruhe","tag-leipzig","tag-malte-grasshof","tag-stefanie-otte","tag-unabhaengigkeit"],"share_on_mastodon":{"url":"https:\/\/pubeurope.com\/@de\/116498155989883428","error":""},"_links":{"self":[{"href":"https:\/\/www.europesays.com\/de\/wp-json\/wp\/v2\/posts\/986219","targetHints":{"allow":["GET"]}}],"collection":[{"href":"https:\/\/www.europesays.com\/de\/wp-json\/wp\/v2\/posts"}],"about":[{"href":"https:\/\/www.europesays.com\/de\/wp-json\/wp\/v2\/types\/post"}],"author":[{"embeddable":true,"href":"https:\/\/www.europesays.com\/de\/wp-json\/wp\/v2\/users\/2"}],"replies":[{"embeddable":true,"href":"https:\/\/www.europesays.com\/de\/wp-json\/wp\/v2\/comments?post=986219"}],"version-history":[{"count":0,"href":"https:\/\/www.europesays.com\/de\/wp-json\/wp\/v2\/posts\/986219\/revisions"}],"wp:featuredmedia":[{"embeddable":true,"href":"https:\/\/www.europesays.com\/de\/wp-json\/wp\/v2\/media\/986220"}],"wp:attachment":[{"href":"https:\/\/www.europesays.com\/de\/wp-json\/wp\/v2\/media?parent=986219"}],"wp:term":[{"taxonomy":"category","embeddable":true,"href":"https:\/\/www.europesays.com\/de\/wp-json\/wp\/v2\/categories?post=986219"},{"taxonomy":"post_tag","embeddable":true,"href":"https:\/\/www.europesays.com\/de\/wp-json\/wp\/v2\/tags?post=986219"}],"curies":[{"name":"wp","href":"https:\/\/api.w.org\/{rel}","templated":true}]}}