{"id":986416,"date":"2026-05-01T09:42:25","date_gmt":"2026-05-01T09:42:25","guid":{"rendered":"https:\/\/www.europesays.com\/de\/986416\/"},"modified":"2026-05-01T09:42:25","modified_gmt":"2026-05-01T09:42:25","slug":"bikertreffen-nuernberg-kommen-auch-hells-angels-polizei-setzt-auf-ruhe","status":"publish","type":"post","link":"https:\/\/www.europesays.com\/de\/986416\/","title":{"rendered":"Bikertreffen N\u00fcrnberg: Kommen auch Hells Angels? Polizei setzt auf Ruhe"},"content":{"rendered":"<p>Hells Angels erwartet <\/p>\n<p>Tausende Biker fahren am Maifeiertag in N\u00fcrnberg vor<\/p>\n<p>Aktualisiert am 01.05.2026 &#8211; 11:19 UhrLesedauer: 2 Min.<\/p>\n<p><a href=\"#focus-0\" class=\"transition-colors duration-200 block text-current relative\" data-sctrack=\"FocusGalleryImage.Reference\"><img fetchpriority=\"high\" data-testid=\"Opener.Image\" style=\"--lqipURL:url('https:\/\/images.t-online.de\/2026\/04\/Ro6Y6ypqk63N\/0x209:4000x2250\/fit-in\/150x0\/filters:blur(25)\/foto-manuel-geisser-16-072023-biker-days-basel-bild-detailaufnahme-mc-hells-angels-black-forest-photo-manuel-geisser-16-07-2023-biker-days-basel-picture-detail-mc-hells-angels-black-forest-publicationxnotxinxsui.jpg')\"   loading=\"eager\" src=\"https:\/\/www.europesays.com\/de\/wp-content\/uploads\/2026\/05\/foto-manuel-geisser-16-072023-biker-days-basel-bild-detailaufnahme-mc-hells-angels-black-forest-phot.jpeg\" alt=\"imago images 0299413968\" title=\"imago images 0299413968\" width=\"4000\" height=\"2250\" class=\"bg-[url:var(--lqipURL)] bg-cover bg-center flex h-full w-full max-w-full\" decoding=\"async\"\/><img style=\"--width:32;--height:32\" loading=\"lazy\" src=\"https:\/\/nuernberg.t-online.de\/s\/paper\/_next\/static\/media\/zoom-in.f7dae02f.svg\" alt=\"Vergr\u00f6\u00dfern des Bildes\" title=\"Vergr\u00f6\u00dfern des Bildes\" class=\"block h-[calc(var(--height)_\/_16_*_1rem)] w-[calc(var(--width)_\/_16_*_1rem)] max-w-none absolute bottom-8 right-8 rounded-4 bg-snow p-8\" decoding=\"async\"\/><\/a><\/p>\n<p>Ein Mitglied der Hells Angels (Archivbild): Die Rocker kommen wohl am 1. Mai nach N\u00fcrnberg. (Quelle: IMAGO\/Manuel Geisser\/imago)<\/p>\n<p class=\"font-bold text-18 leading-17 user-text-lg:text-22 user-text-xl:text-24\">Zum Maifeiertag str\u00f6men wieder Tausende Biker nach N\u00fcrnberg. Die Polizei rechnet mit bis zu 30.000 Teilnehmern \u2013 und erwartet auch die Hells Angels.<\/p>\n<p class=\"text-18 leading-17 user-text-lg:text-22 user-text-xl:text-24\">Am 1. Mai hat sich in N\u00fcrnberg erneut eines der gr\u00f6\u00dften Bikertreffen Deutschlands formiert. Bereits am Vormittag versammelten sich Tausende Motorradfahrer im S\u00fcden der Stadt, vor allem entlang der M\u00fcnchener Stra\u00dfe, um gemeinsam in die Saison zu starten, wie ein Sprecher der Polizei M\u00fcnchen der N\u00fcrnberger Lokalredaktion von t-online mitteilte. Die ersten Biker seien bereits um 8 Uhr erschienen, die Lage sei entspannt und ruhig. Die Polizei rechnet mit 20.000 bis 30.000 Teilnehmern. &#8222;Ganz so viel wie im vergangenen Jahr wird es wahrscheinlich nicht werden&#8220;, so der Sprecher.<\/p>\n<p class=\"text-18 leading-17 user-text-lg:text-22 user-text-xl:text-24\">Das Bikertreffen am 1. Mai hat in N\u00fcrnberg Tradition: Tausende Motorradfahrer kommen jedes Jahr zum Maifeiertag im S\u00fcden der Stadt zusammen. Die Veranstaltung gilt als friedlich. <a class=\"transition-colors duration-200 cursor-pointer text-inherit no-underline text-salemsfur md:hover:text-magenta md:hover:border-magenta md:focus:text-magenta border-current border-b border-solid break-words\" data-tracking=\"{&quot;action&quot;:&quot;click&quot;,&quot;category&quot;:&quot;intextLink&quot;,&quot;label&quot;:&quot;\/region\/nuernberg\/id_100397662\/-hells-angels-in-nuernberg-rocker-streit-am-maifeiertag.html&quot;}\" href=\"https:\/\/nuernberg.t-online.de\/region\/nuernberg\/id_100397662\/-hells-angels-in-nuernberg-rocker-streit-am-maifeiertag.html\" data-sctrack=\"BodyAnchor\" rel=\"nofollow noopener\" target=\"_blank\">Doch 2024 musste das Unterst\u00fctzungskommando (USK) der Polizei ausr\u00fccken<\/a>, weil Rockergruppen wie Hells Angels, Bandidos und Outlaws verbal aneinandergeraten waren. Wiederholen sich solche Szenen in diesem Jahr?<\/p>\n<p class=\"text-18 leading-17 user-text-lg:text-22 user-text-xl:text-24\">Unklar ist noch, welche Gruppierungen am Treffen teilnehmen. Die Polizei geht jedoch &#8222;anhand von Erfahrungswerten&#8220; davon aus, dass auch in diesem Jahr verschiedene Motorradklubs vor Ort sein werden \u2013 darunter wohl auch die Hells Angels.<\/p>\n<p class=\"text-18 leading-17 user-text-lg:text-22 user-text-xl:text-24\">Der Polizeisprecher betonte zugleich, dass das Bikertreffen traditionell &#8222;eine friedliche Veranstaltung&#8220; sei. Die Motorradfahrer k\u00e4men wegen ihres gemeinsamen Hobbys zusammen \u2013 und tauschten sich beim Treffen aus.<\/p>\n","protected":false},"excerpt":{"rendered":"Hells Angels erwartet Tausende Biker fahren am Maifeiertag in N\u00fcrnberg vor Aktualisiert am 01.05.2026 &#8211; 11:19 UhrLesedauer: 2&hellip;\n","protected":false},"author":2,"featured_media":965043,"comment_status":"","ping_status":"","sticky":false,"template":"","format":"standard","meta":{"footnotes":"","_share_on_mastodon":"0"},"categories":[1837],"tags":[26737,772,26736,3364,29,13162,30,12087,1268,34039,3783,121],"class_list":["post-986416","post","type-post","status-publish","format-standard","has-post-thumbnail","category-nuernberg","tag-bandidos","tag-bayern","tag-bikertreffen","tag-de","tag-deutschland","tag-erster-mai","tag-germany","tag-hells-angels","tag-muenchen","tag-muenchener-strasse","tag-nuernberg","tag-polizei"],"share_on_mastodon":{"url":"https:\/\/pubeurope.com\/@de\/116498671273917944","error":""},"_links":{"self":[{"href":"https:\/\/www.europesays.com\/de\/wp-json\/wp\/v2\/posts\/986416","targetHints":{"allow":["GET"]}}],"collection":[{"href":"https:\/\/www.europesays.com\/de\/wp-json\/wp\/v2\/posts"}],"about":[{"href":"https:\/\/www.europesays.com\/de\/wp-json\/wp\/v2\/types\/post"}],"author":[{"embeddable":true,"href":"https:\/\/www.europesays.com\/de\/wp-json\/wp\/v2\/users\/2"}],"replies":[{"embeddable":true,"href":"https:\/\/www.europesays.com\/de\/wp-json\/wp\/v2\/comments?post=986416"}],"version-history":[{"count":0,"href":"https:\/\/www.europesays.com\/de\/wp-json\/wp\/v2\/posts\/986416\/revisions"}],"wp:featuredmedia":[{"embeddable":true,"href":"https:\/\/www.europesays.com\/de\/wp-json\/wp\/v2\/media\/965043"}],"wp:attachment":[{"href":"https:\/\/www.europesays.com\/de\/wp-json\/wp\/v2\/media?parent=986416"}],"wp:term":[{"taxonomy":"category","embeddable":true,"href":"https:\/\/www.europesays.com\/de\/wp-json\/wp\/v2\/categories?post=986416"},{"taxonomy":"post_tag","embeddable":true,"href":"https:\/\/www.europesays.com\/de\/wp-json\/wp\/v2\/tags?post=986416"}],"curies":[{"name":"wp","href":"https:\/\/api.w.org\/{rel}","templated":true}]}}