{"id":986517,"date":"2026-05-01T10:37:24","date_gmt":"2026-05-01T10:37:24","guid":{"rendered":"https:\/\/www.europesays.com\/de\/986517\/"},"modified":"2026-05-01T10:37:24","modified_gmt":"2026-05-01T10:37:24","slug":"sv-meppen-marius-kleinsorge-ueber-den-aufstieg-gegen-mannheim","status":"publish","type":"post","link":"https:\/\/www.europesays.com\/de\/986517\/","title":{"rendered":"SV Meppen: Marius Kleinsorge \u00fcber den Aufstieg gegen Mannheim"},"content":{"rendered":"<p class=\"\">\n                    Marius Kleinsorge ist vor neun Jahren mit dem SV Meppen in die 3. Liga aufgestiegen. Nun stehen die Emsl\u00e4nder, bei denen der 30-j\u00e4hrige Fl\u00fcgelspieler von 2016 bis 2020 und in der Saison 2022\/2023 insgesamt 139 Pflichtspiele absolvierte, nach drei Jahren in der Regionalliga vor der R\u00fcckkehr in die 3. Liga. Der ehemalige Meppener blickt vor dem Spiel gegen den Bremer SV am Samstag, 2. Mai 2026, um 14 Uhr <a href=\"https:\/\/www.noz.de\/sport\/sv-meppen\/artikel\/sv-meppen-vor-aufstieg-spiel-gegen-bremer-sv-live-auf-nozde-50578277\" class=\"link underline-blue\" title=\"\" target=\"_self\" rel=\"nofollow noopener\">(im noz-Livestream)<\/a> in der 65. Folge von \u201eRasenschnack \u2013 Dein SV Meppen Podcast\u201c auf die dramatischen Aufstiegsspiele 2017 gegen den SV Waldhof Mannheim zur\u00fcck.\n            <\/p>\n<p>            Gute Erinnerungen an die Aufstiegsspiele gegen Waldhof Mannheim<\/p>\n<p class=\"\">\n                    \u201eWas mir als Erstes in den Kopf schie\u00dft, ist eigentlich die Situation, als Mirco Born sich den Ball beim Elfmeterschie\u00dfen hinlegt\u201c, sagt der Ex-Meppener. Sein damaliger Teamkollege verwandelte sicher oben rechts. Danach traf Mannheims Sebastian G\u00e4rtner den Pfosten, womit der Meppener Aufstieg perfekt war. \u201eDas gucke ich mir tats\u00e4chlich oft noch an, weil es einfach sch\u00f6ne Erinnerungen sind\u201c, sagt der Aufstiegsheld, der zudem \u00fcber die Hin- und R\u00fcckfahrt nach Mannheim, \u00fcber den Druck in den Relegationsspielen und \u00fcber den damaligen Teamgeist spricht.\n            <\/p>\n<p class=\"\">\n                    Darin sieht er auch eine Parallele zur heutigen Mannschaft. \u201eDas, was man mitbekommt, ist einfach so, dass es ein Teamgef\u00fcge ist. Ich glaube, dass das der ausschlaggebende Punkt ist. Wenn das Team funktioniert und es im Team passt, dann kannst du jeden schlagen.\u201c Das hat der SVM diese Saison sehr h\u00e4ufig geschafft und auch vor heimischer Kulisse Spiele noch sp\u00e4t gedreht. Wie wichtig der Heimvorteil und die Fans sind, die die Mannschaft besonders in der Schlussphase pushen k\u00f6nnen, wei\u00df Kleinsorge. \u201eWenn du kurz vor Schluss einen Anschlusstreffer oder einen Ausgleich erzielst, dann nimmst du das Stadion mit. Am Ende ist es daf\u00fcr auch bekannt. Und es spricht einfach grunds\u00e4tzlich f\u00fcr die Mannschaft, dass sie jederzeit daran glaubt, ein Spiel noch drehen zu k\u00f6nnen. Irgendwann ist das kein Matchgl\u00fcck mehr, sondern eine gewisse Qualit\u00e4t.\u201c\n            <\/p>\n<p>            Marius Kleinsorge hatte Disput mit Ernst Middendorp<\/p>\n<p class=\"\">\n                    Dar\u00fcber hinaus spricht Kleinsorge \u00fcber seine Karriere. Er erkl\u00e4rt, warum er den Wechsel zum 1. FC Kaiserslautern bereut und bezeichnet das halbe Jahr in Essen, das mit dem Aufstieg in die 3. Liga endete, als seine zweitsch\u00f6nste Zeit nach seiner Zeit in Meppen. Zudem spricht er \u00fcber die Abstiegssaison 2022\/2023, \u00fcber den einen oder anderen Disput mit dem damaligen Trainer Ernst Middendorp und dar\u00fcber, dass er vor drei Jahren eigentlich gerne beim SVM geblieben w\u00e4re.\n            <\/p>\n<p>\n                                Marius Kleinsorge mit seinem damaligen Mannschaftskollegen Mirco Born (links).<br \/>\n                            Archivfoto: Picturepower\/Werner Scholz<\/p>\n<p><img decoding=\"async\" src=\"https:\/\/www.europesays.com\/de\/wp-content\/uploads\/2026\/05\/8b39729cb2ab5d4f88c70859f6989403.jpg\" title=\"Marius Kleinsorge mit seinem damaligen Mannschaftskollegen Mirco Born (links).\" alt=\"Marius Kleinsorge mit seinem damaligen Mannschaftskollegen Mirco Born (links).\" class=\"lightbox__single-image__content__image-wrapper__img\" loading=\"lazy\" width=\"375\" height=\"210\"\/>Icon MaximizeIcon Lightbox Maximize<\/p>\n<p>SchliessenX ZeichenKleines Zeichen welches ein X symbolisiert<\/p>\n<p><img decoding=\"async\" class=\"lightbox--enabled__container__image-wrapper__img\" src=\"\" alt=\"\"\/><\/p>\n<p>            \u201eRasenschnack\u201c auch bei Spotify, Apple Podcasts oder Amazon Music<\/p>\n<p class=\"\">\n                    Zu finden ist der kostenlose <a href=\"https:\/\/www.noz.de\/audiothek\/svm-podcast\" class=\"link underline-blue\" title=\"\" target=\"_self\" rel=\"nofollow noopener\">\u201eRasenschnack \u2013 Dein SV Meppen Podcast\u201c<\/a> in den Audiotheken der noz, also in der News App und der Premium App, sowie im Web auf <a href=\"https:\/\/www.noz.de\/audiothek\" class=\"link underline-blue\" title=\"\" target=\"_self\" rel=\"nofollow noopener\">noz.de\/audiothek<\/a> und auf allen g\u00e4ngigen Streamingplattformen wie Spotify, Apple Podcasts oder Amazon Music.\n            <\/p>\n<p>            Podcast \u00fcber den SV Meppen erscheint alle 14 Tage donnerstags<\/p>\n<p class=\"\">\n                    In \u201eRasenschnack\u201c treffen sich die zwei Emslandsportredakteure Dieter Kremer und Christoph Schillingmann alle 14 Tage donnerstags auf einen Schnack mit dem aktuellen Meppener Kader, dem Trainer-Team, Ex-Spielern oder anderen Wegbegleitern des Vereins. Mal privat, mal witzig. Immer informativ und unterhaltsam.\n            <\/p>\n","protected":false},"excerpt":{"rendered":"Marius Kleinsorge ist vor neun Jahren mit dem SV Meppen in die 3. Liga aufgestiegen. Nun stehen die&hellip;\n","protected":false},"author":2,"featured_media":986518,"comment_status":"","ping_status":"","sticky":false,"template":"","format":"standard","meta":{"footnotes":"","_share_on_mastodon":"0"},"categories":[1845],"tags":[7974,2483,231,1634,3364,26996,29,17069,548,663,3934,347,30,13,15352,2096,23641,14,15,12,213435,25243,5843,17594],"class_list":["post-986517","post","type-post","status-publish","format-standard","has-post-thumbnail","category-mannheim","tag-1-fc-kaiserslautern","tag-amazon","tag-apple","tag-baden-wuerttemberg","tag-de","tag-deutsche-meisterschaften","tag-deutschland","tag-ernst-middendorp","tag-eu","tag-europa","tag-europe","tag-fussball","tag-germany","tag-headlines","tag-kaiserslautern","tag-mannheim","tag-meppen","tag-nachrichten","tag-news","tag-schlagzeilen","tag-sebastian-gaertner","tag-sv-meppen","tag-trainer","tag-waldhof-mannheim"],"share_on_mastodon":{"url":"https:\/\/pubeurope.com\/@de\/116498887355706278","error":""},"_links":{"self":[{"href":"https:\/\/www.europesays.com\/de\/wp-json\/wp\/v2\/posts\/986517","targetHints":{"allow":["GET"]}}],"collection":[{"href":"https:\/\/www.europesays.com\/de\/wp-json\/wp\/v2\/posts"}],"about":[{"href":"https:\/\/www.europesays.com\/de\/wp-json\/wp\/v2\/types\/post"}],"author":[{"embeddable":true,"href":"https:\/\/www.europesays.com\/de\/wp-json\/wp\/v2\/users\/2"}],"replies":[{"embeddable":true,"href":"https:\/\/www.europesays.com\/de\/wp-json\/wp\/v2\/comments?post=986517"}],"version-history":[{"count":0,"href":"https:\/\/www.europesays.com\/de\/wp-json\/wp\/v2\/posts\/986517\/revisions"}],"wp:featuredmedia":[{"embeddable":true,"href":"https:\/\/www.europesays.com\/de\/wp-json\/wp\/v2\/media\/986518"}],"wp:attachment":[{"href":"https:\/\/www.europesays.com\/de\/wp-json\/wp\/v2\/media?parent=986517"}],"wp:term":[{"taxonomy":"category","embeddable":true,"href":"https:\/\/www.europesays.com\/de\/wp-json\/wp\/v2\/categories?post=986517"},{"taxonomy":"post_tag","embeddable":true,"href":"https:\/\/www.europesays.com\/de\/wp-json\/wp\/v2\/tags?post=986517"}],"curies":[{"name":"wp","href":"https:\/\/api.w.org\/{rel}","templated":true}]}}