{"id":986572,"date":"2026-05-01T11:13:31","date_gmt":"2026-05-01T11:13:31","guid":{"rendered":"https:\/\/www.europesays.com\/de\/986572\/"},"modified":"2026-05-01T11:13:31","modified_gmt":"2026-05-01T11:13:31","slug":"dynamo-dresden-oehmichen-heiss-begehrt-jetzt-redet-sportchef-gonther-sport","status":"publish","type":"post","link":"https:\/\/www.europesays.com\/de\/986572\/","title":{"rendered":"Dynamo Dresden: Oehmichen hei\u00df begehrt! Jetzt redet Sportchef Gonther | Sport"},"content":{"rendered":"<p><a class=\"skip-content skip-content--link\" href=\"#in-content-skip-link-target-v-0-0\">TTS-Player \u00fcberspringen\u21b5<\/a><a id=\"in-content-skip-link-target-v-0-0\" class=\"skip-content--target-link-hidden skip-content skip-content--target-link\" href=\"#in-content-skip-link-target-v-0-0\">Artikel weiterlesen<\/a><\/p>\n<p><b>Dynamo Dresden muss im Sommer nicht nur Leihspieler wieder abgeben, es kommen auch ausgeliehene Profis zur\u00fcck. Der interessanteste Fall ist zweifellos Jonas Oehmichen (22). Der Offensivmann explodierte regelrecht bei Drittligist Alemannia Aachen. <\/b><\/p>\n<p>Das Eigengew\u00e4chs schoss in bisher 12 Spielen zwei Tore und legte vier auf, zieht im Zentrum der Aachener eindrucksvoll die F\u00e4den. Dabei \u00fcberzeugt er mit \u00dcbersicht, starker Technik und enormer Laufleistung. In der Branche z\u00e4hlt Oehmichen inzwischen zu den drei besten Drittliga-Kickern. Das weckt nat\u00fcrlich Begehrlichkeiten. Aachen will Oehmichen unbedingt halten, das hat Sportchef Rachid Azzouzi in Dresden hinterlegt.<\/p>\n<p>Mehr zum Thema<\/p>\n<p>Auch mehrere Zweitligisten sollen den geb\u00fcrtigen Dresdner inzwischen auf dem Zettel haben. Doch wie sieht Dynamos Sportchef die Situation? \u201eEs war grunds\u00e4tzlich unsere Vorstellung, dass die Leihe von Oehmi f\u00fcr alle Seiten ein Erfolg sein kann. Sowohl f\u00fcr Aachen in dieser Saison, als auch f\u00fcr den Spieler mit der n\u00f6tigen Spielzeit sowie f\u00fcr uns als Verein\u201c, erkl\u00e4rt S\u00f6ren Gonther auf BILD-Nachfrage.<\/p>\n<p>Die Rechnung ging voll auf. Und genau deshalb beendet Gonther Spekulationen, Oehmichen k\u00f6nnte ein weiteres Mal verliehen oder gar verkauft werden: \u201eWir werden im Sommer einen Spieler zur\u00fcck in Dresden begr\u00fc\u00dfen k\u00f6nnen, der mit Spielpraxis und Selbstvertrauen ausgestattet ist.\u201c<\/p>\n<p>R\u00fcckkehr klar \u2013 Position offen<\/p>\n<p>Spannend wird sein, auf welcher Position er nach seiner R\u00fcckkehr wirbeln kann. Vor seinem Wechsel wurde Oehmichen meist auf der Au\u00dfenbahn eingesetzt, bei der Alemannia \u00fcberzeugte er im Zentrum. Dort ist bei der SGD aber Niklas Hauptmann gesetzt.<\/p>\n<p>Eine M\u00f6glichkeit w\u00e4re \u2013 so wie in Aachen \u2013 die Position dahinter. Denn im defensiven Mittelfeld drohen zum Saisonende mit Robert Wagner und Kofi Amoako die Abg\u00e4nge zweier Stammspieler. So oder so: Ein Jonas Oehmichen in der aktuellen Form hilft den Dresdnern definitiv weiter \u2013 egal, wo ihn Trainer Thomas Stamm am Ende einsetzt. <\/p>\n","protected":false},"excerpt":{"rendered":"TTS-Player \u00fcberspringen\u21b5Artikel weiterlesen Dynamo Dresden muss im Sommer nicht nur Leihspieler wieder abgeben, es kommen auch ausgeliehene Profis&hellip;\n","protected":false},"author":2,"featured_media":986573,"comment_status":"","ping_status":"","sticky":false,"template":"","format":"standard","meta":{"footnotes":"","_share_on_mastodon":"0"},"categories":[1835],"tags":[621,995,999,33305,3364,29,2386,3766,347,30,859,803,3460,30473,11373,14464],"class_list":["post-986572","post","type-post","status-publish","format-standard","has-post-thumbnail","category-dresden","tag-2-bundesliga","tag-3-liga","tag-alemannia-aachen","tag-azzouzi-rachid","tag-de","tag-deutschland","tag-dresden","tag-dynamo-dresden","tag-fussball","tag-germany","tag-sachsen","tag-spielertransfer","tag-sport-leuchtturm-leipzig","tag-sportdirektor","tag-talent","tag-wintertransfer"],"share_on_mastodon":{"url":"https:\/\/pubeurope.com\/@de\/116499029009783293","error":""},"_links":{"self":[{"href":"https:\/\/www.europesays.com\/de\/wp-json\/wp\/v2\/posts\/986572","targetHints":{"allow":["GET"]}}],"collection":[{"href":"https:\/\/www.europesays.com\/de\/wp-json\/wp\/v2\/posts"}],"about":[{"href":"https:\/\/www.europesays.com\/de\/wp-json\/wp\/v2\/types\/post"}],"author":[{"embeddable":true,"href":"https:\/\/www.europesays.com\/de\/wp-json\/wp\/v2\/users\/2"}],"replies":[{"embeddable":true,"href":"https:\/\/www.europesays.com\/de\/wp-json\/wp\/v2\/comments?post=986572"}],"version-history":[{"count":0,"href":"https:\/\/www.europesays.com\/de\/wp-json\/wp\/v2\/posts\/986572\/revisions"}],"wp:featuredmedia":[{"embeddable":true,"href":"https:\/\/www.europesays.com\/de\/wp-json\/wp\/v2\/media\/986573"}],"wp:attachment":[{"href":"https:\/\/www.europesays.com\/de\/wp-json\/wp\/v2\/media?parent=986572"}],"wp:term":[{"taxonomy":"category","embeddable":true,"href":"https:\/\/www.europesays.com\/de\/wp-json\/wp\/v2\/categories?post=986572"},{"taxonomy":"post_tag","embeddable":true,"href":"https:\/\/www.europesays.com\/de\/wp-json\/wp\/v2\/tags?post=986572"}],"curies":[{"name":"wp","href":"https:\/\/api.w.org\/{rel}","templated":true}]}}