{"id":986630,"date":"2026-05-01T11:45:26","date_gmt":"2026-05-01T11:45:26","guid":{"rendered":"https:\/\/www.europesays.com\/de\/986630\/"},"modified":"2026-05-01T11:45:26","modified_gmt":"2026-05-01T11:45:26","slug":"goldraub-gefaengnis-und-musik-xatars-spuren-im-deutschrap","status":"publish","type":"post","link":"https:\/\/www.europesays.com\/de\/986630\/","title":{"rendered":"Goldraub, Gef\u00e4ngnis und Musik: Xatars Spuren im Deutschrap"},"content":{"rendered":"<p>            <img loading=\"lazy\" decoding=\"async\" class=\"ts-image\" src=\"https:\/\/www.europesays.com\/de\/wp-content\/uploads\/2026\/05\/xatar-158.jpg\" alt=\"Xatar\" title=\"Xatar | NDR\/Film Five\/Jesse Mazuch\"\/><\/p>\n<p class=\"metatextline\">Stand: 01.05.2026 \u2022 10:57 Uhr<\/p>\n<p class=\"article-head__shorttext\">\n        <strong>Besonders f\u00fcr migrantische Gruppen galt Xatar als Identifikationsfigur. Vor einem Jahr starb der Rapper unerwartet. Warum er eine der pr\u00e4gendsten und umstrittensten Figuren des Deutschraps war. <\/strong>\n    <\/p>\n<p class=\"textabsatz m-ten m-offset-one l-eight l-offset-two columns twelve\">Sein Tod sorgte f\u00fcr Ersch\u00fctterung in der deutschen Hip-Hop-Welt. Giwar Hajabi alias Xatar starb am 7. Mai 2025 unerwartet. In wenigen Tagen j\u00e4hrt sich sein Todestag erstmals. Besonders f\u00fcr migrantische Gruppen galt der Rapper und Unternehmer als Identifikationsfigur. Doch wer war Xatar wirklich?<\/p>\n<p class=\"textabsatz m-ten m-offset-one l-eight l-offset-two columns twelve\">Gangsterrapper Xatar, b\u00fcrgerlich Giwar Hajabi, war eine der pr\u00e4gendsten und gleichzeitig umstrittensten Figuren des Deutschraps. 2011 verurteilte ihn das Landgericht Stuttgart zu acht Jahren Haft aufgrund eines Goldraubs in Millionenh\u00f6he. Sein kriminelles Image machte er zu seinem Markenzeichen.<\/p>\n<ul class=\"buttongroup buttongroup--copytext\">\n<li class=\"buttongroup__item\">\n<p>    <a class=\"btn btn--text btn--standard-secondary btn--fullwidth\" href=\"https:\/\/www.ardmediathek.de\/serie\/xatar-ein-leben-ist-nicht-genug\/staffel-1\/Y3JpZDovL25kci5kZS81MTc0\/1\" rel=\"nofollow noopener\" target=\"_blank\"><br \/>\n        XATAR \u2013 Ein Leben ist nicht genug<\/p>\n<p>  Pfeil rechts<\/p>\n<p>    <\/a>\n<\/li>\n<\/ul>\n<p>    Ehefrau \u00e4u\u00dfert sich in Dokumentarfilm<\/p>\n<p class=\"textabsatz m-ten m-offset-one l-eight l-offset-two columns twelve\">Ein Jahr nach dem pl\u00f6tzlichen Tod des 43-J\u00e4hrigen beleuchtet die ARD-Dokumentation &#8222;XATAR &#8211; Ein Leben ist nicht genug&#8220; die Person hinter dem \u00f6ffentlichen Bild des K\u00fcnstlers. Die Dreharbeiten begannen bereits zu Lebzeiten. Neben Weggef\u00e4hrten und Szene-Gr\u00f6\u00dfen wie Apache 207, Moritz Bleibtreu, SSIO, Farid Bang und vielen mehr \u00e4u\u00dfert sich auch seine Ehefrau Farvah Hajabi erstmals zu ihrer Beziehung mit dem Rapper sowie dessen Todesursache.<\/p>\n<p>    Xatar hei\u00dft \u00fcbersetzt &#8222;Gefahr&#8220;<\/p>\n<p class=\"textabsatz m-ten m-offset-one l-eight l-offset-two columns twelve\">Zwischen Goldraub, mehrfacher Flucht und waghalsigen Investitionen tr\u00e4umte Giwar Hajabi gro\u00df. Eine Eigenschaft, die seine Ehefrau immer sehr an ihm sch\u00e4tzte, wie sie in der Doku erz\u00e4hlt, die seit dem 1. Mai in der ARD-Mediathek abrufbar ist. Xatar wollte mehr. Endlich raus aus der Armut. Ein erf\u00fclltes Leben.<\/p>\n<p class=\"absatzbild__info__text\">\n                        Die Ursache f\u00fcr Xatars pl\u00f6tzlichen Tod galt bisher als unbekannt. In der Doku kl\u00e4rt seine Witwe Farvah Hajabi erstmals auf: &#8222;Herzstillstand&#8220;.\n                    <\/p>\n<p class=\"textabsatz m-ten m-offset-one l-eight l-offset-two columns twelve\">All diese Erfahrungen hatte ihm seine Kindheit verwehrt. Geboren in der iranischen Provinz Kurdistans, folgte mit nicht einmal zwei Jahren die Festnahme der Familie durch das irakische Milit\u00e4r. Xatars Eltern waren als Freiheitsk\u00e4mpfer aktiv. Die Folge: Gef\u00e4ngnis und Folter. In Interviews sagte Hajabi immer wieder, dass er diese Bilder nie habe vergessen k\u00f6nnen. Das Rote Kreuz habe die Familie gerettet und ihnen geholfen, Asyl in Bonn zu finden, erz\u00e4hlte er sp\u00e4ter.<\/p>\n<p>    Von der Stra\u00dfe in die Charts<\/p>\n<p class=\"textabsatz m-ten m-offset-one l-eight l-offset-two columns twelve\">Inmitten des Sozialbaus im Bonner Stadtteil Br\u00fcser Berg geriet Giwar Hajabi schnell in einen Kreislauf aus Drogenhandel und illegalen Gesch\u00e4ften. Der Vater verlie\u00df die Familie, die Mutter ging arbeiten, um die Kinder zu versorgen. Auf dem Gymnasium galt Xatar nach eigener Aussage als Au\u00dfenseiter &#8211; er war der &#8222;Asi&#8220;. Soziale Armut und das Gef\u00fchl, ungerecht behandelt zu werden, h\u00e4tten ihn in die Kriminalit\u00e4t gef\u00fchrt, sagte er. Immer dabei: die Musik.<\/p>\n<p class=\"textabsatz m-ten m-offset-one l-eight l-offset-two columns twelve\">Bereits Ende der 1990er-Jahre begann er, unter dem Pseudonym Xatar zu rappen und Beats zu produzieren. In der Musik verarbeitete er Erfahrungen und Emotionen. Seine kurdische Herkunft stellte er dabei von Beginn an in den Mittelpunkt.<\/p>\n<p>    Mit Solo-Alben an die Spitze<\/p>\n<p class=\"textabsatz m-ten m-offset-one l-eight l-offset-two columns twelve\">Mit zwei seiner Soloalben erreichte der Bonner Platz eins der deutschen Albumcharts. Er gr\u00fcndete mehrere Musiklabels und f\u00f6rderte heutige Rap-Gr\u00f6\u00dfen wie SSIO, Schwesta Ewa, Eno oder Mero.<\/p>\n<p class=\"textabsatz m-ten m-offset-one l-eight l-offset-two columns twelve\">Trotz der immer wiederkehrenden Kritik, Xatar glorifiziere seine kriminelle Vergangenheit, verhalf ihm diese, zu einer der pr\u00e4gendsten Pers\u00f6nlichkeiten im Deutschrap-Kosmos zu werden. Er schaffte es, die Grenzen zwischen Stra\u00dfenrealit\u00e4t, Entertainment und Unternehmertum verschwimmen zu lassen und f\u00fcr sich zu nutzen.<\/p>\n<p>    Mehr als nur ein Goldr\u00e4uber aus Bonn?<\/p>\n<p class=\"textabsatz m-ten m-offset-one l-eight l-offset-two columns twelve\">Als kurdischst\u00e4mmiger Jugendlicher fehlten Giwar Hajabi die Identifikationsfiguren. Kurde? Was sollte das sein? Er selbst wollte etwas ver\u00e4ndern &#8211; mit seiner Musik, aber besonders dem, was er nach au\u00dfen trug. Xatar habe Menschen mit Migrationsgeschichte Mut geben wollen, ihre Stimme zu nutzen, zitiert ihn seine Frau Farvah Hajabi in der ARD-Doku.<\/p>\n<p class=\"textabsatz m-ten m-offset-one l-eight l-offset-two columns twelve\">Ein gro\u00dfer Teil der Jugendlichen f\u00fchlte sich von K\u00fcnstlern wie Xatar vertreten. Laut <a href=\"https:\/\/www.tagesschau.de\/multimedia\/audio\/audio-3219256.html\" title=\"Mit Schwesternschaft Deutschland ver\u00e4ndern: T\u00fclin und D\u00fczen Tekkal im Gespr\u00e4ch\" rel=\"nofollow noopener\" target=\"_blank\">Menschenrechtsaktivistin D\u00fczen Tekkal<\/a> identifizierten sie sich mit Personen wie ihm mehr als mit Teilen der deutschen Mehrheitsgesellschaft.<\/p>\n<p class=\"absatzbild__info__text\">\n                        Hajabis Wunsch nach einem besseren Leben f\u00fchrte ihn in ein Burnout, einen Schlaganfall sowie den finanziellen und wirtschaftlichen Bankrott.\n                    <\/p>\n<p class=\"textabsatz m-ten m-offset-one l-eight l-offset-two columns twelve\">Doch nicht nur dort wollte er etwas bewegen. Auch in seinem famili\u00e4ren Umfeld: &#8222;Mein Ziel war immer, dass ich wei\u00df, dass meine Kinder auch dar\u00fcber nachdenken k\u00f6nnen, Biologen zu werden, weil sie nicht dar\u00fcber nachdenken m\u00fcssen, Geld zu verdienen.&#8220;<\/p>\n<p class=\"textabsatz m-ten m-offset-one l-eight l-offset-two columns twelve\">Eine Erkenntnis, von der Giwar Hajabi elf Monate vor seinem Tod erz\u00e4hlte, als ihn Autor Falk Schacht im Rahmen der Dreharbeiten zu &#8222;XATAR &#8211; Ein Leben ist nicht genug&#8220; traf. Dieses Ziel sollte ihm im sp\u00e4teren Verlauf seines Lebens zum Verh\u00e4ngnis werden.<\/p>\n<p>    Von Millionendeals zum wirtschaftlichen Totalschaden<\/p>\n<p class=\"textabsatz m-ten m-offset-one l-eight l-offset-two columns twelve\">Musiker wie Apache 207 berichten im Rahmen der Dokumentation davon, wie bezeichnend es gewesen sei, dass Xatars Musik es durch dessen Inszenierung schon fr\u00fch von Bonn bis nach Ludwigshafen &#8211; Apaches Heimat &#8211; schaffte.<\/p>\n<p class=\"textabsatz m-ten m-offset-one l-eight l-offset-two columns twelve\">Um oben zu bleiben, schloss Hajabi einen Deal, eine Business-Idee, ein Investment nach dem anderen ab. Er verstand es, sich zu vermarkten &#8211; sei es durch virale Memes, Marketing-Stunts oder sein siebenst\u00f6ckiges Hochhaus am K\u00f6lner Barbarossa Platz, der &#8222;Goldmann Tower&#8220;, inklusive eigenem Label.<\/p>\n<p class=\"textabsatz m-ten m-offset-one l-eight l-offset-two columns twelve\">Dies sollte das gr\u00f6\u00dfte Imperium der Deutschrap-Geschichte werden, erz\u00e4hlte Xatar im Interview des ARD-Hip-Hop-Formats &#8222;Deutschrap ideal&#8220;. Gleichzeitig wurden Stimmen ehemaliger K\u00fcnstler, die dort unter Vertrag standen, laut. Sie warfen ihrem Labelchef Knebelvertr\u00e4ge und chaotische Zust\u00e4nde im Gesch\u00e4ftsumfeld vor. Rapper Ra&#8217;is beispielsweise beschrieb das &#8222;Goldmann&#8220;-Label als Alcatraz.<\/p>\n<p class=\"absatzbild__info__text\">\n                        Rapper und Musiker Apache 207 wurde schon fr\u00fch von Xatar und dessen Musik beeinflusst, wie er in der ARD-Doku &#8222;XATAR &#8211; Ein Leben ist nicht genug&#8220; berichtet.\n                    <\/p>\n<p>    Xatars Erbe im Deutschrap<\/p>\n<p class=\"textabsatz m-ten m-offset-one l-eight l-offset-two columns twelve\">Hajabis Aufwachsen in Armut fungierte dabei als Motor. Sein Arbeitseifer resultierte vor allem aus dem Wunsch, seiner Familie ein besseres Leben zu erm\u00f6glichen. Nach eigener Darstellung ein Fluch und Segen zugleich. So m\u00fcndete seine Karriere in schlaflosen N\u00e4chten, einem ersten Schlaganfall und mehreren Insolvenzen. W\u00e4hrend das Business zerfiel, wuchs seine Familie zusammen, indem er sich gesundheitlich erholte und mehr Zeit im Privaten verbrachte.<\/p>\n<p class=\"textabsatz m-ten m-offset-one l-eight l-offset-two columns twelve\">Umso \u00fcberraschender sein pl\u00f6tzlicher Tod. Die Ursache galt bisher als unbekannt. In der Doku kl\u00e4rt seine Ehefrau Farvah Hajabi erstmals auf: &#8222;Herzstillstand&#8220;.<\/p>\n<p>    Tribute-Konzert in K\u00f6ln mit Peter Fox, SSIO, Schwesta EWA<\/p>\n<p class=\"textabsatz m-ten m-offset-one l-eight l-offset-two columns twelve\">Was bleibt, ist das, was man im Deutschrap &#8222;Legacy&#8220; nennt. Xatar hat den deutschen Hip-Hop ver\u00e4ndert. Durch seine Kompromisslosigkeit, sein Unternehmertum und seine Mentalit\u00e4t als M\u00f6glichmacher.<\/p>\n<p class=\"textabsatz m-ten m-offset-one l-eight l-offset-two columns twelve\">Seinen Einfluss zeigt auch das &#8222;Tribute to Xatar&#8220;-Konzert, welches seine Familie und Musik-Kollegen im Rahmen seines ersten Todestages am 7. Mai 2026 veranstalten. Szene-Gr\u00f6\u00dfen wie Haftbefehl, Peter Fox, SSIO, Farid Bang, Schwesta Ewa und viele mehr versammeln sich in der Lanxess Arena K\u00f6ln, um das Lebenswerk des K\u00fcnstlers zu ehren.<\/p>\n","protected":false},"excerpt":{"rendered":"Stand: 01.05.2026 \u2022 10:57 Uhr Besonders f\u00fcr migrantische Gruppen galt Xatar als Identifikationsfigur. Vor einem Jahr starb der&hellip;\n","protected":false},"author":2,"featured_media":986631,"comment_status":"","ping_status":"","sticky":false,"template":"","format":"standard","meta":{"footnotes":"","_share_on_mastodon":"0"},"categories":[1772],"tags":[29,214,30,15408,1779,810,2138,215,39321],"class_list":["post-986630","post","type-post","status-publish","format-standard","has-post-thumbnail","category-musik","tag-deutschland","tag-entertainment","tag-germany","tag-hip-hop","tag-music","tag-musik","tag-rap","tag-unterhaltung","tag-xatar"],"share_on_mastodon":{"url":"https:\/\/pubeurope.com\/@de\/116499154964383576","error":""},"_links":{"self":[{"href":"https:\/\/www.europesays.com\/de\/wp-json\/wp\/v2\/posts\/986630","targetHints":{"allow":["GET"]}}],"collection":[{"href":"https:\/\/www.europesays.com\/de\/wp-json\/wp\/v2\/posts"}],"about":[{"href":"https:\/\/www.europesays.com\/de\/wp-json\/wp\/v2\/types\/post"}],"author":[{"embeddable":true,"href":"https:\/\/www.europesays.com\/de\/wp-json\/wp\/v2\/users\/2"}],"replies":[{"embeddable":true,"href":"https:\/\/www.europesays.com\/de\/wp-json\/wp\/v2\/comments?post=986630"}],"version-history":[{"count":0,"href":"https:\/\/www.europesays.com\/de\/wp-json\/wp\/v2\/posts\/986630\/revisions"}],"wp:featuredmedia":[{"embeddable":true,"href":"https:\/\/www.europesays.com\/de\/wp-json\/wp\/v2\/media\/986631"}],"wp:attachment":[{"href":"https:\/\/www.europesays.com\/de\/wp-json\/wp\/v2\/media?parent=986630"}],"wp:term":[{"taxonomy":"category","embeddable":true,"href":"https:\/\/www.europesays.com\/de\/wp-json\/wp\/v2\/categories?post=986630"},{"taxonomy":"post_tag","embeddable":true,"href":"https:\/\/www.europesays.com\/de\/wp-json\/wp\/v2\/tags?post=986630"}],"curies":[{"name":"wp","href":"https:\/\/api.w.org\/{rel}","templated":true}]}}