{"id":986792,"date":"2026-05-01T13:26:34","date_gmt":"2026-05-01T13:26:34","guid":{"rendered":"https:\/\/www.europesays.com\/de\/986792\/"},"modified":"2026-05-01T13:26:34","modified_gmt":"2026-05-01T13:26:34","slug":"zwischen-kroatien-und-serbien-australier-gruendet-zwergstaat-auf-dem-balkan","status":"publish","type":"post","link":"https:\/\/www.europesays.com\/de\/986792\/","title":{"rendered":"Zwischen Kroatien und Serbien: Australier gr\u00fcndet Zwergstaat auf dem Balkan"},"content":{"rendered":"<p>Zwischen Kroatien und SerbienAustralier gr\u00fcndet Zwergstaat auf dem Balkan01.05.2026, 14:25 Uhr <img decoding=\"async\" class=\"Image_img__fQCi0\" loading=\"eager\" fetchpriority=\"high\" src=\"https:\/\/www.n-tv.de\/autor-fallback.svg\" alt=\"image\"\/>Von Kevin Schulte<\/p>\n<p>Artikel anh\u00f6ren(07:40 min)<\/p>\n<p><img decoding=\"async\" class=\"Image_img__fQCi0 Image_Img_16_9__4BLfH widget-picture-inline_maximizable__t_E7h\" loading=\"eager\" fetchpriority=\"high\" src=\"https:\/\/www.europesays.com\/de\/wp-content\/uploads\/2026\/05\/VUKOVAR-CROATIA-MAY-11-2018-Croatian-coat-of-arms-called-grb-republike-hrvatske-with-a-mention-of-th.webp\" alt=\"VUKOVAR-CROATIA-MAY-11-2018-Croatian-coat-of-arms-called-grb-republike-hrvatske-with-a-mention-of-the-country-in-ancient-croatian-alphabet-called-glagolitic-script\"\/>Die Flagge der kroatischen Stadt Vukovar (l.) war Vorbild f\u00fcr die Landesflagge von Verdis. (Foto: IMAGO\/Depositphotos)TeilenFolgen auf:<a href=\"https:\/\/www.whatsapp.com\/channel\/0029Va5cdVJD8SDp5YZgYF01\" title=\"Auf WhatsApp folgen\" target=\"_blank\" rel=\"nofollow noopener\"><img decoding=\"async\" src=\"https:\/\/www.n-tv.de\/socialIcons\/whatsapp.svg\" alt=\"whatsapp\" class=\"ArticleShare_icon__FsrC2\"\/><\/a><a href=\"https:\/\/news.google.com\/publications\/CAAiEPMdif5mpRNxiLOeUpHCwwsqFAgKIhDzHYn-ZqUTcYiznlKRwsML?hl=de&amp;gl=DE&amp;ceid=DE%3Ade\" title=\"Auf Google News folgen\" target=\"_blank\" rel=\"nofollow noopener\"><img decoding=\"async\" src=\"https:\/\/www.n-tv.de\/socialIcons\/google.svg\" alt=\"whatsapp\" class=\"ArticleShare_icon__FsrC2\"\/><\/a><\/p>\n<p class=\"Typography_text-m__XI0da Typography_weight-bold__uT6mq storyline_lead_text_leadtext__q_wg8\">An der kroatisch-serbischen Grenze ruft ein 21-j\u00e4hriger Australier vor drei Jahren einen neuen Staat aus. Im Exil treibt Daniel Jackson seinen Traum vom eigenen neutralen Land voran &#8211; ohne Aussicht auf Erfolg, aber schon mit 400 Staatsb\u00fcrgern.<\/p>\n<p class=\"Typography_text-default__P3otY Typography_weight-normal__pqUbH storyline_paragraph_p__qSR5N\">Ein kleiner Landstrich an der Donau, direkt an der kroatisch-serbischen Grenze, so gro\u00df wie ungef\u00e4hr 75 Fu\u00dfballfelder, mit einem selbsternannten Pr\u00e4sidenten aus Australien, der aus dem Exil sein eigenes Land &#8222;regiert&#8220;: Das ist die Slobodna Republika Verdis, die Freie Republik Verdis.<\/p>\n<p class=\"Typography_text-default__P3otY Typography_weight-normal__pqUbH storyline_paragraph_p__qSR5N\">Daniel Jackson hat die Mikronation 2023 ausgerufen. Er ist ein geb\u00fcrtiger Australier, lebt aber mittlerweile in Gro\u00dfbritannien. Schon mit 14 Jahren hatte er die Idee, einen eigenen Zwergstaat zu gr\u00fcnden. Vier Jahre sp\u00e4ter hat er seinen Traum wahr gemacht. Zusammen mit Freunden hat er nach herrenlosem Land gesucht, das niemand beansprucht. Sie haben dann einen winzigen Zipfel Land an der Donau zwischen Serbien und Kroatien gefunden.\u00a0<\/p>\n<p class=\"Typography_text-default__P3otY Typography_weight-normal__pqUbH storyline_paragraph_p__qSR5N\">Ziel von Jackson und seinen Mitstreitern war es, einen neutralen Staat zu gr\u00fcnden, &#8222;als Knotenpunkt f\u00fcr NGOs und Zwischenh\u00e4ndler anderer L\u00e4nder&#8220;, <a class=\"inline_link\" href=\"https:\/\/www.youtube.com\/watch?v=r8_9_XpKbRg\" target=\"_blank\" rel=\"nofollow noopener\">sagte<\/a> Jackson im Interview bei NBC News. Involviert gewesen seien Menschen, die humanit\u00e4re Hilfe f\u00fcr die Ukraine geleistet haben. &#8222;Wir wollten dann etwas machen, das gr\u00f6\u00dfer ist, als einfach nur ein Land zu unterst\u00fctzen.&#8220;<\/p>\n<p>Dauerhaftes Einreiseverbot f\u00fcr &#8222;Staatspr\u00e4sident&#8220;<\/p>\n<p class=\"Typography_text-default__P3otY Typography_weight-normal__pqUbH storyline_paragraph_p__qSR5N\">2023 riefen Jackson und seine Unterst\u00fctzer am Donau-Ufer die Freie Republik Verdis aus. Sie hissten die blau-wei\u00df-blaue Fahne, die an die Flagge Argentiniens erinnert; nur ohne die Sonne in der Mitte. Die Gr\u00fcnder haben sich von der Flagge der kroatischen Stadt Vukovar in der N\u00e4he inspirieren lassen, <a class=\"inline_link\" href=\"https:\/\/www.euractiv.com\/news\/croatia-vs-verdis-the-eus-strangest-eastern-border-spat\/\" target=\"_blank\" rel=\"nofollow noopener\">erkl\u00e4rte<\/a> Jackson im Interview mit dem Nachrichtenportal Euractiv. &#8222;Das Blau unten steht f\u00fcr die Donau, das Wei\u00df in der Mitte f\u00fcr Frieden, Einheit und Modernisierung, und das Blau oben f\u00fcr den klaren Himmel.&#8220; <\/p>\n<p class=\"Typography_text-default__P3otY Typography_weight-normal__pqUbH storyline_paragraph_p__qSR5N\">Auch ein Staatswappen gibt es: Der Wei\u00dfstorch ist ein in der Region heimischer Vogel und steht f\u00fcr Widerstandsf\u00e4higkeit und Frieden, erkl\u00e4rt der &#8222;Staatsgr\u00fcnder&#8220;. Die Eiche symbolisiere St\u00e4rke und Einheit, die Wellenlinien st\u00fcnden f\u00fcr die Donau.<\/p>\n<\/p>\n<p class=\"Typography_text-default__P3otY Typography_weight-normal__pqUbH storyline_paragraph_p__qSR5N\">Die Idee der Utopisten-Gruppe klingt romantisch, l\u00e4sst sich aber nicht umsetzen. Das haben er und seine Mitstreiter schnell erfahren m\u00fcssen. Kurz nach der &#8222;Staatsgr\u00fcndung&#8220; fingen sie an, eine Siedlung zu bauen. Nach wenigen Tagen schickte die kroatische Regierung Polizisten in das Gebiet. &#8222;Sie haben uns alle festgenommen und nach Kroatien gebracht. Die meisten Siedler haben ein dreimonatiges Einreiseverbot bekommen, mir wurde ein dauerhaftes Einreiseverbot f\u00fcr Kroatien erteilt. Aber sie konnten uns keinen Grund nennen&#8220;, erz\u00e4hlt Jackson bei NBC News.<\/p>\n<p class=\"Typography_text-default__P3otY Typography_weight-normal__pqUbH storyline_paragraph_p__qSR5N\">Die Siedlergruppe dachte, sie h\u00e4tte Niemandsland gefunden, das sie f\u00fcr sich beanspruchen kann. Doch in Wahrheit gibt es keinen Ort auf der Welt, der zu keinem offiziellen Staat geh\u00f6rt. Auch Verdis war kein wei\u00dfer Flecken auf der Landkarte, bevor die Jackson-Gruppe ihre eigene Mini-Republik ausgerufen hat. V\u00f6lkerrechtlich geh\u00f6rt Verdis zu Kroatien.<\/p>\n<p>Komplizierte Situation an der Grenze<\/p>\n<p class=\"Typography_text-default__P3otY Typography_weight-normal__pqUbH storyline_paragraph_p__qSR5N\">Warum marschiert Kroatien dann nicht mit ein paar Soldaten ein und holt sich das unrechtm\u00e4\u00dfig okkupierte St\u00fcck Land zur\u00fcck? Weil das wegen des umstrittenen Grenzverlaufs zwischen Kroatien und Serbien nicht so einfach ist.\u00a0Beide L\u00e4nder geh\u00f6rten bis in die 1990er-Jahre zum Vielv\u00f6lkerstaat Jugoslawien.<\/p>\n<p class=\"Typography_text-default__P3otY Typography_weight-normal__pqUbH storyline_paragraph_p__qSR5N\">Insgesamt ist die serbisch-kroatische Grenze 217 Kilometer lang, 137 Kilometer verlaufen\u00a0durch die Donau. Und genau da wird es kompliziert. Beide L\u00e4nder sind sich nicht einig, wo genau die Grenze verl\u00e4uft. Deshalb bleiben kleine Gebiete \u00fcbrig, die weder Kroatien noch Serbien vollst\u00e4ndig f\u00fcr sich beanspruchen.<\/p>\n<p class=\"Typography_text-default__P3otY Typography_weight-normal__pqUbH storyline_paragraph_p__qSR5N\">Aber die Tatsache, dass eine exakte Grenzziehung noch aussteht, macht Verdis nicht zum Niemandsland, so das kroatische Innenministerium gegen\u00fcber Euractiv. Verdis sei\u00a0&#8222;kein herrenloses Gebiet, sondern Teil eines ungel\u00f6sten Grenzstreits und stehe daher nicht zur Besetzung offen&#8220;. Einfacher ausgedr\u00fcckt: Man kann nicht einfach nach Verdis kommen und einen Staat ausrufen, wie es Daniel Jackson und seine Freunde gemacht haben.<\/p>\n<p><img decoding=\"async\" class=\"Image_img__fQCi0 Image_Img_16_9__4BLfH widget-picture-inline_maximizable__t_E7h\" loading=\"lazy\" src=\"https:\/\/www.n-tv.de\/logo_grey.svg\" alt=\"Cross-in-memory-of-war-defenders-A-view-of-the-cross-monument-that-says-To-victims-of-war-for-free-Croatia-in-memory-of-croatian-war-defenders-with-flags-hoisted-next-to-it-in-Vukovar-Croatia\"\/>Die Flaggen von Vukovar, Kroatien und Europa. (Foto: IMAGO\/Dreamstime)<\/p>\n<p class=\"Typography_text-default__P3otY Typography_weight-normal__pqUbH storyline_paragraph_p__qSR5N\">Serbien sieht das offenbar nicht so eng. Belgrad habe nie ein Problem mit Verdis gehabt, sagt der Australier. &#8222;Die Situation interessiert Serbien nicht&#8220;. Von serbischer Seite aus kommt Jackson trotzdem nicht besser in seinen eigenen Staat &#8211; auch dort sei er von kroatischen Beh\u00f6rden verjagt worden.<\/p>\n<p>&#8222;Niemandsland&#8220;? Gibt es im V\u00f6lkerrecht nicht<\/p>\n<p class=\"Typography_text-default__P3otY Typography_weight-normal__pqUbH storyline_paragraph_p__qSR5N\">Dass Verdis eines Tages zu einem offiziellen Staat wird, ist realistisch betrachtet ausgeschlossen. Ein souver\u00e4nes Land braucht ein Staatsterritorium, ein Staatsvolk und Staatsgewalt. Und es muss von anderen Staaten anerkannt werden. Das Konzept &#8222;Niemandsland&#8220; existiert im V\u00f6lkerrecht nicht.\u00a0<\/p>\n<p class=\"Typography_text-default__P3otY Typography_weight-normal__pqUbH storyline_paragraph_p__qSR5N\">Daniel Jackson gibt seinen Traum trotzdem nicht auf. Der 21-J\u00e4hrige &#8222;regiert&#8220; seinen &#8222;Staat&#8220; aus Gro\u00dfbritannien heraus. Mittlerweile haben 400 Menschen die verdische Staatsb\u00fcrgerschaft. Wer Staatsb\u00fcrger von Verdis werden m\u00f6chte, kann sich online registrieren. Bewerber m\u00fcssen ein einwandfreies F\u00fchrungszeugnis vorlegen, einen Eignungstest bestehen und eine der drei Amtssprachen beherrschen: Englisch, kroatisch oder serbisch.<\/p>\n<p class=\"Typography_text-default__P3otY Typography_weight-normal__pqUbH storyline_paragraph_p__qSR5N\">Im Moment stehe die internationale Anerkennung im Vordergrund, so Jackson in einem Interview beim israelischen Fernsehsender i24 News. Die Republik Verdis habe vor Kurzem Niederlassungen in Serbien und Gro\u00dfbritannien er\u00f6ffnet. Zudem arbeite man daran, Menschen die M\u00f6glichkeit zu geben, ihr Unternehmen digital in Verdis anzusiedeln. &#8222;Die B\u00fcrger profitieren bereits von vielen Vorteilen, aber es braucht Zeit&#8220;, sagt Jackson und hofft, dass die verdischen &#8222;Staatsb\u00fcrger&#8220; geduldig mit ihrer Staatsspitze sind.<\/p>\n<p>Schon der zweite Zwergstaat auf dem Balkan<\/p>\n<p class=\"Typography_text-default__P3otY Typography_weight-normal__pqUbH storyline_paragraph_p__qSR5N\">Aktuell wird Verdis von einer \u00dcbergangsregierung mit &#8222;Pr\u00e4sident&#8220; Daniel Jackson an der Spitze gef\u00fchrt. Ihre n\u00e4chsten Schritte sind: die Verfassung ausarbeiten, dar\u00fcber abstimmen lassen, Wahlen abhalten und &#8222;sehr bald&#8220; eine Vertretung in der EU er\u00f6ffnen. Verdis will zum zweitkleinsten Land der Erde werden &#8211; nach dem Vatikan.\u00a0<\/p>\n<p class=\"Typography_text-default__P3otY Typography_weight-normal__pqUbH storyline_paragraph_p__qSR5N\">Ein prominentes Vorbild auf dem Balkan gibt es \u00fcbrigens schon: 2015 rief der tschechische rechtslibert\u00e4re Politiker und Aktivist Vit Jedlicka ebenfalls an der Donau seinen eigenen Staat aus: Liberland. 14-mal gr\u00f6\u00dfer als Verdis. Auch Jedlicka machte sich den andauernden kroatisch-serbischen Grenzstreit zunutze. Kroatien war mit ihm aber auch nicht zimperlich, erteilte ihm eine Einreisesperre. Kroatien l\u00e4sst niemanden in das Gebiet rein.<\/p>\n<p class=\"Typography_text-default__P3otY Typography_weight-normal__pqUbH storyline_paragraph_p__qSR5N\">Jedlickas Scheinstaat ist bisher international nicht anerkannt worden. Ein Schicksal, das h\u00f6chstwahrscheinlich auch Verdis ereilen wird.<\/p>\n<p class=\"Typography_text-s__wu_cm Typography_weight-normal__pqUbH Typography_color-darkgrey__sZEnP article-detail-footer_source__KslPc\">Quelle: ntv.de<\/p>\n","protected":false},"excerpt":{"rendered":"Zwischen Kroatien und SerbienAustralier gr\u00fcndet Zwergstaat auf dem Balkan01.05.2026, 14:25 Uhr Von Kevin Schulte Artikel anh\u00f6ren(07:40 min) Die&hellip;\n","protected":false},"author":2,"featured_media":986793,"comment_status":"","ping_status":"","sticky":false,"template":"","format":"standard","meta":{"footnotes":"","_share_on_mastodon":"0"},"categories":[3],"tags":[15513,13,3844,14,15,16,12,5157,10,8,9,11,103,104],"class_list":["post-986792","post","type-post","status-publish","format-standard","has-post-thumbnail","category-welt","tag-balkan","tag-headlines","tag-kroatien","tag-nachrichten","tag-news","tag-politik","tag-schlagzeilen","tag-serbien","tag-top-news","tag-top-meldungen","tag-topmeldungen","tag-topnews","tag-welt","tag-world"],"share_on_mastodon":{"url":"https:\/\/pubeurope.com\/@de\/116499552641365014","error":""},"_links":{"self":[{"href":"https:\/\/www.europesays.com\/de\/wp-json\/wp\/v2\/posts\/986792","targetHints":{"allow":["GET"]}}],"collection":[{"href":"https:\/\/www.europesays.com\/de\/wp-json\/wp\/v2\/posts"}],"about":[{"href":"https:\/\/www.europesays.com\/de\/wp-json\/wp\/v2\/types\/post"}],"author":[{"embeddable":true,"href":"https:\/\/www.europesays.com\/de\/wp-json\/wp\/v2\/users\/2"}],"replies":[{"embeddable":true,"href":"https:\/\/www.europesays.com\/de\/wp-json\/wp\/v2\/comments?post=986792"}],"version-history":[{"count":0,"href":"https:\/\/www.europesays.com\/de\/wp-json\/wp\/v2\/posts\/986792\/revisions"}],"wp:featuredmedia":[{"embeddable":true,"href":"https:\/\/www.europesays.com\/de\/wp-json\/wp\/v2\/media\/986793"}],"wp:attachment":[{"href":"https:\/\/www.europesays.com\/de\/wp-json\/wp\/v2\/media?parent=986792"}],"wp:term":[{"taxonomy":"category","embeddable":true,"href":"https:\/\/www.europesays.com\/de\/wp-json\/wp\/v2\/categories?post=986792"},{"taxonomy":"post_tag","embeddable":true,"href":"https:\/\/www.europesays.com\/de\/wp-json\/wp\/v2\/tags?post=986792"}],"curies":[{"name":"wp","href":"https:\/\/api.w.org\/{rel}","templated":true}]}}