{"id":986892,"date":"2026-05-01T14:27:23","date_gmt":"2026-05-01T14:27:23","guid":{"rendered":"https:\/\/www.europesays.com\/de\/986892\/"},"modified":"2026-05-01T14:27:23","modified_gmt":"2026-05-01T14:27:23","slug":"insel-opening-in-stuttgart-neckarinsel-in-stuttgart-dieses-jahr-wollen-sie-wirklich-in-den-neckar","status":"publish","type":"post","link":"https:\/\/www.europesays.com\/de\/986892\/","title":{"rendered":"Insel-Opening in Stuttgart: Neckarinsel in Stuttgart \u2013 Dieses Jahr wollen sie wirklich in den Neckar"},"content":{"rendered":"<p> Sonja Schwarz und Tim Schaffarczik stehen auf einer kleinen Insel, tragen Trillerpfeifen wie Bademeister \u2013 und reden nicht lange um den k\u00fchlen <a href=\"https:\/\/www.stuttgarter-zeitung.de\/thema\/Fluss\" title=\"Fluss\" class=\"art_thema\" rel=\"nofollow noopener\" target=\"_blank\">Fluss<\/a> herum, der diese Insel umflie\u00dft: \u201eDieses Jahr wollen wir wirklich in den <a href=\"https:\/\/www.stuttgarter-zeitung.de\/thema\/Neckar\" title=\"Neckar\" class=\"art_thema\" rel=\"nofollow noopener\" target=\"_blank\">Neckar<\/a>\u201c, sagen die beiden, die hauptamtlich f\u00fcr den <a href=\"https:\/\/www.stuttgarter-zeitung.de\/stuttgart\" target=\"_blank\" rel=\"nofollow noopener\">Stuttgart<\/a>er Verein Neckarinsel t\u00e4tig sind. Bis in die 1950er-Jahre sei <a href=\"https:\/\/www.stuttgarter-zeitung.de\/gallery.neckarinsel-in-stuttgart-baden-im-neckar-warum-kann-einem-verboten-werden-die-natur-zu-nutzen.0820a299-a5fa-45e9-9657-98bddea920ca.html\" target=\"_blank\" rel=\"nofollow noopener\">Baden im Neckar<\/a> selbstverst\u00e4ndlich gewesen. Heute schwanke die Wasserqualit\u00e4t. Aber: \u201eAn den allermeisten Tagen ist sie sogar sehr gut.\u201c <\/p>\n<p>Seit anderthalb Jahren messen die Mitglieder die Wasserqualit\u00e4t des <a href=\"https:\/\/www.stuttgarter-zeitung.de\/thema\/Neckar\" target=\"_blank\" rel=\"nofollow noopener\">Neckars<\/a>. Auf Basis dieser Daten haben sie inzwischen ein Vorhersagesystem entwickelt, eine Bade-Ampel. Die soll dieses Jahr online gehen. \u201e<a href=\"https:\/\/www.stuttgarter-zeitung.de\/thema\/Baden\" title=\"Baden\" class=\"art_thema\" rel=\"nofollow noopener\" target=\"_blank\">Baden<\/a> ist mehr als Freizeit\u201c, sagt Tim Schaffarczik. Es gehe auch um funktionierende \u00d6kosysteme und Lebensqualit\u00e4t.<\/p>\n<p>Die Saison auf der Stuttgarter Neckarinsel beginnt am 3. Mai  <\/p>\n<p>Nun pfeift der Verein die Saison an. Es gibt Fritten, Inseldrinks und gemischte T\u00fcten, wie im <a href=\"https:\/\/www.stuttgarter-zeitung.de\/thema\/Freibad\" title=\"Freibad\" class=\"art_thema\" rel=\"nofollow noopener\" target=\"_blank\">Freibad<\/a>. \u201eWir wollen Bilder einer Stuttgarter Badekultur kreieren\u201c, erkl\u00e4rt Schaffarczik. Bis Ende September wird die Insel dann jeden Sonntag offen f\u00fcr alle sein. <\/p>\n<p>Dazu kommen Veranstaltungen wie die bereits etablierte \u201eCritical Nass\u201c, bei der es auf Stand-up-Paddles auf den Fluss geht, oder das Gespr\u00e4chsformat \u201eWissenshappen\u201c. Au\u00dferdem Formate wie Insel-Yoga, ein Forr\u00f3-Abend (ein brasilianischer Tanz), Inselspazierg\u00e4nge und Kooperationen mit Schulen.<\/p>\n<p>Zustimmung bekommt der Verein nicht nur von Vertretern junger Generationen. Auch Joachim, der seinen Nachnamen nicht verraten will, ist Fan und F\u00f6rdermitglied der Neckarinsel. \u201eIch finde die Idee sehr gut und wichtig\u201c, sagt der 72-J\u00e4hrige. \u201eIn verschiedenen europ\u00e4ischen St\u00e4dten kann man in Fl\u00fcssen baden. Auch dieses Projekt hat meiner Ansicht nach Zukunft.\u201c<\/p>\n<p>Immer wieder k\u00e4men Menschen auf die Neckarinsel und erz\u00e4hlten von fr\u00fcheren Zeiten, in denen sie noch im Neckar geschwommen seien, sagt Vorstandsmitglied Hannah Pinell. In diesem Jahr wollen auch die Vereinsmitglieder endlich im Neckar baden. Im Raum <a href=\"https:\/\/www.stuttgarter-zeitung.de\/thema\/Stuttgart\" title=\"Stuttgart\" class=\"art_thema\" rel=\"nofollow noopener\" target=\"_blank\">Stuttgart<\/a> sei das wegen des Badeverbots aber wahrscheinlich nicht m\u00f6glich, bedauert Sonja Schwarz. Deshalb hoffen sie, zumindest andernorts am Neckar eine geeignete Stelle zu finden.<\/p>\n<p>   <img decoding=\"async\" loading=\"lazy\" src=\"https:\/\/www.europesays.com\/de\/wp-content\/uploads\/2026\/05\/media.media.3c56b73f-81c3-42a4-8468-cfd2fa20b81a.original1024.media.jpeg\"\/>     Bislang ist nur Sonnenbaden m\u00f6glich.    Foto: Christian Hass Stuttgart Lichtgut    <\/p>\n<p>Immerhin eine Wasserstelle f\u00fcr die F\u00fc\u00dfe wird es bald geben: Der Neckarinsel-Verein hat eine Pflanzenfilteranlage in Betrieb genommen. Ein in den Fluss h\u00e4ngender R\u00fcssel bringt <a href=\"https:\/\/www.stuttgarter-zeitung.de\/thema\/Wasser\" title=\"Wasser\" class=\"art_thema\" rel=\"nofollow noopener\" target=\"_blank\">Wasser<\/a> auf die Insel, wo es durch Pflanzen und Sediment flie\u00dft und so gereinigt wird. Von einem Fass aus soll dieses Wasser bald in ein Infinity-Fu\u00dfbassin flie\u00dfen.<\/p>\n<p>F\u00fcr Sonntag, 3. Mai, von 13 bis 19 Uhr, l\u00e4dt der Verein Neckarinsel zum Saisonstart ein. Die Initiative plant unter anderem einen Insel-Spaziergang \u2013 und beantwortet die Frage, was noch passieren muss, damit Baden im Neckar m\u00f6glich wird.<\/p>\n","protected":false},"excerpt":{"rendered":"Sonja Schwarz und Tim Schaffarczik stehen auf einer kleinen Insel, tragen Trillerpfeifen wie Bademeister \u2013 und reden nicht&hellip;\n","protected":false},"author":2,"featured_media":986893,"comment_status":"","ping_status":"","sticky":false,"template":"","format":"standard","meta":{"footnotes":"","_share_on_mastodon":"0"},"categories":[1830],"tags":[20373,5587,1634,31834,3364,29,28491,10860,121481,30,14480,31832,14481,1441],"class_list":["post-986892","post","type-post","status-publish","format-standard","has-post-thumbnail","category-stuttgart","tag-schwimmen","tag-baden","tag-baden-wuerttemberg","tag-critical-nass","tag-de","tag-deutschland","tag-fluss","tag-freibad","tag-fritten","tag-germany","tag-neckar","tag-neckarinsel","tag-stadt-am-fluss","tag-stuttgart"],"share_on_mastodon":{"url":"https:\/\/pubeurope.com\/@de\/116499792255015137","error":""},"_links":{"self":[{"href":"https:\/\/www.europesays.com\/de\/wp-json\/wp\/v2\/posts\/986892","targetHints":{"allow":["GET"]}}],"collection":[{"href":"https:\/\/www.europesays.com\/de\/wp-json\/wp\/v2\/posts"}],"about":[{"href":"https:\/\/www.europesays.com\/de\/wp-json\/wp\/v2\/types\/post"}],"author":[{"embeddable":true,"href":"https:\/\/www.europesays.com\/de\/wp-json\/wp\/v2\/users\/2"}],"replies":[{"embeddable":true,"href":"https:\/\/www.europesays.com\/de\/wp-json\/wp\/v2\/comments?post=986892"}],"version-history":[{"count":0,"href":"https:\/\/www.europesays.com\/de\/wp-json\/wp\/v2\/posts\/986892\/revisions"}],"wp:featuredmedia":[{"embeddable":true,"href":"https:\/\/www.europesays.com\/de\/wp-json\/wp\/v2\/media\/986893"}],"wp:attachment":[{"href":"https:\/\/www.europesays.com\/de\/wp-json\/wp\/v2\/media?parent=986892"}],"wp:term":[{"taxonomy":"category","embeddable":true,"href":"https:\/\/www.europesays.com\/de\/wp-json\/wp\/v2\/categories?post=986892"},{"taxonomy":"post_tag","embeddable":true,"href":"https:\/\/www.europesays.com\/de\/wp-json\/wp\/v2\/tags?post=986892"}],"curies":[{"name":"wp","href":"https:\/\/api.w.org\/{rel}","templated":true}]}}