{"id":986900,"date":"2026-05-01T14:31:33","date_gmt":"2026-05-01T14:31:33","guid":{"rendered":"https:\/\/www.europesays.com\/de\/986900\/"},"modified":"2026-05-01T14:31:33","modified_gmt":"2026-05-01T14:31:33","slug":"koeln-bei-oma-kleinmann-ist-laut-tui-ranking-einer-der-besten-biergaerten","status":"publish","type":"post","link":"https:\/\/www.europesays.com\/de\/986900\/","title":{"rendered":"K\u00f6ln: &#8222;Bei Oma Kleinmann&#8220; ist laut TUI-Ranking einer der besten Bierg\u00e4rten"},"content":{"rendered":"<p>Ranking von TUI <\/p>\n<p>K\u00f6lner Kult-Lokal z\u00e4hlt zu den besten Bierg\u00e4rten<\/p>\n<p>Aktualisiert am 01.05.2026 &#8211; 13:01 UhrLesedauer: 2 Min.<\/p>\n<p><a href=\"#focus-0\" class=\"transition-colors duration-200 block text-current relative\" data-sctrack=\"FocusGalleryImage.Reference\"><img fetchpriority=\"high\" data-testid=\"Opener.Image\" style=\"--lqipURL:url('https:\/\/images.t-online.de\/2025\/08\/lyqJ0fAffbIE\/0x53:3628x2041\/fit-in\/150x0\/filters:blur(25)\/gaeste-prosten-sich-mit-koelsch-zu-symbolfoto-ein-koelner-biergarten-kann-im-bundesweiten-vergleich-punkten.jpg')\"   loading=\"eager\" src=\"https:\/\/www.europesays.com\/de\/wp-content\/uploads\/2026\/05\/gaeste-prosten-sich-mit-koelsch-zu-symbolfoto-ein-koelner-biergarten-kann-im-bundesweiten-vergleich-.jpeg\" alt=\"G\u00e4ste prosten sich mit K\u00f6lsch zu (Symbolfoto): Ein K\u00f6lner Biergarten kann im bundesweiten Vergleich punkten.\" title=\"G\u00e4ste prosten sich mit K\u00f6lsch zu (Symbolfoto): Ein K\u00f6lner Biergarten kann im bundesweiten Vergleich punkten.\" width=\"3628\" height=\"2041\" class=\"bg-[url:var(--lqipURL)] bg-cover bg-center flex h-full w-full max-w-full\" decoding=\"async\"\/><img style=\"--width:32;--height:32\" loading=\"lazy\" src=\"https:\/\/koeln.t-online.de\/s\/paper\/_next\/static\/media\/zoom-in.f7dae02f.svg\" alt=\"Vergr\u00f6\u00dfern des Bildes\" title=\"Vergr\u00f6\u00dfern des Bildes\" class=\"block h-[calc(var(--height)_\/_16_*_1rem)] w-[calc(var(--width)_\/_16_*_1rem)] max-w-none absolute bottom-8 right-8 rounded-4 bg-snow p-8\" decoding=\"async\"\/><\/a><\/p>\n<p>G\u00e4ste prosten sich mit K\u00f6lsch zu (Symbolfoto): Ein K\u00f6lner Biergarten kann im bundesweiten Vergleich punkten. (Quelle: Imago\/Wolfgang Maria Weber\/imago)<\/p>\n<p class=\"font-bold text-18 leading-17 user-text-lg:text-22 user-text-xl:text-24\">TUI ver\u00f6ffentlicht ein Ranking zu den besten Bierg\u00e4rten in Deutschland. Auch ein Kult-Lokal aus K\u00f6ln kann bei dem Vergleich punkten.<\/p>\n<p class=\"text-18 leading-17 user-text-lg:text-22 user-text-xl:text-24\">Das Tourismusunternehmen TUI hat ein Ranking zu den besten Bierg\u00e4rten in Deutschland ver\u00f6ffentlicht. Daf\u00fcr hat TUI die durchschnittlichen Google-Bewertungen und den jeweiligen Anteil der F\u00fcnf-Sterne-Bewertungen von mehr als 5.400 Bierg\u00e4rten miteinander verglichen. Ein Biergarten in K\u00f6ln hat es dabei in die Top-Ten geschafft.<\/p>\n<p class=\"text-18 leading-17 user-text-lg:text-22 user-text-xl:text-24\">Auf den ersten Platz hat es im TUI-Ranking das Hofbr\u00e4uhaus in M\u00fcnchen geschafft. Das Traditionslokal in der bayrischen Landeshauptstadt wurde bei Google 103.916 Mal bewertet, so TUI. Dabei seien im Durchschnitt 4,3 von m\u00f6glichen f\u00fcnf Sternen vergeben. 59,3 Prozent der Bewertungen seien F\u00fcnf-Sterne-Bewertungen gewesen.<\/p>\n<p class=\"text-18 leading-17 user-text-lg:text-22 user-text-xl:text-24\">Zwar hat es in dem Vergleich kein Biergarten aus K\u00f6ln auf das Siegertreppchen geschafft, daf\u00fcr aber unter die zehn am beliebtesten Bierg\u00e4rten: &#8222;Bei Oma Kleinmann&#8220; auf der Z\u00fclpicher Stra\u00dfe konnte sich in dem Ranking den zehnten Platz sichern. Das kultige Lokal sei bei Google 4.391 Mal bewertet worden, im Durchschnitt mit 4,7 von f\u00fcnf m\u00f6glichen Sternen. Laut Tui liegt der Anteil der F\u00fcnf-Sterne-Bewertungen bei 79 Prozent.<\/p>\n<p class=\"text-18 leading-17 user-text-lg:text-22 user-text-xl:text-24\">Das &#8222;Oma Kleinmann&#8220; auf der Z\u00fclpicher Stra\u00dfe ist eine echte Institution im Kwartier Lat\u00e4ng. Benannt ist das Lokal nach Paula Kleinmann, die die Kneipe mit ihrem Mann Willi 1949 zun\u00e4chst unter dem Namen &#8222;Zum Goldenen Krug&#8220; er\u00f6ffnete. Seit 2003 tr\u00e4gt das Lokal seinen heutigen Namen. Bekannt ist &#8222;Oma Kleinmann&#8220; vor allem f\u00fcr Schnitzel in verschiedenen Variationen und die gesellige Atmosph\u00e4re.<\/p>\n","protected":false},"excerpt":{"rendered":"Ranking von TUI K\u00f6lner Kult-Lokal z\u00e4hlt zu den besten Bierg\u00e4rten Aktualisiert am 01.05.2026 &#8211; 13:01 UhrLesedauer: 2 Min.&hellip;\n","protected":false},"author":2,"featured_media":986901,"comment_status":"","ping_status":"","sticky":false,"template":"","format":"standard","meta":{"footnotes":"","_share_on_mastodon":"0"},"categories":[1828],"tags":[165785,3899,29,30,8194,1420,1268,1209,213515,12286,1598,1249,13893],"class_list":["post-986900","post","type-post","status-publish","format-standard","has-post-thumbnail","category-koeln","tag-165785","tag-biergarten","tag-deutschland","tag-germany","tag-google-inc","tag-koeln","tag-muenchen","tag-nordrhein-westfalen","tag-paula-kleinmann","tag-ranking","tag-restaurant","tag-tui","tag-zuelpicher-strasse"],"share_on_mastodon":{"url":"https:\/\/pubeurope.com\/@de\/116499807609932245","error":""},"_links":{"self":[{"href":"https:\/\/www.europesays.com\/de\/wp-json\/wp\/v2\/posts\/986900","targetHints":{"allow":["GET"]}}],"collection":[{"href":"https:\/\/www.europesays.com\/de\/wp-json\/wp\/v2\/posts"}],"about":[{"href":"https:\/\/www.europesays.com\/de\/wp-json\/wp\/v2\/types\/post"}],"author":[{"embeddable":true,"href":"https:\/\/www.europesays.com\/de\/wp-json\/wp\/v2\/users\/2"}],"replies":[{"embeddable":true,"href":"https:\/\/www.europesays.com\/de\/wp-json\/wp\/v2\/comments?post=986900"}],"version-history":[{"count":0,"href":"https:\/\/www.europesays.com\/de\/wp-json\/wp\/v2\/posts\/986900\/revisions"}],"wp:featuredmedia":[{"embeddable":true,"href":"https:\/\/www.europesays.com\/de\/wp-json\/wp\/v2\/media\/986901"}],"wp:attachment":[{"href":"https:\/\/www.europesays.com\/de\/wp-json\/wp\/v2\/media?parent=986900"}],"wp:term":[{"taxonomy":"category","embeddable":true,"href":"https:\/\/www.europesays.com\/de\/wp-json\/wp\/v2\/categories?post=986900"},{"taxonomy":"post_tag","embeddable":true,"href":"https:\/\/www.europesays.com\/de\/wp-json\/wp\/v2\/tags?post=986900"}],"curies":[{"name":"wp","href":"https:\/\/api.w.org\/{rel}","templated":true}]}}