{"id":986943,"date":"2026-05-01T14:54:23","date_gmt":"2026-05-01T14:54:23","guid":{"rendered":"https:\/\/www.europesays.com\/de\/986943\/"},"modified":"2026-05-01T14:54:23","modified_gmt":"2026-05-01T14:54:23","slug":"schwiegermutter-in-haft-schoenheitskoenigin-%e2%80%a027-in-mexiko-ermordet-news","status":"publish","type":"post","link":"https:\/\/www.europesays.com\/de\/986943\/","title":{"rendered":"Schwiegermutter in Haft: Sch\u00f6nheitsk\u00f6nigin (\u202027) in Mexiko ermordet | News"},"content":{"rendered":"<p><a class=\"skip-content skip-content--link\" href=\"#in-content-skip-link-target-v-0-0\">TTS-Player \u00fcberspringen\u21b5<\/a><a id=\"in-content-skip-link-target-v-0-0\" class=\"skip-content--target-link-hidden skip-content skip-content--target-link\" href=\"#in-content-skip-link-target-v-0-0\">Artikel weiterlesen<\/a><\/p>\n<p>Mexiko-Stadt \u2013 <b>Mit zarten 17 wurde Carolina Flores Gomez zur \u201eMiss Teen Universe Baja California\u201c gekr\u00f6nt \u2013 eine der sch\u00f6nsten Frauen des Landes. Zehn Jahre sp\u00e4ter ist die ehemalige Sch\u00f6nheitsk\u00f6nigin tot. Get\u00f6tet von der eigenen Schwiegermutter \u2013 davon ist die Generalstaatsanwaltschaft Mexiko-Stadt inzwischen \u00fcberzeugt.<\/b><\/p>\n<p>Am 15. April fand ihr Ehemann die 27-J\u00e4hrige leblos in ihrer Wohnung in Colonia Polanco. Rettungskr\u00e4fte eilen nach dem Notruf zu der Wohnung, doch die junge Frau war bereits tot. Ein <a href=\"https:\/\/www.bild.de\/themen\/specials\/schusswaffen\/news-fotos-videos-17014668.bild.html\" class=\"text-link\" rel=\"nofollow noopener\" target=\"_blank\">Schuss<\/a> in den Kopf hatte ihr Leben beendet. Zun\u00e4chst kursierten unterschiedliche Versionen \u00fcber den Tod der jungen Frau. <\/p>\n<p><img decoding=\"async\" width=\"992\" height=\"558\" alt=\"Carolina Flores Gomez lebte in einer Wohnung im Stadtteil Polanco\" src=\"https:\/\/www.europesays.com\/de\/wp-content\/uploads\/2026\/05\/43c0dea1be1171fedb7e736915e980a4,54de59b9.jpeg\"   class=\"landscape\" loading=\"lazy\"\/><\/p>\n<p class=\"fig__caption__text\">Carolina Flores Gomez lebte in einer Wohnung im Stadtteil Polanco<\/p>\n<p>Foto: ClubMX\/Facebook<\/p>\n<p>Einige Medien berichteten unter Berufung auf die Beh\u00f6rden, Ehemann Alejandro G\u00f3mez beschuldige seine Mutter Erika Maria N., geschossen zu haben. Andere vermuteten, Mutter und Sohn k\u00f6nnten gemeinsam gehandelt haben. Der Grund: Der Ehemann meldete den Tod seiner Frau offenbar erst einen Tag nach den t\u00f6dlichen Sch\u00fcssen.<\/p>\n<p>Schwiegermutter floh nach Venezuela<\/p>\n<p>Doch die <a href=\"https:\/\/www.bild.de\/regional\/aktuelles\/polizei\/polizeieinsatz-alle-infos-76681760.bild.html\" class=\"text-link\" rel=\"nofollow noopener\" target=\"_blank\">Polizei<\/a> ist sich mittlerweile sicher: Erika Maria N. soll die Tat begangen haben. Die 63-J\u00e4hrige geriet schnell unter Verdacht. Bereits am 17. April erlie\u00df ein Richter Haftbefehl gegen die Schwiegermutter \u2013 doch die Frau verschwand. Die Staatsanwaltschaft l\u00f6ste in Zusammenarbeit mit Interpol eine internationale Fahndung aus. Den Beh\u00f6rden in Venezuela gelang es, die Gesuchte in der Hauptstadt Caracas aufzusp\u00fcren. Die \u00f6rtliche Polizei nahm Erika Maria N. am Mittwoch fest.<\/p>\n<p><img decoding=\"async\" width=\"992\" height=\"1178\" alt=\"So zeigte sich die mexikanische Sch\u00f6nheit in sozialen Medien\" src=\"https:\/\/www.europesays.com\/de\/wp-content\/uploads\/2026\/05\/b001d7e0ddf3fcae950ad282f5f040c9,8d4d6a18.jpeg\"   class=\"portrait\" loading=\"lazy\"\/><\/p>\n<p class=\"fig__caption__text\">So zeigte sich die mexikanische Sch\u00f6nheit in sozialen Medien<\/p>\n<p>Foto: Instagram<\/p>\n<p>Viele offene Fragen im Mordfall<\/p>\n<p>Die 63-J\u00e4hrige befindet sich noch in Gewahrsam und soll nach Mexiko ausgeliefert werden. Der Fall wirft zahlreiche Fragen auf. Einige Lokalmedien berichteten, es sei zwischen 6 und 12 Mal geschossen worden. Doch dazu \u00e4u\u00dferte sich die <a href=\"https:\/\/www.bild.de\/themen\/organisationen\/staatsanwaltschaft-alle-infos-und-news-KDJzQvfvRkaBLQ0vXYpd\" class=\"text-link\" rel=\"nofollow noopener\" target=\"_blank\">Staatsanwaltschaft<\/a> bisher nicht. Welches Motiv die Frau gehabt haben k\u00f6nnte und warum der Ehemann einen Tag wartete, bevor er Anzeige erstattete, muss noch ermittelt werden. In sozialen Netzwerken kursiert ein Video, auf dem die Sch\u00fcsse zu h\u00f6ren sein sollen \u2013 aufgenommen von einer Kamera, die das Baby der Toten beobachten sollte. Ob das Video echt ist, ist nun Gegenstand der Ermittlungen.<\/p>\n","protected":false},"excerpt":{"rendered":"TTS-Player \u00fcberspringen\u21b5Artikel weiterlesen Mexiko-Stadt \u2013 Mit zarten 17 wurde Carolina Flores Gomez zur \u201eMiss Teen Universe Baja California\u201c&hellip;\n","protected":false},"author":2,"featured_media":986944,"comment_status":"","ping_status":"","sticky":false,"template":"","format":"standard","meta":{"footnotes":"","_share_on_mastodon":"0"},"categories":[3],"tags":[13,213517,2183,14,15,121,12,9115,12185,138370,3259,3533,20527,10,8,9,11,6148,103,104],"class_list":["post-986943","post","type-post","status-publish","format-standard","has-post-thumbnail","category-welt","tag-headlines","tag-internationale-miss-wahlen","tag-mord","tag-nachrichten","tag-news","tag-polizei","tag-schlagzeilen","tag-schusswaffen","tag-staatsanwalt","tag-team-first","tag-tod","tag-todesfall","tag-todesursachen","tag-top-news","tag-top-meldungen","tag-topmeldungen","tag-topnews","tag-totschlag","tag-welt","tag-world"],"share_on_mastodon":{"url":"","error":""},"_links":{"self":[{"href":"https:\/\/www.europesays.com\/de\/wp-json\/wp\/v2\/posts\/986943","targetHints":{"allow":["GET"]}}],"collection":[{"href":"https:\/\/www.europesays.com\/de\/wp-json\/wp\/v2\/posts"}],"about":[{"href":"https:\/\/www.europesays.com\/de\/wp-json\/wp\/v2\/types\/post"}],"author":[{"embeddable":true,"href":"https:\/\/www.europesays.com\/de\/wp-json\/wp\/v2\/users\/2"}],"replies":[{"embeddable":true,"href":"https:\/\/www.europesays.com\/de\/wp-json\/wp\/v2\/comments?post=986943"}],"version-history":[{"count":0,"href":"https:\/\/www.europesays.com\/de\/wp-json\/wp\/v2\/posts\/986943\/revisions"}],"wp:featuredmedia":[{"embeddable":true,"href":"https:\/\/www.europesays.com\/de\/wp-json\/wp\/v2\/media\/986944"}],"wp:attachment":[{"href":"https:\/\/www.europesays.com\/de\/wp-json\/wp\/v2\/media?parent=986943"}],"wp:term":[{"taxonomy":"category","embeddable":true,"href":"https:\/\/www.europesays.com\/de\/wp-json\/wp\/v2\/categories?post=986943"},{"taxonomy":"post_tag","embeddable":true,"href":"https:\/\/www.europesays.com\/de\/wp-json\/wp\/v2\/tags?post=986943"}],"curies":[{"name":"wp","href":"https:\/\/api.w.org\/{rel}","templated":true}]}}