{"id":987039,"date":"2026-05-01T15:59:20","date_gmt":"2026-05-01T15:59:20","guid":{"rendered":"https:\/\/www.europesays.com\/de\/987039\/"},"modified":"2026-05-01T15:59:20","modified_gmt":"2026-05-01T15:59:20","slug":"leverkusen-so-kommen-fussballfans-zum-leipzig-spiel-in-die-bayarena","status":"publish","type":"post","link":"https:\/\/www.europesays.com\/de\/987039\/","title":{"rendered":"Leverkusen: So kommen Fu\u00dfballfans zum Leipzig-Spiel in die BayArena"},"content":{"rendered":"<p class=\"text_ohne_einzug richtext text-em-55 !leading-serif mx-6 desktop:mx-0\">Das n\u00e4chste Heimspiel der Bundesligaprofis von Bayer 04 <a href=\"https:\/\/rp-online.de\/thema\/leverkusen\/\" rel=\"nofollow noopener\" target=\"_blank\">Leverkusen<\/a> gegen RB Leipzig findet an diesem Samstag, 2. Mai, zwar erst abends um 18.30 Uhr und nicht zur sonst \u00fcblichen Ansto\u00dfzeit am Nachmittag statt. Doch das bedeutet im Umkehrschluss keineswegs, dass der Verkehr rund um die <a href=\"https:\/\/rp-online.de\/thema\/bayarena\/\" rel=\"nofollow noopener\" target=\"_blank\">BayArena<\/a> aus diesem Grund vor dem Spiel fl\u00fcssiger flie\u00dfen wird, weshalb die Stadt Leverkusen und die <a href=\"https:\/\/rp-online.de\/thema\/wupsi\/\" rel=\"nofollow noopener\" target=\"_blank\">Wupsi<\/a> die Fu\u00dfballfans von Bayer 04 auch dieses Mal wieder bitten, m\u00f6glichst mit den Bussen des Verkehrsunternehmens zum Stadion zu kommen.<\/p>\n<p class=\"richtext text-em-55 !leading-serif mx-6 desktop:mx-0\">So ist n\u00e4mlich der normalerweise geb\u00fchrenfreie Parkplatz unter der Stelzenautobahn am gesamten Spieltag erneut sowohl f\u00fcr Bewohner der angrenzenden Stra\u00dfen als auch f\u00fcr Besucher der City Leverkusen und f\u00fcr Pendler gesperrt. Und hinzu kommt, dass wie \u00fcblich die Wohnquartiere rund um die BayArena ab etwa vier Stunden vor Anpfiff des Bundesligaspiels ebenfalls f\u00fcr ausw\u00e4rtige Fahrzeuge gesperrt werden.<\/p>\n<p class=\"richtext text-em-55 !leading-serif mx-6 desktop:mx-0\">Dementsprechend k\u00f6nnte es laut Stadt und Wupsi sinnvoll sein, auf den \u00d6PNV umzusteigen. Wie immer stehen hierf\u00fcr die Pendelbusse vom Parkplatz Otto-Bayer-Stra\u00dfe (K\u00f6lner Stadtgebiet) an der S-Bahn-Station Chempark, die Stadtteilbusse sowie die \u00fcblichen Busverbindungen zur Verf\u00fcgung. Die Stadtteilbusse fahren aus verschiedenen Vororten und Quartieren direkt zum Stadion \u2013 wobei sich f\u00fcr die aus <a href=\"https:\/\/rp-online.de\/thema\/bergisch-gladbach\/\" rel=\"nofollow noopener\" target=\"_blank\">Bergisch Gladbach<\/a> und Mathildenhof kommenden Busse vor Spielbeginn keine \u00c4nderungen ergeben. Zum Spielende stehen die Busse dann in dem Bereich Bismarckstra\u00dfe zwischen der Einm\u00fcndung der Stra\u00dfe Am Stadtpark und der Dh\u00fcnnbr\u00fccke in Fahrtrichtung Konrad-Adenauer-Platz bereit.<\/p>\n<p class=\"richtext text-em-55 !leading-serif mx-6 desktop:mx-0\">F\u00fcr die Stadtteilbusse von und nach Rheindorf, Monheim und Hilgen ergeben sich vor Spielbeginn gleichsam keine \u00c4nderungen. Mit Spielende stehen die Stadtteilbusse auf der Bismarckstra\u00dfe hinter der Autobahnbr\u00fccke in Fahrtrichtung Kreisverkehr Robert-Blum-Stra\u00dfe bereit. Die Stadtteilbusse nach L\u00fctzenkirchen und Opladen warten wiederum gegen\u00fcber vom Stadion in Fahrtrichtung Kreisverkehr Robert-Blum-Stra\u00dfe.<\/p>\n","protected":false},"excerpt":{"rendered":"Das n\u00e4chste Heimspiel der Bundesligaprofis von Bayer 04 Leverkusen gegen RB Leipzig findet an diesem Samstag, 2. Mai,&hellip;\n","protected":false},"author":2,"featured_media":987040,"comment_status":"","ping_status":"","sticky":false,"template":"","format":"standard","meta":{"footnotes":"","_share_on_mastodon":"0"},"categories":[1832],"tags":[6605,158762,3364,29,30,71,2375,859],"class_list":["post-987039","post","type-post","status-publish","format-standard","has-post-thumbnail","category-leipzig","tag-bayer","tag-chempark","tag-de","tag-deutschland","tag-germany","tag-leipzig","tag-leverkusen","tag-sachsen"],"share_on_mastodon":{"url":"https:\/\/pubeurope.com\/@de\/116500153366227582","error":""},"_links":{"self":[{"href":"https:\/\/www.europesays.com\/de\/wp-json\/wp\/v2\/posts\/987039","targetHints":{"allow":["GET"]}}],"collection":[{"href":"https:\/\/www.europesays.com\/de\/wp-json\/wp\/v2\/posts"}],"about":[{"href":"https:\/\/www.europesays.com\/de\/wp-json\/wp\/v2\/types\/post"}],"author":[{"embeddable":true,"href":"https:\/\/www.europesays.com\/de\/wp-json\/wp\/v2\/users\/2"}],"replies":[{"embeddable":true,"href":"https:\/\/www.europesays.com\/de\/wp-json\/wp\/v2\/comments?post=987039"}],"version-history":[{"count":0,"href":"https:\/\/www.europesays.com\/de\/wp-json\/wp\/v2\/posts\/987039\/revisions"}],"wp:featuredmedia":[{"embeddable":true,"href":"https:\/\/www.europesays.com\/de\/wp-json\/wp\/v2\/media\/987040"}],"wp:attachment":[{"href":"https:\/\/www.europesays.com\/de\/wp-json\/wp\/v2\/media?parent=987039"}],"wp:term":[{"taxonomy":"category","embeddable":true,"href":"https:\/\/www.europesays.com\/de\/wp-json\/wp\/v2\/categories?post=987039"},{"taxonomy":"post_tag","embeddable":true,"href":"https:\/\/www.europesays.com\/de\/wp-json\/wp\/v2\/tags?post=987039"}],"curies":[{"name":"wp","href":"https:\/\/api.w.org\/{rel}","templated":true}]}}