{"id":987373,"date":"2026-05-01T19:24:22","date_gmt":"2026-05-01T19:24:22","guid":{"rendered":"https:\/\/www.europesays.com\/de\/987373\/"},"modified":"2026-05-01T19:24:22","modified_gmt":"2026-05-01T19:24:22","slug":"goerlitzer-park-in-berlin-der-zaun-ist-damit-die-leute-sich-nachts-nicht-boxen","status":"publish","type":"post","link":"https:\/\/www.europesays.com\/de\/987373\/","title":{"rendered":"G\u00f6rlitzer Park in Berlin: \u00bbDer Zaun ist, damit die Leute sich nachts nicht boxen\u00ab"},"content":{"rendered":"<p class=\"paragraph\">Wohl zum ersten Mal in der Protesthistorie des 1. Mai, dem Tag der Arbeit, demonstriert <a class=\"rtr-entity\" href=\"https:\/\/www.zeit.de\/thema\/berlin\" rel=\"nofollow noopener\" target=\"_blank\">Berlin<\/a> f\u00fcr einen 24-Stunden-Tag. Ja, wirklich! Die konkrete Forderung: Der wegen Drogenkriminalit\u00e4t ber\u00fcchtigte G\u00f6rlitzer Park soll nicht mehr nachts abgesperrt werden und der umstrittene Zaun weg. Ein zentrales Projekt der CDU, f\u00fcr das sie bereits 1,8 Millionen Euro ausgegeben hat.\n<\/p>\n<p class=\"paragraph\">Um 12 Uhr mittags beginnt \u00bbFree G\u00f6rli \u2013 Rave Against The Zain\u00ab. Schon etwas fr\u00fcher treffen f\u00fcr die Vorbereitungen ein: die Veranstalter, darunter etliche Einwohner- und Kulturinitiativen, die Tontechniker und ehrenamtlichen Ordner, einige Parteien mit ihren St\u00e4nden (Die Gr\u00fcnen, Die Linke, Die Kommunistische Partei Deutschlands, Mera 25), recht zahlreich die Berliner Polizei. Auch die Dealer scheinen bereits alle ihre Pl\u00e4tze eingenommen zu haben.<\/p>\n","protected":false},"excerpt":{"rendered":"Wohl zum ersten Mal in der Protesthistorie des 1. Mai, dem Tag der Arbeit, demonstriert Berlin f\u00fcr einen&hellip;\n","protected":false},"author":2,"featured_media":987374,"comment_status":"","ping_status":"","sticky":false,"template":"","format":"standard","meta":{"footnotes":"","_share_on_mastodon":"0"},"categories":[1825],"tags":[296,29,30,1924],"class_list":["post-987373","post","type-post","status-publish","format-standard","has-post-thumbnail","category-berlin","tag-berlin","tag-deutschland","tag-germany","tag-goerlitzer-park"],"share_on_mastodon":{"url":"https:\/\/pubeurope.com\/@de\/116500959607078977","error":""},"_links":{"self":[{"href":"https:\/\/www.europesays.com\/de\/wp-json\/wp\/v2\/posts\/987373","targetHints":{"allow":["GET"]}}],"collection":[{"href":"https:\/\/www.europesays.com\/de\/wp-json\/wp\/v2\/posts"}],"about":[{"href":"https:\/\/www.europesays.com\/de\/wp-json\/wp\/v2\/types\/post"}],"author":[{"embeddable":true,"href":"https:\/\/www.europesays.com\/de\/wp-json\/wp\/v2\/users\/2"}],"replies":[{"embeddable":true,"href":"https:\/\/www.europesays.com\/de\/wp-json\/wp\/v2\/comments?post=987373"}],"version-history":[{"count":0,"href":"https:\/\/www.europesays.com\/de\/wp-json\/wp\/v2\/posts\/987373\/revisions"}],"wp:featuredmedia":[{"embeddable":true,"href":"https:\/\/www.europesays.com\/de\/wp-json\/wp\/v2\/media\/987374"}],"wp:attachment":[{"href":"https:\/\/www.europesays.com\/de\/wp-json\/wp\/v2\/media?parent=987373"}],"wp:term":[{"taxonomy":"category","embeddable":true,"href":"https:\/\/www.europesays.com\/de\/wp-json\/wp\/v2\/categories?post=987373"},{"taxonomy":"post_tag","embeddable":true,"href":"https:\/\/www.europesays.com\/de\/wp-json\/wp\/v2\/tags?post=987373"}],"curies":[{"name":"wp","href":"https:\/\/api.w.org\/{rel}","templated":true}]}}