{"id":987392,"date":"2026-05-01T19:35:22","date_gmt":"2026-05-01T19:35:22","guid":{"rendered":"https:\/\/www.europesays.com\/de\/987392\/"},"modified":"2026-05-01T19:35:22","modified_gmt":"2026-05-01T19:35:22","slug":"bild-renntag-in-gelsenkirchen-heinz-hoenig-feiert-sein-zweites-leben-unterhaltung","status":"publish","type":"post","link":"https:\/\/www.europesays.com\/de\/987392\/","title":{"rendered":"BILD-Renntag in Gelsenkirchen: Heinz Hoenig feiert sein zweites Leben | Unterhaltung"},"content":{"rendered":"<p>Vor zwei Jahren lag Heinz Hoenig im k\u00fcnstlichen Koma, 143 Tage auf der Intensivstation, kaum Hoffnung. Jetzt steht der 74-J\u00e4hrige strahlend beim BILD-Renntag auf dem roten Teppich \u2013 und spricht offen \u00fcber diesen Wendepunkt seines Lebens.<br \/>\nWie er sich nach der schweren Herz-OP zur\u00fcckgek\u00e4mpft hat, welche Rolle seine Frau Annika, seine kleinen Kinder und ein Anwalt spielten und warum dieser Fr\u00fchling f\u00fcr ihn ein echter Neuanfang ist, lesen Sie jetzt mit BILDplus.<\/p>\n","protected":false},"excerpt":{"rendered":"Vor zwei Jahren lag Heinz Hoenig im k\u00fcnstlichen Koma, 143 Tage auf der Intensivstation, kaum Hoffnung. Jetzt steht&hellip;\n","protected":false},"author":2,"featured_media":987393,"comment_status":"","ping_status":"","sticky":false,"template":"","format":"standard","meta":{"footnotes":"","_share_on_mastodon":"0"},"categories":[155],"tags":[3477,29,127,214,3658,30,932,934,14479,935,138370,215],"class_list":["post-987392","post","type-post","status-publish","format-standard","has-post-thumbnail","category-unterhaltung","tag-bild","tag-deutschland","tag-ehefrau","tag-entertainment","tag-gelsenkirchen","tag-germany","tag-hoenig-heinz","tag-operationen","tag-pferderennen","tag-schauspieler","tag-team-first","tag-unterhaltung"],"share_on_mastodon":{"url":"https:\/\/pubeurope.com\/@de\/116501002880957303","error":""},"_links":{"self":[{"href":"https:\/\/www.europesays.com\/de\/wp-json\/wp\/v2\/posts\/987392","targetHints":{"allow":["GET"]}}],"collection":[{"href":"https:\/\/www.europesays.com\/de\/wp-json\/wp\/v2\/posts"}],"about":[{"href":"https:\/\/www.europesays.com\/de\/wp-json\/wp\/v2\/types\/post"}],"author":[{"embeddable":true,"href":"https:\/\/www.europesays.com\/de\/wp-json\/wp\/v2\/users\/2"}],"replies":[{"embeddable":true,"href":"https:\/\/www.europesays.com\/de\/wp-json\/wp\/v2\/comments?post=987392"}],"version-history":[{"count":0,"href":"https:\/\/www.europesays.com\/de\/wp-json\/wp\/v2\/posts\/987392\/revisions"}],"wp:featuredmedia":[{"embeddable":true,"href":"https:\/\/www.europesays.com\/de\/wp-json\/wp\/v2\/media\/987393"}],"wp:attachment":[{"href":"https:\/\/www.europesays.com\/de\/wp-json\/wp\/v2\/media?parent=987392"}],"wp:term":[{"taxonomy":"category","embeddable":true,"href":"https:\/\/www.europesays.com\/de\/wp-json\/wp\/v2\/categories?post=987392"},{"taxonomy":"post_tag","embeddable":true,"href":"https:\/\/www.europesays.com\/de\/wp-json\/wp\/v2\/tags?post=987392"}],"curies":[{"name":"wp","href":"https:\/\/api.w.org\/{rel}","templated":true}]}}