{"id":987521,"date":"2026-05-01T21:03:32","date_gmt":"2026-05-01T21:03:32","guid":{"rendered":"https:\/\/www.europesays.com\/de\/987521\/"},"modified":"2026-05-01T21:03:32","modified_gmt":"2026-05-01T21:03:32","slug":"tag-der-arbeit-polizei-gewaltfreier-und-friedlicher-1-mai-in-berlin-politik","status":"publish","type":"post","link":"https:\/\/www.europesays.com\/de\/987521\/","title":{"rendered":"Tag der Arbeit &#8211; Polizei: Gewaltfreier und friedlicher 1. Mai in Berlin &#8211; Politik"},"content":{"rendered":"<p data-manual=\"paragraph\" data-schema-org-speakable=\"true\" class=\"css-1eosz7k\"><a href=\"https:\/\/www.sueddeutsche.de\/thema\/Berlin\" rel=\"nofollow noopener\" target=\"_blank\">Berlin<\/a> (dpa) &#8211; Der <a href=\"https:\/\/www.sueddeutsche.de\/thema\/1._Mai\" rel=\"nofollow noopener\" target=\"_blank\">1. Mai<\/a> ist in Berlin nach Polizeiangaben bisher \u201eausgesprochen gewaltfrei und friedlich\u201c verlaufen. Bis zum Abend habe es keine gr\u00f6\u00dferen St\u00f6rungen gegeben, sagte ein Polizeisprecher. Er berichtete von einer vorl\u00e4ufigen Festnahme am Rande der Demonstration \u201eRevolution\u00e4rer 1. Mai\u201c. Zwar sei die Stimmung bei der Demonstration teilweise aggressiv gewesen, aber es habe keine gr\u00f6\u00dferen Zwischenf\u00e4lle gegeben.<\/p>\n<p>Spranger: Knapp 50.000 Menschen in Berlin zum 1. Mai unterwegs<\/p>\n<p data-manual=\"paragraph\" data-schema-org-speakable=\"true\" class=\"css-1eosz7k\">Innensenatorin Iris Spranger (SPD) sprach in der RBB-\u201eAbendschau\u201c von knapp 50.000 Menschen, die sich zum Tag der Arbeit in Berlin versammelt hatten. \u201eBisher ist alles friedlich gelaufen\u201c, sagte auch die Senatorin.<\/p>\n<p data-manual=\"paragraph\" data-schema-org-speakable=\"true\" class=\"css-1eosz7k\">\u00a9 dpa-infocom, dpa:260501-930-22084\/3<\/p>\n","protected":false},"excerpt":{"rendered":"Berlin (dpa) &#8211; Der 1. Mai ist in Berlin nach Polizeiangaben bisher \u201eausgesprochen gewaltfrei und friedlich\u201c verlaufen. Bis&hellip;\n","protected":false},"author":2,"featured_media":987522,"comment_status":"","ping_status":"","sticky":false,"template":"","format":"standard","meta":{"footnotes":"","_share_on_mastodon":"0"},"categories":[1825],"tags":[13657,296,507,29,1549,30,1924,16,121,159,149],"class_list":["post-987521","post","type-post","status-publish","format-standard","has-post-thumbnail","category-berlin","tag-1-mai","tag-berlin","tag-demonstration","tag-deutschland","tag-extremismus","tag-germany","tag-goerlitzer-park","tag-politik","tag-polizei","tag-proteste","tag-sueddeutsche-zeitung"],"share_on_mastodon":{"url":"https:\/\/pubeurope.com\/@de\/116501349056048840","error":""},"_links":{"self":[{"href":"https:\/\/www.europesays.com\/de\/wp-json\/wp\/v2\/posts\/987521","targetHints":{"allow":["GET"]}}],"collection":[{"href":"https:\/\/www.europesays.com\/de\/wp-json\/wp\/v2\/posts"}],"about":[{"href":"https:\/\/www.europesays.com\/de\/wp-json\/wp\/v2\/types\/post"}],"author":[{"embeddable":true,"href":"https:\/\/www.europesays.com\/de\/wp-json\/wp\/v2\/users\/2"}],"replies":[{"embeddable":true,"href":"https:\/\/www.europesays.com\/de\/wp-json\/wp\/v2\/comments?post=987521"}],"version-history":[{"count":0,"href":"https:\/\/www.europesays.com\/de\/wp-json\/wp\/v2\/posts\/987521\/revisions"}],"wp:featuredmedia":[{"embeddable":true,"href":"https:\/\/www.europesays.com\/de\/wp-json\/wp\/v2\/media\/987522"}],"wp:attachment":[{"href":"https:\/\/www.europesays.com\/de\/wp-json\/wp\/v2\/media?parent=987521"}],"wp:term":[{"taxonomy":"category","embeddable":true,"href":"https:\/\/www.europesays.com\/de\/wp-json\/wp\/v2\/categories?post=987521"},{"taxonomy":"post_tag","embeddable":true,"href":"https:\/\/www.europesays.com\/de\/wp-json\/wp\/v2\/tags?post=987521"}],"curies":[{"name":"wp","href":"https:\/\/api.w.org\/{rel}","templated":true}]}}