{"id":987527,"date":"2026-05-01T21:07:21","date_gmt":"2026-05-01T21:07:21","guid":{"rendered":"https:\/\/www.europesays.com\/de\/987527\/"},"modified":"2026-05-01T21:07:21","modified_gmt":"2026-05-01T21:07:21","slug":"ndr-talkshow-tickets-gesucht-aktion-fuer-sendung-am-5-juni-in-hamburg","status":"publish","type":"post","link":"https:\/\/www.europesays.com\/de\/987527\/","title":{"rendered":"&#8222;NDR Talkshow&#8220;: Tickets gesucht? Aktion f\u00fcr Sendung am 5. Juni in Hamburg"},"content":{"rendered":"<p>Tickets sind sehr begehrt <\/p>\n<p>Besondere Aktion bringt Sie bald in die &#8222;NDR Talk Show&#8220;<\/p>\n<p>Aktualisiert am 01.05.2026 &#8211; 20:27 UhrLesedauer: 2 Min.<\/p>\n<p><a href=\"#focus-0\" class=\"transition-colors duration-200 block text-current relative\" data-sctrack=\"FocusGalleryImage.Reference\"><img fetchpriority=\"high\" data-testid=\"Opener.Image\" style=\"--lqipURL:url('https:\/\/images.t-online.de\/2026\/05\/zXhAcf05phMn\/217x56:3455x1944\/fit-in\/150x0\/filters:blur(25)\/hubertus-meyer-burckhardt-barbara-schoeneberger-bettina-tietjen-und-steven-gaetjen-v-l-die-vier-gastgeber-der-ndr-talk-show.jpg')\"   loading=\"eager\" src=\"https:\/\/www.europesays.com\/de\/wp-content\/uploads\/2026\/05\/hubertus-meyer-burckhardt-barbara-schoeneberger-bettina-tietjen-und-steven-gaetjen-v-l-die-vier-gast.jpeg\" alt=\"Hubertus Meyer-Burckhardt, Barbara Sch\u00f6neberger, Bettina Tietjen und Steven G\u00e4tjen (v.l.): Die vier Gastgeber der &quot;NDR Talk Show&quot;.\" title=\"Hubertus Meyer-Burckhardt, Barbara Sch\u00f6neberger, Bettina Tietjen und Steven G\u00e4tjen (v.l.): Die vier Gastgeber der &quot;NDR Talk Show&quot;.\" width=\"3455\" height=\"1944\" class=\"bg-[url:var(--lqipURL)] bg-cover bg-center flex h-full w-full max-w-full\" decoding=\"async\"\/><img style=\"--width:32;--height:32\" loading=\"lazy\" src=\"https:\/\/hamburg.t-online.de\/s\/paper\/_next\/static\/media\/zoom-in.f7dae02f.svg\" alt=\"Vergr\u00f6\u00dfern des Bildes\" title=\"Vergr\u00f6\u00dfern des Bildes\" class=\"block h-[calc(var(--height)_\/_16_*_1rem)] w-[calc(var(--width)_\/_16_*_1rem)] max-w-none absolute bottom-8 right-8 rounded-4 bg-snow p-8\" decoding=\"async\"\/><\/a><\/p>\n<p>Hubertus Meyer-Burckhardt, Barbara Sch\u00f6neberger, Bettina Tietjen und Steven G\u00e4tjen (v.l.): Die vier Gastgeber der &#8222;NDR Talk Show&#8220;. (Quelle: NDR\/Thomas Kierok)<\/p>\n<p class=\"font-bold text-18 leading-17 user-text-lg:text-22 user-text-xl:text-24\">Die Nachfrage nach Tickets f\u00fcr die &#8222;NDR Talk Show&#8220; ist seit Jahren hoch. Nun startet der NDR eine besondere Aktion \u2013 doch nicht jeder kann teilnehmen.<\/p>\n<p class=\"text-18 leading-17 user-text-lg:text-22 user-text-xl:text-24\">Fast jede Ausgabe der &#8222;NDR Talk Show&#8220; ist bereits Monate vor der Ausstrahlung ausverkauft. Auch f\u00fcr die Sendung am 1. Mai sind keine Pl\u00e4tze im Studiopublikum mehr verf\u00fcgbar.<\/p>\n<p class=\"text-18 leading-17 user-text-lg:text-22 user-text-xl:text-24\">Wie der Sender mitteilt, wurde nun eine spezielle Aktion ins Leben gerufen, \u00fcber die Fans Tickets f\u00fcr eine Ausgabe im Juni 2026 erhalten k\u00f6nnen. Allerdings gibt es eine Einschr\u00e4nkung: Teilnehmen k\u00f6nnen ausschlie\u00dflich Vereine.<\/p>\n<p class=\"text-18 leading-17 user-text-lg:text-22 user-text-xl:text-24\">F\u00fcr die Ausgabe der &#8222;NDR Talk Show&#8220; am 5. Juni 2026 sucht der Sender gezielt Vereine, die generationen\u00fcbergreifend arbeiten. Acht Publikumspl\u00e4tze werden daf\u00fcr reserviert, zus\u00e4tzlich ist eine kurze Backstage-F\u00fchrung geplant. Der ausgew\u00e4hlte Verein soll au\u00dferdem in der Sendung vorgestellt werden.<\/p>\n<p class=\"text-18 leading-17 user-text-lg:text-22 user-text-xl:text-24\">Interessierte Gruppen k\u00f6nnen sich noch bis zum 4. Mai bewerben. Dazu m\u00fcssen sie auf der Webseite des NDR ein Formular ausf\u00fcllen und einige S\u00e4tze zur eigenen Arbeit einreichen. Beschrieben werden soll insbesondere, wie der Verein verschiedene Altersgruppen zusammenbringt. Auch Fotos k\u00f6nnen eingereicht werden.<\/p>\n<p class=\"text-18 leading-17 user-text-lg:text-22 user-text-xl:text-24\">Die Talksendung wird in der Regel am Tag der Ausstrahlung in den NDR-Studios in Hamburg-Lokstedt aufgezeichnet. Zuschauer k\u00f6nnen grunds\u00e4tzlich teilnehmen, doch die Nachfrage ist hoch: F\u00fcr das Jahr 2026 sind nach Senderangaben bereits alle Karten vergeben (Stand: 1. Mai).<\/p>\n","protected":false},"excerpt":{"rendered":"Tickets sind sehr begehrt Besondere Aktion bringt Sie bald in die &#8222;NDR Talk Show&#8220; Aktualisiert am 01.05.2026 &#8211;&hellip;\n","protected":false},"author":2,"featured_media":987528,"comment_status":"","ping_status":"","sticky":false,"template":"","format":"standard","meta":{"footnotes":"","_share_on_mastodon":"0"},"categories":[1773],"tags":[522,8265,78641,29,214,30,692,109196,438,144961,471,1780,37090,226,215],"class_list":["post-987527","post","type-post","status-publish","format-standard","has-post-thumbnail","category-serien","tag-522","tag-barbara-schoeneberger","tag-bettina-tietjen","tag-deutschland","tag-entertainment","tag-germany","tag-hamburg","tag-hubertus-meyer-burckhardt","tag-ndr","tag-ndr-talk-show","tag-serien","tag-series","tag-steven-gaetjen","tag-t-online","tag-unterhaltung"],"share_on_mastodon":{"url":"https:\/\/pubeurope.com\/@de\/116501365716615373","error":""},"_links":{"self":[{"href":"https:\/\/www.europesays.com\/de\/wp-json\/wp\/v2\/posts\/987527","targetHints":{"allow":["GET"]}}],"collection":[{"href":"https:\/\/www.europesays.com\/de\/wp-json\/wp\/v2\/posts"}],"about":[{"href":"https:\/\/www.europesays.com\/de\/wp-json\/wp\/v2\/types\/post"}],"author":[{"embeddable":true,"href":"https:\/\/www.europesays.com\/de\/wp-json\/wp\/v2\/users\/2"}],"replies":[{"embeddable":true,"href":"https:\/\/www.europesays.com\/de\/wp-json\/wp\/v2\/comments?post=987527"}],"version-history":[{"count":0,"href":"https:\/\/www.europesays.com\/de\/wp-json\/wp\/v2\/posts\/987527\/revisions"}],"wp:featuredmedia":[{"embeddable":true,"href":"https:\/\/www.europesays.com\/de\/wp-json\/wp\/v2\/media\/987528"}],"wp:attachment":[{"href":"https:\/\/www.europesays.com\/de\/wp-json\/wp\/v2\/media?parent=987527"}],"wp:term":[{"taxonomy":"category","embeddable":true,"href":"https:\/\/www.europesays.com\/de\/wp-json\/wp\/v2\/categories?post=987527"},{"taxonomy":"post_tag","embeddable":true,"href":"https:\/\/www.europesays.com\/de\/wp-json\/wp\/v2\/tags?post=987527"}],"curies":[{"name":"wp","href":"https:\/\/api.w.org\/{rel}","templated":true}]}}