{"id":987661,"date":"2026-05-01T22:30:24","date_gmt":"2026-05-01T22:30:24","guid":{"rendered":"https:\/\/www.europesays.com\/de\/987661\/"},"modified":"2026-05-01T22:30:24","modified_gmt":"2026-05-01T22:30:24","slug":"1-mai-in-berlin-polizei-spricht-von-gewaltfreiem-und-friedlichem-verlauf-zehntausende-feiern-bei-bestem-wetter","status":"publish","type":"post","link":"https:\/\/www.europesays.com\/de\/987661\/","title":{"rendered":"1. Mai in Berlin: Polizei spricht von gewaltfreiem und friedlichem Verlauf \u2013 Zehntausende feiern bei bestem Wetter"},"content":{"rendered":"<p class=\"tspBMlw tspBMlx\">F\u00fcr viele war es der erste Sommerkleid- oder Kurze-Hose-Tag im Jahr: Es schien, als sei am 1. Mai ganz Berlin auf der Stra\u00dfe\u00a0\u2013 die einen zum Demonstrieren, die anderen zum Feiern. Innensenatorin Iris Spranger (SPD) sprach am Abend von <strong>knapp 50.000 Menschen, die sich in der Hauptstadt versammelt hatten. <\/strong><\/p>\n<p class=\"tspBMlw\"><strong>Rund 5300 Polizisten <\/strong>aus mehreren Bundesl\u00e4ndern sicherten die zahlreichen Demonstrationen und Veranstaltungen zum 1. Mai. Am Abend berichtete die Polizei wie auch im vergangenen Jahr <strong>von einem ausgesprochen gewaltfreien und friedlichen Verlauf des Tages.<\/strong><\/p>\n<p><img decoding=\"async\" src=\"https:\/\/www.europesays.com\/de\/wp-content\/uploads\/2026\/05\/1777674618_935_demonstrationen-zum-1-mai-berlin.jpeg\"   alt=\"01.05.2026, Berlin: Der Demonstrationszug \u00abRevolution\u00e4rer 1. Mai - Freiheit. Frieden. Solidarit\u00e4t.\u00bb zieht durch Kreuzberg. Am 1. Mai finden bundesweit mehrere Demonstrationen und Veranstaltungen statt. Foto: Fabian Sommer\/dpa +++ dpa-Bildfunk +++\" aria-labelledby=\"caption-15547995\" width=\"440\" height=\"330\" loading=\"lazy\" class=\"tspAViz\"\/> Der Demonstrationszug \u201eRevolution\u00e4rer 1. Mai \u2013 Freiheit\u201c. Frieden. \u00bbSolidarit\u00e4t.\u00ab zog durch Kreuzberg und Neuk\u00f6lln.  <\/p>\n<p class=\"tspAEgr\"> \u00a9 dpa\/Fabian Sommer <\/p>\n<p class=\"tspBMlw\">Im Fokus der Sicherheitskr\u00e4fte stand <strong>die traditionelle Demonstration \u201eRevolution\u00e4rer 1. Mai\u201c<\/strong> von linken und linksextremen Gruppen. Etwa 10.000 Demonstranten zogen am Abend durch Kreuzberg und Neuk\u00f6lln. Nach ersten Angaben der Polizei gab es keine gr\u00f6\u00dferen Zwischenf\u00e4lle. Vereinzelt kam es zu Rangeleien, auch Bengalisches Feuer wurde gez\u00fcndet. Kurz nach Mitternacht meldete die Polizei, dass<strong> neun Einsatzkr\u00e4fte leicht verletzt <\/strong>worden seien. <\/p>\n<p><a href=\"https:\/\/www.tagesspiegel.de\/berlin\/berlins-regierender-war-selbst-bei-demo-kai-wegner-verteidigt-den-1-mai-als-feiertag-15547698.html?icid=single-topic_15545993___\" data-gtm-class=\"article-mzt-link\" class=\"tspB9nt\" rel=\"nofollow noopener\" target=\"_blank\">Berlins Regierender war selbst bei Demo Kai Wegner verteidigt den 1. Mai als Feiertag <\/a><\/p>\n<p class=\"tspBMlw\">Wegen \u00dcberf\u00fcllung wurde <strong>der G\u00f6rlitzer Park<\/strong> am Abend geschlossen, sp\u00e4ter jedoch wieder ge\u00f6ffnet. Zuvor protestierten Tausende Menschen bei der <strong>Techno-Demo \u201eFree G\u00f6rli \u2013 Rave against the Zaun\u201c<\/strong> gegen die n\u00e4chtliche Schlie\u00dfung der Anlage. <\/p>\n<p class=\"tspBMlw\">Wegen der Menschenmassen in Kreuzberg waren auch die umliegenden Stra\u00dfen f\u00fcr Autos gesperrt. <strong>Mehrere U-Bahnh\u00f6fe wurden geschlossen<\/strong>, die Z\u00fcge hielten dort nicht mehr. Voller Menschen war auch der <strong>Mariannenplatz<\/strong>, als dort am Abend die Berliner Rapperin <strong>Ikkimel <\/strong>beim 1. Mai-Fest der Linken auftrat. <\/p>\n<p><a href=\"https:\/\/www.tagesspiegel.de\/berlin\/ich-bin-fur-die-vier-stunden-woche-und-mehr-gehalt-berliner-rapperin-ikkimel-tritt-vor-tausenden-auf-linke-fest-auf-15547916.html?icid=single-topic_15545993___\" data-gtm-class=\"article-mzt-link\" class=\"tspB9nt\" rel=\"nofollow noopener\" target=\"_blank\">\u201eIch bin f\u00fcr die Vier-Stunden-Woche und mehr Gehalt\u201c Berliner Rapperin Ikkimel tritt vor Tausenden auf Linken-Fest auf <\/a><\/p>\n<p class=\"tspBMlw\">Bereits am Vormittag demonstrierten Menschen<strong> im Villenviertel Grunewald<\/strong> gegen soziale Spaltung und hohe Mieten. Und an der <strong>Demonstration und Kundgebung des Deutschen Gewerkschaftsbundes (DGB)<\/strong> beteiligten sich in der Hauptstadt nach Gewerkschaftsangaben rund 12.000 Menschen. Sie gingen unter dem Motto \u201eErst unsere Jobs, dann eure Profite\u201c auf die Stra\u00dfe. (mit dpa)<\/p>\n<p class=\"tspBMlw\"><strong>Die Ereignisse des Tages zum Nachlesen: <\/strong><\/p>\n<p>            Empfohlener redaktioneller Inhalt<\/p>\n<p> An dieser Stelle finden Sie einen von unseren Redakteuren ausgew\u00e4hlten, externen Inhalt, der den Artikel f\u00fcr Sie mit zus\u00e4tzlichen Informationen anreichert. Sie k\u00f6nnen sich hier den externen Inhalt mit einem Klick anzeigen lassen oder wieder ausblenden.<\/p>\n<p>Ich bin damit einverstanden, dass mir der externe Inhalt angezeigt wird. Damit k\u00f6nnen personenbezogene Daten an Drittplattformen \u00fcbermittelt werden.<\/p>\n<p>              Polizei meldet neun leicht verletzte Einsatzkr\u00e4fte<\/p>\n<p>Nach dem Ende der Demonstration meldet die Polizei neun verletzte Beamte.\u00a0<\/p>\n<p>Aus der Demonstration heraus sei \u201emehrfach Pyrotechnik gez\u00fcndet\u201c worden, teilte sie auf der Plattform X mit. \u201eAu\u00dferdem sind unsere Kolleginnen und Kollegen teilweise mit Gegenst\u00e4nden beworfen worden. <b>Nach aktuellem Stand wurden neun Einsatzkr\u00e4fte leicht verletzt.<\/b>\u201c\u00a0<\/p>\n<p>Damit beenden wir unseren Liveblog nach einem insgesamt friedlichen und nahezu gewaltfreien 1. Mai in Berlin. Wenn Sie noch in der Stadt unterwegs sind: <b style=\"font-size: 1em;\">Kommen Sie gut nach Hause!\u00a0<\/b><\/p>\n<p>                <img decoding=\"async\" src=\"https:\/\/tagesspiegel.liveblog.pro\/lb-tagesspiegel\/3.91.1\/default\/images\/action_share.svg\" class=\"lb-post-shareIcon\" alt=\"Share\"\/><\/p>\n<p>                <a id=\"urn:newsml:localhost:2026-05-02T00:06:23.994989:d06e1c5f-74b2-4593-977c-3980b15ccfd7\" target=\"_blank\" title=\"Permalink\"><br \/>\n                    <img decoding=\"async\" src=\"https:\/\/tagesspiegel.liveblog.pro\/lb-tagesspiegel\/3.91.1\/default\/images\/action_link.svg\" class=\"lb-post-linkIcon\"\/><br \/>\n                    Permalink<br \/>\n                <\/a><\/p>\n<p>              Streit an der\u00a0Warschauer Stra\u00dfe\u00a0<\/p>\n<p>Am sp\u00e4ten Abend berichtet die Polizei noch von einer Auseinandersetzung in Friedrichshain:\u00a0<\/p>\n<p>\u201eAuf der Warschauer Stra\u00dfe kam es zu <b>Streitigkeiten zwischen zwei M\u00e4nnern,<\/b> die vorerst geschlichtet wurden. Die beiden M\u00e4nner wurden vor Ort entlassen, jedoch griff einer der M\u00e4nner den anderen anschlie\u00dfend an. <b>Er wurde festgenommen,<\/b> wobei ein Kollege verletzt wurde. Der Mann pustete 0,74\u2030\u201c, teilte die Beh\u00f6rde mit.\u00a0<\/p>\n<p>                <img decoding=\"async\" src=\"https:\/\/tagesspiegel.liveblog.pro\/lb-tagesspiegel\/3.91.1\/default\/images\/action_share.svg\" class=\"lb-post-shareIcon\" alt=\"Share\"\/><\/p>\n<p>                <a id=\"urn:newsml:localhost:2026-05-01T23:53:27.708738:d01d7536-02c7-4a7d-8122-36659a1829b1\" target=\"_blank\" title=\"Permalink\"><br \/>\n                    <img decoding=\"async\" src=\"https:\/\/tagesspiegel.liveblog.pro\/lb-tagesspiegel\/3.91.1\/default\/images\/action_link.svg\" class=\"lb-post-linkIcon\"\/><br \/>\n                    Permalink<br \/>\n                <\/a><\/p>\n<p>              Schluss mit Revolution\u00a0<\/p>\n<p>Der Frontblock hat den Banner eingerollt, am Rande der Versammlung wird noch ein Feuerwerksk\u00f6rper gez\u00fcndet, ein Redner ruft heiser zum Abschied: <b>Die revolution\u00e4re 1. Mai-Demo ist vorbei.<\/b><\/p>\n<p>Die Teilnehmenden der Demonstration machen sich auf den Heimweg, viele sitzen noch am S\u00fcdstern. Die Revolution geht in sp\u00e4tabendliches Abh\u00e4ngen \u00fcber. (Dominik Lenze)<\/p>\n<p>                <img decoding=\"async\" src=\"https:\/\/tagesspiegel.liveblog.pro\/lb-tagesspiegel\/3.91.1\/default\/images\/action_share.svg\" class=\"lb-post-shareIcon\" alt=\"Share\"\/><\/p>\n<p>                <a id=\"urn:newsml:localhost:2026-05-01T23:44:45.889923:f6173342-cbb0-4152-b68c-0ba557c95f40\" target=\"_blank\" title=\"Permalink\"><br \/>\n                    <img decoding=\"async\" src=\"https:\/\/tagesspiegel.liveblog.pro\/lb-tagesspiegel\/3.91.1\/default\/images\/action_link.svg\" class=\"lb-post-linkIcon\"\/><br \/>\n                    Permalink<br \/>\n                <\/a><\/p>\n<p>Erste Demonstrierende sind am\u00a0S\u00fcdsternGegen 23 Uhr erreicht die Demonstration trotz Routen\u00e4nderung den urspr\u00fcnglich anvisierten Endpunkt am S\u00fcdstern.\u00a0<\/p>\n<p>Zum Abschied gibt es etwas Pathos: \u201e<b>Wir sind auf die Stra\u00dfen gegangen im Namen unserer Klasse\u201c<\/b>, sagt eine Rednerin. Ein weiterer Redner skandiert <b>\u201eHoch die internationale Solidarit\u00e4t\u201c<\/b> auf einen Technobeat. Die Menge umrundet die Kirche am S\u00fcdkreuz, stetig r\u00fccken weitere Demo-Bl\u00f6cke nach.\u00a0(Dominik Lenze)<\/p>\n<p>  <img decoding=\"async\" src=\"https:\/\/www.europesays.com\/de\/wp-content\/uploads\/2026\/05\/bd0b29e043f3e7fc962fbd49994c55ff5396af95173cc94fb6e99dc13a95a0b5.jpg\"  alt=\"\"\/><\/p>\n<p>      <b>Bild:<\/b><br \/>\n      Dominik Lenze<\/p>\n<p>                <img decoding=\"async\" src=\"https:\/\/tagesspiegel.liveblog.pro\/lb-tagesspiegel\/3.91.1\/default\/images\/action_share.svg\" class=\"lb-post-shareIcon\" alt=\"Share\"\/><\/p>\n<p>                <a id=\"urn:newsml:localhost:2026-05-01T23:11:08.636108:cdd4ba09-d6bc-46a6-baa7-49bce88707df\" target=\"_blank\" title=\"Permalink\"><br \/>\n                    <img decoding=\"async\" src=\"https:\/\/tagesspiegel.liveblog.pro\/lb-tagesspiegel\/3.91.1\/default\/images\/action_link.svg\" class=\"lb-post-linkIcon\"\/><br \/>\n                    Permalink<br \/>\n                <\/a><\/p>\n<p>W\u00e4hrend die Demonstration nun Richtung S\u00fcdstern l\u00e4uft, sind noch immer Tausende in Kreuzberg und Neuk\u00f6lln unterwegs und genie\u00dfen die laue Nacht. Gelegentlich sind <b>Polizeisirenen <\/b>zu h\u00f6ren \u2013 und <b>das Klirren von Glas.<\/b> Die Berliner Stadtreinigung d\u00fcrfte morgen einiges zu tun haben, um die \u00dcberreste der Feierei zu beseitigen.<\/p>\n<p>                <img decoding=\"async\" src=\"https:\/\/tagesspiegel.liveblog.pro\/lb-tagesspiegel\/3.91.1\/default\/images\/action_share.svg\" class=\"lb-post-shareIcon\" alt=\"Share\"\/><\/p>\n<p>                <a id=\"urn:newsml:localhost:2026-05-01T23:02:31.013908:b4d5f8aa-1da0-4645-ac11-d36ae2843d1a\" target=\"_blank\" title=\"Permalink\"><br \/>\n                    <img decoding=\"async\" src=\"https:\/\/tagesspiegel.liveblog.pro\/lb-tagesspiegel\/3.91.1\/default\/images\/action_link.svg\" class=\"lb-post-linkIcon\"\/><br \/>\n                    Permalink<br \/>\n                <\/a><\/p>\n<p>              <b>Polizei: Gewaltfreier und friedlicher 1. Mai in Berlin<\/b><\/p>\n<p>Der 1. Mai ist in Berlin nach Polizeiangaben bisher <b>\u201eausgesprochen gewaltfrei und friedlich\u201c <\/b>verlaufen. Bis zum Abend habe es keine gr\u00f6\u00dferen St\u00f6rungen gegeben, sagte ein Polizeisprecher.\u00a0<\/p>\n<p>Er berichtete <b>von einer vorl\u00e4ufigen Festnahme am Rande der Demonstration \u201eRevolution\u00e4rer 1. Mai\u201c.<\/b> Zwar sei die Stimmung bei der Demonstration teilweise aggressiv gewesen, aber es habe keine gr\u00f6\u00dferen Zwischenf\u00e4lle gegeben. (dpa)<\/p>\n<p>                <img decoding=\"async\" src=\"https:\/\/tagesspiegel.liveblog.pro\/lb-tagesspiegel\/3.91.1\/default\/images\/action_share.svg\" class=\"lb-post-shareIcon\" alt=\"Share\"\/><\/p>\n<p>                <a id=\"urn:newsml:localhost:2026-05-01T22:43:29.277854:08ecdb5a-7258-4730-8309-2dc28d05f5b5\" target=\"_blank\" title=\"Permalink\"><br \/>\n                    <img decoding=\"async\" src=\"https:\/\/tagesspiegel.liveblog.pro\/lb-tagesspiegel\/3.91.1\/default\/images\/action_link.svg\" class=\"lb-post-linkIcon\"\/><br \/>\n                    Permalink<br \/>\n                <\/a><\/p>\n<p>              Spranger:\u00a050.000 Menschen unterwegsInnensenatorin Iris Spranger (SPD) sprach in der RBB-\u201eAbendschau\u201c von knapp 50.000 Menschen, die sich zum Tag der Arbeit in Berlin versammelt hatten. \u201eBisher ist alles friedlich gelaufen\u201c, sagte sie. (dpa)<\/p>\n<p>                <img decoding=\"async\" src=\"https:\/\/tagesspiegel.liveblog.pro\/lb-tagesspiegel\/3.91.1\/default\/images\/action_share.svg\" class=\"lb-post-shareIcon\" alt=\"Share\"\/><\/p>\n<p>                <a id=\"urn:newsml:localhost:2026-05-01T22:42:03.631331:ede53e1d-2fc5-4ad8-9c6e-acfc26133079\" target=\"_blank\" title=\"Permalink\"><br \/>\n                    <img decoding=\"async\" src=\"https:\/\/tagesspiegel.liveblog.pro\/lb-tagesspiegel\/3.91.1\/default\/images\/action_link.svg\" class=\"lb-post-linkIcon\"\/><br \/>\n                    Permalink<br \/>\n                <\/a><\/p>\n<p>              Route wird verk\u00fcrzt<\/p>\n<p>Gegen 22.30 Uhr erreicht die 1. Mai-Demo den Hermannplatz in Neuk\u00f6lln.\u00a0<\/p>\n<p>Die Polizei meldet, dass die Route ab hier verk\u00fcrzt wird: \u201eDie Wegstrecke des Aufzugs wurde ge\u00e4ndert. <b>Von der Sonnenallee geht es nun nach rechts direkt \u00fcber den Hermannplatz zur Hasenheide\u201c<\/b>, teilt sie mit. Urspr\u00fcnglich sollte der Protest \u00fcber die Karl-Marx-Stra\u00dfe zum S\u00fcdstern f\u00fchren.\u00a0<\/p>\n<p>  <img decoding=\"async\" src=\"https:\/\/www.europesays.com\/de\/wp-content\/uploads\/2026\/05\/e6f0b2a2db7c8967ee93fdcd5320d1e53c9fa08aea19638a64fb35e44ee99d8e.jpg\"  alt=\"Die Demo am Hermannplatz.\u00a0\"\/><\/p>\n<p>        Die Demo am Hermannplatz.\u00a0<br \/>\n      \u00a0<\/p>\n<p>      <b>Bild:<\/b><br \/>\n      Dominik Lenze<\/p>\n<p>                <img decoding=\"async\" src=\"https:\/\/tagesspiegel.liveblog.pro\/lb-tagesspiegel\/3.91.1\/default\/images\/action_share.svg\" class=\"lb-post-shareIcon\" alt=\"Share\"\/><\/p>\n<p>                <a id=\"urn:newsml:localhost:2026-05-01T22:38:01.014112:855d8705-aba7-4cb4-b3dc-afe8bd6c0066\" target=\"_blank\" title=\"Permalink\"><br \/>\n                    <img decoding=\"async\" src=\"https:\/\/tagesspiegel.liveblog.pro\/lb-tagesspiegel\/3.91.1\/default\/images\/action_link.svg\" class=\"lb-post-linkIcon\"\/><br \/>\n                    Permalink<br \/>\n                <\/a><\/p>\n<p>              Spitze der Demonstration an der Sonnenallee<\/p>\n<p>Nachdem sich der linke Protestzug wieder in Bewegung gesetzt hat, erreicht die Spitze der Demonstration nun die Sonnenallee. (Dominik Lenze)\u00a0<\/p>\n<p>                <img decoding=\"async\" src=\"https:\/\/tagesspiegel.liveblog.pro\/lb-tagesspiegel\/3.91.1\/default\/images\/action_share.svg\" class=\"lb-post-shareIcon\" alt=\"Share\"\/><\/p>\n<p>                <a id=\"urn:newsml:localhost:2026-05-01T22:32:19.053323:9947c449-5834-423c-863c-39a712bbb514\" target=\"_blank\" title=\"Permalink\"><br \/>\n                    <img decoding=\"async\" src=\"https:\/\/tagesspiegel.liveblog.pro\/lb-tagesspiegel\/3.91.1\/default\/images\/action_link.svg\" class=\"lb-post-linkIcon\"\/><br \/>\n                    Permalink<br \/>\n                <\/a><\/p>\n<p>              Mehrere Bahnh\u00f6fe weiter dicht<\/p>\n<p>Laut Polizei und BVG sind drei Bahnh\u00f6fe weiter gesperrt:\u00a0<\/p>\n<p><b>Hallesches Tor<\/b><\/p>\n<p><b>G\u00f6rlitzer Bahnhof<\/b><\/p>\n<p><b>Schlesisches Tor<\/b><\/p>\n<p>                <img decoding=\"async\" src=\"https:\/\/tagesspiegel.liveblog.pro\/lb-tagesspiegel\/3.91.1\/default\/images\/action_share.svg\" class=\"lb-post-shareIcon\" alt=\"Share\"\/><\/p>\n<p>                <a id=\"urn:newsml:localhost:2026-05-01T22:29:18.855431:9b9a70ed-82f9-42ba-9163-8e60426d72b3\" target=\"_blank\" title=\"Permalink\"><br \/>\n                    <img decoding=\"async\" src=\"https:\/\/tagesspiegel.liveblog.pro\/lb-tagesspiegel\/3.91.1\/default\/images\/action_link.svg\" class=\"lb-post-linkIcon\"\/><br \/>\n                    Permalink<br \/>\n                <\/a><\/p>\n<p>                <img decoding=\"async\" src=\"https:\/\/tagesspiegel.liveblog.pro\/lb-tagesspiegel\/3.91.1\/default\/images\/action_share.svg\" class=\"lb-post-shareIcon\" alt=\"Share\"\/><\/p>\n<p>                <a id=\"urn:newsml:localhost:2026-05-01T22:27:15.866889:1931c39c-8490-40c9-9f07-58c745208e74\" target=\"_blank\" title=\"Permalink\"><br \/>\n                    <img decoding=\"async\" src=\"https:\/\/tagesspiegel.liveblog.pro\/lb-tagesspiegel\/3.91.1\/default\/images\/action_link.svg\" class=\"lb-post-linkIcon\"\/><br \/>\n                    Permalink<br \/>\n                <\/a><\/p>\n<p>              Enge Polizeibegleitung<\/p>\n<p>Im hinteren Block werden die Demonstrierenden <b>eng umringt von behelmten Polizeikr\u00e4ften.<\/b> Eine Frau auf der B\u00fchne stimmt an: \u201eOhne Helm und ohne Kn\u00fcppel seid ihr nichts\u201c. Einmal greift ein Polizist genervt in eine Fahne. Mehr geschieht an dieser Stelle zun\u00e4chst nicht. (Dominik Lenze)\u00a0<\/p>\n<p>  <img decoding=\"async\" src=\"https:\/\/www.europesays.com\/de\/wp-content\/uploads\/2026\/05\/0e8a65a52816b94612b9bab29cc4c56c6debf23c22ba00fc2694076a5984b8ea.jpg\"  alt=\"\"\/><\/p>\n<p>      <b>Bild:<\/b><br \/>\n      Dominik Lenze<\/p>\n<p>                <img decoding=\"async\" src=\"https:\/\/tagesspiegel.liveblog.pro\/lb-tagesspiegel\/3.91.1\/default\/images\/action_share.svg\" class=\"lb-post-shareIcon\" alt=\"Share\"\/><\/p>\n<p>                <a id=\"urn:newsml:localhost:2026-05-01T22:26:38.136071:96e0c400-97aa-4460-a8ee-6871b918add7\" target=\"_blank\" title=\"Permalink\"><br \/>\n                    <img decoding=\"async\" src=\"https:\/\/tagesspiegel.liveblog.pro\/lb-tagesspiegel\/3.91.1\/default\/images\/action_link.svg\" class=\"lb-post-linkIcon\"\/><br \/>\n                    Permalink<br \/>\n                <\/a><\/p>\n<p>              Demo steht\u00a0<\/p>\n<p>Eine knappe Stunde stand die Spitze des Demo-Zuges in der Glogauer Stra\u00dfe. Das Ende\u00a0befand sich noch in der Oranienstra\u00dfe in Kreuzberg &#8211; dazwischen klafften gro\u00dfe L\u00fccken, der Zug zerfaserte quasi.\u00a0<\/p>\n<p>Warum der Zug stand, ist unklar. Laut Redner wartete man wohl auf Nachz\u00fcgler. Die Polizei konnte keinen Grund nennen. Doch nun geht es wieder weiter.\u00a0<\/p>\n<p>Insgesamt ist die Lage etwas un\u00fcbersichtlich. Immer wieder mischen sich Feiernde unter die Demonstrierenden.\u00a0<\/p>\n<p>                <img decoding=\"async\" src=\"https:\/\/tagesspiegel.liveblog.pro\/lb-tagesspiegel\/3.91.1\/default\/images\/action_share.svg\" class=\"lb-post-shareIcon\" alt=\"Share\"\/><\/p>\n<p>                <a id=\"urn:newsml:localhost:2026-05-01T22:23:47.329247:90714608-b1ab-4478-983a-b8d6ae121407\" target=\"_blank\" title=\"Permalink\"><br \/>\n                    <img decoding=\"async\" src=\"https:\/\/tagesspiegel.liveblog.pro\/lb-tagesspiegel\/3.91.1\/default\/images\/action_link.svg\" class=\"lb-post-linkIcon\"\/><br \/>\n                    Permalink<br \/>\n                <\/a><\/p>\n<p>              1. Mai \u2013 war das nicht der Tag &#8230; des Tankrabatts? Wir haben uns das mal in Kreuzberg angeschaut.<\/p>\n<p>                <img decoding=\"async\" src=\"https:\/\/tagesspiegel.liveblog.pro\/lb-tagesspiegel\/3.91.1\/default\/images\/action_share.svg\" class=\"lb-post-shareIcon\" alt=\"Share\"\/><\/p>\n<p>                <a id=\"urn:newsml:localhost:2026-05-01T22:04:15.916839:5d2f2263-3608-45e5-ad78-a64b4180fed0\" target=\"_blank\" title=\"Permalink\"><br \/>\n                    <img decoding=\"async\" src=\"https:\/\/tagesspiegel.liveblog.pro\/lb-tagesspiegel\/3.91.1\/default\/images\/action_link.svg\" class=\"lb-post-linkIcon\"\/><br \/>\n                    Permalink<br \/>\n                <\/a><\/p>\n<p>              Israelfeindliche Sprechch\u00f6re<\/p>\n<p>Einschl\u00e4gige israelfeindliche Gruppen sammeln sich in einem der hinteren Demo-Bl\u00f6cke. Eine Rednerin stimmt das Publikum dazu an, \u201eFuck you Israel, viva Palestine\u201c zu rufen oder auch die Parole: &#8222;There ist only one state \u2013 Palestine 48\u201c. Mit dem Jahr 1948 ist das in diesem Teil der Szene verhasste Gr\u00fcndungsjahr Israels gemeint.<\/p>\n<p>Neben Flaggen der \u201eRevolution\u00e4ren Kommunistischen Partei\u201c sind Flaggen der Gruppierung \u201eYoung Struggle\u201c zu sehen. Diese Gruppe hatte den \u00dcberfall der Hamas auf israelische Zivilisten am 7. Oktober 2023 als \u201eWiderstand\u201c verkl\u00e4rt. (Dominik Lenze)\u00a0<\/p>\n<p>                <img decoding=\"async\" src=\"https:\/\/tagesspiegel.liveblog.pro\/lb-tagesspiegel\/3.91.1\/default\/images\/action_share.svg\" class=\"lb-post-shareIcon\" alt=\"Share\"\/><\/p>\n<p>                <a id=\"urn:newsml:localhost:2026-05-01T21:51:09.178123:c8379f39-c11b-42fe-ac49-9fee0b62abb2\" target=\"_blank\" title=\"Permalink\"><br \/>\n                    <img decoding=\"async\" src=\"https:\/\/tagesspiegel.liveblog.pro\/lb-tagesspiegel\/3.91.1\/default\/images\/action_link.svg\" class=\"lb-post-linkIcon\"\/><br \/>\n                    Permalink<br \/>\n                <\/a><\/p>\n<p>              Auch am Landwehrkanal wird noch gefeiert<\/p>\n<p>Hunderte Menschen haben sich am Landwehrkanal versammelt. Am Dreil\u00e4ndereck, dort, wo Kreuzberg, Neuk\u00f6lln und Treptow aufeinandertreffen, feiern sie. DJs legen auf. Aber auch die Polizei ist hier. Ein DJ muss sein Set beenden. (Robert Klages)<\/p>\n<p>  <img decoding=\"async\" src=\"https:\/\/www.europesays.com\/de\/wp-content\/uploads\/2026\/05\/8ab834b0fd04f89a213222f186967a51205a9bd9330c1cf8e03239b7ff5ffcdb.jpg\"  alt=\"\"\/><\/p>\n<p>      <b>Bild:<\/b><br \/>\n      Robert Klages<\/p>\n<p>                <img decoding=\"async\" src=\"https:\/\/tagesspiegel.liveblog.pro\/lb-tagesspiegel\/3.91.1\/default\/images\/action_share.svg\" class=\"lb-post-shareIcon\" alt=\"Share\"\/><\/p>\n<p>                <a id=\"urn:newsml:localhost:2026-05-01T21:47:56.103647:9eee95c4-f11c-4f7f-8aa6-ef05948a6680\" target=\"_blank\" title=\"Permalink\"><br \/>\n                    <img decoding=\"async\" src=\"https:\/\/tagesspiegel.liveblog.pro\/lb-tagesspiegel\/3.91.1\/default\/images\/action_link.svg\" class=\"lb-post-linkIcon\"\/><br \/>\n                    Permalink<br \/>\n                <\/a><\/p>\n<p>              <b>Auseinandersetzung mit rechten Streamer<\/b>Auf der Glogauer Stra\u00dfe kam es zu einem Gerangel zwischen einem Streamer aus der rechten Szene und Teilnehmenden der Mai-Demo. <\/p>\n<p>Ein Video des BZ-Reporters zeigt, dass Demoteilnehmer zuerst den rechten Streamer bedr\u00e4ngen. Dieser weicht zur\u00fcck, geht dann aber selbst zum Angriff \u00fcber. Die Pressestelle der Polizei hatte gegen 21.30 Uhr noch keine n\u00e4heren Informationen zu dem Einsatz. (Dominik Lenze)<\/p>\n<p>                <img decoding=\"async\" src=\"https:\/\/tagesspiegel.liveblog.pro\/lb-tagesspiegel\/3.91.1\/default\/images\/action_share.svg\" class=\"lb-post-shareIcon\" alt=\"Share\"\/><\/p>\n<p>                <a id=\"urn:newsml:localhost:2026-05-01T21:39:33.902660:27644e50-b1b6-406c-9014-0e6a144f04a9\" target=\"_blank\" title=\"Permalink\"><br \/>\n                    <img decoding=\"async\" src=\"https:\/\/tagesspiegel.liveblog.pro\/lb-tagesspiegel\/3.91.1\/default\/images\/action_link.svg\" class=\"lb-post-linkIcon\"\/><br \/>\n                    Permalink<br \/>\n                <\/a><\/p>\n<p>              Unterschiedliche Zahlen<\/p>\n<p>W\u00e4hrend die Berliner Polizei von 10.000 Teilnehmenden bei der Demonstration spricht, melden sich die Oranisator:innen mit anderen Zahlen:\u00a0&#8222;Leute, es ist umwerfend.\u00a0<b>Es sind 30.000 bis 35.000 Leute in Kreuzberg und Neuk\u00f6lln <\/b>auf der Revolution\u00e4ren 1.Mai-Demo&#8220;, hei\u00dft es auf der Plattform X.\u00a0<\/p>\n<p>                <img decoding=\"async\" src=\"https:\/\/tagesspiegel.liveblog.pro\/lb-tagesspiegel\/3.91.1\/default\/images\/action_share.svg\" class=\"lb-post-shareIcon\" alt=\"Share\"\/><\/p>\n<p>                <a id=\"urn:newsml:localhost:2026-05-01T21:33:59.132422:f91c91ba-c898-4952-a795-d153aaeafb7b\" target=\"_blank\" title=\"Permalink\"><br \/>\n                    <img decoding=\"async\" src=\"https:\/\/tagesspiegel.liveblog.pro\/lb-tagesspiegel\/3.91.1\/default\/images\/action_link.svg\" class=\"lb-post-linkIcon\"\/><br \/>\n                    Permalink<br \/>\n                <\/a><\/p>\n<p>              Auch wenn das Thema Nahost in diesem Jahr nicht am pr\u00e4sentesten ist\u00a0\u2013 Pal\u00e4stina-Flaggen sind hier und da zu sehen.<\/p>\n<p>  <img decoding=\"async\" src=\"https:\/\/www.europesays.com\/de\/wp-content\/uploads\/2026\/05\/ac5a6818dca6397500d5e6b6361e0a695c734f089e1b761e6d1a740c7823f923.jpg\"  alt=\"\"\/><\/p>\n<p>      <b>Bild:<\/b><br \/>\n      Dominik Lenze<\/p>\n<p>                <img decoding=\"async\" src=\"https:\/\/tagesspiegel.liveblog.pro\/lb-tagesspiegel\/3.91.1\/default\/images\/action_share.svg\" class=\"lb-post-shareIcon\" alt=\"Share\"\/><\/p>\n<p>                <a id=\"urn:newsml:localhost:2026-05-01T21:28:57.744061:1a91ff70-ef24-4470-8e3a-5e623ab6be07\" target=\"_blank\" title=\"Permalink\"><br \/>\n                    <img decoding=\"async\" src=\"https:\/\/tagesspiegel.liveblog.pro\/lb-tagesspiegel\/3.91.1\/default\/images\/action_link.svg\" class=\"lb-post-linkIcon\"\/><br \/>\n                    Permalink<br \/>\n                <\/a><\/p>\n<p>              Live vom Tanz in den MaiWas macht eigentlich <b>Franziska Giffey<\/b>? Die Wirtschaftssenatorin hat sich am Donnerstagabend unters Wahlvolk gemischt und heute per Video dar\u00fcber berichtet: Tanz in den Mai <b>in der Alten Dorfschule Rudow<\/b>. Wir sagen: Aloha heja he. Hehe.<\/p>\n<p>                <img decoding=\"async\" src=\"https:\/\/tagesspiegel.liveblog.pro\/lb-tagesspiegel\/3.91.1\/default\/images\/action_share.svg\" class=\"lb-post-shareIcon\" alt=\"Share\"\/><\/p>\n<p>                <a id=\"urn:newsml:localhost:2026-05-01T21:19:18.702376:b0a6f07a-6eb4-4a80-abd4-d1a46079f5cc\" target=\"_blank\" title=\"Permalink\"><br \/>\n                    <img decoding=\"async\" src=\"https:\/\/tagesspiegel.liveblog.pro\/lb-tagesspiegel\/3.91.1\/default\/images\/action_link.svg\" class=\"lb-post-linkIcon\"\/><br \/>\n                    Permalink<br \/>\n                <\/a><\/p>\n<p>            Weitere Beitr\u00e4ge<\/p>\n","protected":false},"excerpt":{"rendered":"F\u00fcr viele war es der erste Sommerkleid- oder Kurze-Hose-Tag im Jahr: Es schien, als sei am 1. Mai&hellip;\n","protected":false},"author":2,"featured_media":987662,"comment_status":"","ping_status":"","sticky":false,"template":"","format":"standard","meta":{"footnotes":"","_share_on_mastodon":"0"},"categories":[1825],"tags":[13657,296,29,30,1924,21425,7134,184],"class_list":["post-987661","post","type-post","status-publish","format-standard","has-post-thumbnail","category-berlin","tag-1-mai","tag-berlin","tag-deutschland","tag-germany","tag-goerlitzer-park","tag-iris-spranger","tag-mieten","tag-spd"],"share_on_mastodon":{"url":"","error":""},"_links":{"self":[{"href":"https:\/\/www.europesays.com\/de\/wp-json\/wp\/v2\/posts\/987661","targetHints":{"allow":["GET"]}}],"collection":[{"href":"https:\/\/www.europesays.com\/de\/wp-json\/wp\/v2\/posts"}],"about":[{"href":"https:\/\/www.europesays.com\/de\/wp-json\/wp\/v2\/types\/post"}],"author":[{"embeddable":true,"href":"https:\/\/www.europesays.com\/de\/wp-json\/wp\/v2\/users\/2"}],"replies":[{"embeddable":true,"href":"https:\/\/www.europesays.com\/de\/wp-json\/wp\/v2\/comments?post=987661"}],"version-history":[{"count":0,"href":"https:\/\/www.europesays.com\/de\/wp-json\/wp\/v2\/posts\/987661\/revisions"}],"wp:featuredmedia":[{"embeddable":true,"href":"https:\/\/www.europesays.com\/de\/wp-json\/wp\/v2\/media\/987662"}],"wp:attachment":[{"href":"https:\/\/www.europesays.com\/de\/wp-json\/wp\/v2\/media?parent=987661"}],"wp:term":[{"taxonomy":"category","embeddable":true,"href":"https:\/\/www.europesays.com\/de\/wp-json\/wp\/v2\/categories?post=987661"},{"taxonomy":"post_tag","embeddable":true,"href":"https:\/\/www.europesays.com\/de\/wp-json\/wp\/v2\/tags?post=987661"}],"curies":[{"name":"wp","href":"https:\/\/api.w.org\/{rel}","templated":true}]}}