{"id":987805,"date":"2026-05-01T23:55:28","date_gmt":"2026-05-01T23:55:28","guid":{"rendered":"https:\/\/www.europesays.com\/de\/987805\/"},"modified":"2026-05-01T23:55:28","modified_gmt":"2026-05-01T23:55:28","slug":"tag-der-arbeit-polizei-gewaltfreier-und-friedlicher-1-mai-in-berlin-3","status":"publish","type":"post","link":"https:\/\/www.europesays.com\/de\/987805\/","title":{"rendered":"Tag der Arbeit: Polizei: Gewaltfreier und friedlicher 1. Mai in Berlin"},"content":{"rendered":"<p class=\"paragraph article__item\">Die <a class=\"rtr-entity\" href=\"https:\/\/www.zeit.de\/thema\/polizei\" rel=\"nofollow noopener\" target=\"_blank\">Polizei<\/a> hat eine positive vorl\u00e4ufige Bilanz des 1. Mai in Berlin gezogen. Bei der gro\u00dfen Demonstration von Linken und Linksextremen wurden am Abend nach einer ersten Z\u00e4hlung nur drei Festnahmen wegen St\u00f6rungen verzeichnet, sagte ein Sprecher.\n<\/p>\n<p>Aktuelles<\/p>\n<p>                <a href=\"https:\/\/www.zeit.de\/politik\/ausland\/2026-04\/grossbritannien-festnahmen-pro-palaestina-demonstration-gxe\" data-ct-label=\"Gro\u00dfbritannien: Mehr als 500 Festnahmen bei Pro-Pal\u00e4stina-Demo in London\" data-uuid=\"92c03122-a4d2-4caa-a24d-0ef2a1e76650\" rel=\"nofollow noopener\" target=\"_blank\"><\/p>\n<p>                        Gro\u00dfbritannien:<br \/>\n                        Mehr als 500 Festnahmen bei Pro-Pal\u00e4stina-Demo in London<\/p>\n<p>                <\/a><\/p>\n<p>                <a href=\"https:\/\/www.zeit.de\/politik\/deutschland\/2026-04\/elif-eralp-die-linke-berlin-buergermeisterin\" data-ct-label=\"Elif Eralp: Sie tr\u00e4umt vom Roten Rathaus\" data-uuid=\"dc5a9db0-0ffd-4f27-b1aa-7cd4c1369401\" rel=\"nofollow noopener\" target=\"_blank\"><\/p>\n<p>                        Elif Eralp:<br \/>\n                        Sie tr\u00e4umt vom Roten Rathaus<\/p>\n<p>                <\/a><\/p>\n<p>                <a href=\"https:\/\/www.zeit.de\/2026\/19\/rechtsextreme-gewalt-ramazan-avci-hamburg-neonazis-rassismus\" data-ct-label=\"Rechtsextreme Gewalt: Politische Motive? Nicht erkennbar\" data-uuid=\"a6ec8a66-98b9-4c3a-820c-203393cc8cfd\" rel=\"nofollow noopener\" target=\"_blank\"><\/p>\n<p>        Z+ (abopflichtiger Inhalt);<\/p>\n<p>    Rechtsextreme Gewalt:<br \/>\n                        Politische Motive? Nicht erkennbar<\/p>\n<p>                <\/a><\/p>\n<p class=\"paragraph article__item\">Im gesamten Tagesverlauf habe es Festnahmen im mittleren zweistelligen Bereich gegeben &#8211; sowohl bei den vielen Demonstrationen als auch auf bei den Stra\u00dfenfesten und Feiern in Parks. Einige Polizisten seien leicht verletzt worden, zum Teil bei Widerstandshandlungen.\u00a0\n<\/p>\n<p class=\"paragraph article__item\">Die gro\u00dfe Demonstration von linken und linksextremen Gruppen am Abend endete friedlich und ohne Gewaltausbr\u00fcche. Trotz zum Teil aggressiver Stimmung und der Teilnahme eines sogenannten schwarzen Blocks von Linksautonomen gab es keine Gewalt, Ausbr\u00fcche oder Angriffe auf die Polizei.\n<\/p>\n<p class=\"paragraph article__item\">Nach etwa vier Stunden erreichte der Demonstrationszug am sp\u00e4ten Abend den geplanten Endpunkt S\u00fcdstern Kreuzberg. Die Polizei ging von etwa 10.000 Teilnehmern aus. Viele Demonstranten mussten zwischenzeitlich sehr lange warten, weil es zu zahlreichen Verz\u00f6gerungen kam.\n<\/p>\n<p class=\"paragraph article__item\">\u00a9 dpa-infocom, dpa:260501-930-22084\/4<\/p>\n","protected":false},"excerpt":{"rendered":"Die Polizei hat eine positive vorl\u00e4ufige Bilanz des 1. Mai in Berlin gezogen. Bei der gro\u00dfen Demonstration von&hellip;\n","protected":false},"author":2,"featured_media":987806,"comment_status":"","ping_status":"","sticky":false,"template":"","format":"standard","meta":{"footnotes":"","_share_on_mastodon":"0"},"categories":[1825],"tags":[296,7150,29,30,1924,7568,15,121,31286],"class_list":["post-987805","post","type-post","status-publish","format-standard","has-post-thumbnail","category-berlin","tag-berlin","tag-berlin-kreuzberg","tag-deutschland","tag-germany","tag-goerlitzer-park","tag-kreuzberg","tag-news","tag-polizei","tag-tag-der-arbeit"],"share_on_mastodon":{"url":"https:\/\/pubeurope.com\/@de\/116502025130021166","error":""},"_links":{"self":[{"href":"https:\/\/www.europesays.com\/de\/wp-json\/wp\/v2\/posts\/987805","targetHints":{"allow":["GET"]}}],"collection":[{"href":"https:\/\/www.europesays.com\/de\/wp-json\/wp\/v2\/posts"}],"about":[{"href":"https:\/\/www.europesays.com\/de\/wp-json\/wp\/v2\/types\/post"}],"author":[{"embeddable":true,"href":"https:\/\/www.europesays.com\/de\/wp-json\/wp\/v2\/users\/2"}],"replies":[{"embeddable":true,"href":"https:\/\/www.europesays.com\/de\/wp-json\/wp\/v2\/comments?post=987805"}],"version-history":[{"count":0,"href":"https:\/\/www.europesays.com\/de\/wp-json\/wp\/v2\/posts\/987805\/revisions"}],"wp:featuredmedia":[{"embeddable":true,"href":"https:\/\/www.europesays.com\/de\/wp-json\/wp\/v2\/media\/987806"}],"wp:attachment":[{"href":"https:\/\/www.europesays.com\/de\/wp-json\/wp\/v2\/media?parent=987805"}],"wp:term":[{"taxonomy":"category","embeddable":true,"href":"https:\/\/www.europesays.com\/de\/wp-json\/wp\/v2\/categories?post=987805"},{"taxonomy":"post_tag","embeddable":true,"href":"https:\/\/www.europesays.com\/de\/wp-json\/wp\/v2\/tags?post=987805"}],"curies":[{"name":"wp","href":"https:\/\/api.w.org\/{rel}","templated":true}]}}