{"id":988043,"date":"2026-05-02T02:21:17","date_gmt":"2026-05-02T02:21:17","guid":{"rendered":"https:\/\/www.europesays.com\/de\/988043\/"},"modified":"2026-05-02T02:21:17","modified_gmt":"2026-05-02T02:21:17","slug":"ehhaeusl-in-amberg-bei-nuernberg-geschichte-des-kleinen-hotels-ueberrascht","status":"publish","type":"post","link":"https:\/\/www.europesays.com\/de\/988043\/","title":{"rendered":"Eh&#8217;h\u00e4usl in Amberg bei N\u00fcrnberg: Geschichte des kleinen Hotels \u00fcberrascht"},"content":{"rendered":"<p>Bewegte Geschichte <\/p>\n<p>Eines der kleinsten Hotels der Welt liegt in Bayern<\/p>\n<p>Aktualisiert am 02.05.2026 &#8211; 03:52 UhrLesedauer: 2 Min.<\/p>\n<p><a href=\"#focus-0\" class=\"transition-colors duration-200 block text-current relative\" data-sctrack=\"FocusGalleryImage.Reference\"><img fetchpriority=\"high\" data-testid=\"Opener.Image\" style=\"--lqipURL:url('https:\/\/images.t-online.de\/2025\/10\/YAxvmFWZrohd\/0x570:3488x1962\/fit-in\/150x0\/filters:blur(25)\/klein-aber-fein-das-haus-ist-gerade-einmal-zweieinhalb-meter-breit-zur-ausstattung-gehoert-aber-unter-anderem-eine-whirlpool-badewanne.jpg')\"   loading=\"eager\" src=\"https:\/\/www.europesays.com\/de\/wp-content\/uploads\/2026\/05\/klein-aber-fein-das-haus-ist-gerade-einmal-zweieinhalb-meter-breit-zur-ausstattung-gehoert-aber-unte.jpeg\" alt=\"Klein, aber fein: Das Haus ist gerade einmal zweieinhalb Meter breit \u2013 zur Ausstattung geh\u00f6rt aber unter anderem eine Whirlpool-Badewanne.\" title=\"Klein, aber fein: Das Haus ist gerade einmal zweieinhalb Meter breit \u2013 zur Ausstattung geh\u00f6rt aber unter anderem eine Whirlpool-Badewanne.\" width=\"3488\" height=\"1962\" class=\"bg-[url:var(--lqipURL)] bg-cover bg-center flex h-full w-full max-w-full\" decoding=\"async\"\/><img style=\"--width:32;--height:32\" loading=\"lazy\" src=\"https:\/\/nuernberg.t-online.de\/s\/paper\/_next\/static\/media\/zoom-in.f7dae02f.svg\" alt=\"Vergr\u00f6\u00dfern des Bildes\" title=\"Vergr\u00f6\u00dfern des Bildes\" class=\"block h-[calc(var(--height)_\/_16_*_1rem)] w-[calc(var(--width)_\/_16_*_1rem)] max-w-none absolute bottom-8 right-8 rounded-4 bg-snow p-8\" decoding=\"async\"\/><\/a><\/p>\n<p>Klein, aber fein: Das Haus ist gerade einmal zweieinhalb Meter breit \u2013 zur Ausstattung geh\u00f6rt aber unter anderem eine Whirlpool-Badewanne. (Quelle: Stadtbau Amberg\/Lukas Rode)<\/p>\n<p class=\"font-bold text-18 leading-17 user-text-lg:text-22 user-text-xl:text-24\">Gerade einmal 2,5 Meter breit und 50 Quadratmeter gro\u00df: Ein Hotel bei N\u00fcrnberg ist eines der kleinsten der Welt. So ist es entstanden.<\/p>\n<p class=\"text-18 leading-17 user-text-lg:text-22 user-text-xl:text-24\">Rund 70 Kilometer von N\u00fcrnberg entfernt steht in Amberg ein ungew\u00f6hnliches Hotel: das Eh&#8217;h\u00e4usl. In dem Haus ist Platz f\u00fcr gerade einmal zwei G\u00e4ste. Zeitweise galt es laut Guinnessbuch der Rekorde als kleinstes Hotel der Welt. Den Titel hat das Eh&#8217;h\u00e4usl inzwischen verloren \u2013 er ging an eine Unterkunft in einem Trafohaus in Schleswig-Holstein. Eine \u00dcbernachtung in der kleinen Herberge bleibt dennoch bis heute eine besondere Erfahrung.<\/p>\n<p class=\"text-18 leading-17 user-text-lg:text-22 user-text-xl:text-24\">Das schmale Hotel im Herzen von Amberg ist kein gew\u00f6hnliches Haus: Gerade einmal 2,5 Meter breit, hat es eine besondere Geschichte. Erbaut im Jahr 1728, geht seine Entstehung auf eine kuriose Regelung des damaligen Stadtrats zur\u00fcck. Wer in der historischen Kurpfalzstadt heiraten wollte, musste Grundbesitz nachweisen. Mit dieser Ma\u00dfnahme versuchten die Stadtv\u00e4ter offenbar, die Geburtenrate unter den \u00e4rmsten Bewohnern der Stadt zu kontrollieren.<\/p>\n<p class=\"text-18 leading-17 user-text-lg:text-22 user-text-xl:text-24\">Um die Vorschrift zu umgehen, wurde ein Kaufmann kreativ: In der Seminargasse setzte er zwischen zwei H\u00e4usern ein kleines Geb\u00e4ude. Vorn und hinten zog er jeweils eine Wand hoch, setzte ein Dach darauf \u2013 fertig war das H\u00e4uschen, das als Nachweis von Grundbesitz ausreichte.<\/p>\n<p class=\"text-18 leading-17 user-text-lg:text-22 user-text-xl:text-24\">In den Jahren darauf wechselte es \u00f6fter den Besitzer: Wer heiraten wollte, kaufte das Haus, gab sich das Ja-Wort und verkaufte es wieder. Im Volksmund bekam das kleine Geb\u00e4ude dann seinen Namen Eh&#8217;h\u00e4usl (Ehe-Haus). Nach Angaben eines anderen Hotels in Amberg st\u00fcrzte das Geb\u00e4ude um Jahr 1976 komplett ein \u2013 weil eines der Nachbarh\u00e4user abgerissen wurde und das Eh&#8217;h\u00e4usl aufgrund seiner Bauweise gleich mit umfiel.<\/p>\n","protected":false},"excerpt":{"rendered":"Bewegte Geschichte Eines der kleinsten Hotels der Welt liegt in Bayern Aktualisiert am 02.05.2026 &#8211; 03:52 UhrLesedauer: 2&hellip;\n","protected":false},"author":2,"featured_media":988044,"comment_status":"","ping_status":"","sticky":false,"template":"","format":"standard","meta":{"footnotes":"","_share_on_mastodon":"0"},"categories":[1837],"tags":[2201,124622,38025,772,3364,29,30,213663,3783],"class_list":["post-988043","post","type-post","status-publish","format-standard","has-post-thumbnail","category-nuernberg","tag-2201","tag-124622","tag-amberg","tag-bayern","tag-de","tag-deutschland","tag-germany","tag-guinessbuch","tag-nuernberg"],"share_on_mastodon":{"url":"https:\/\/pubeurope.com\/@de\/116502599362666117","error":""},"_links":{"self":[{"href":"https:\/\/www.europesays.com\/de\/wp-json\/wp\/v2\/posts\/988043","targetHints":{"allow":["GET"]}}],"collection":[{"href":"https:\/\/www.europesays.com\/de\/wp-json\/wp\/v2\/posts"}],"about":[{"href":"https:\/\/www.europesays.com\/de\/wp-json\/wp\/v2\/types\/post"}],"author":[{"embeddable":true,"href":"https:\/\/www.europesays.com\/de\/wp-json\/wp\/v2\/users\/2"}],"replies":[{"embeddable":true,"href":"https:\/\/www.europesays.com\/de\/wp-json\/wp\/v2\/comments?post=988043"}],"version-history":[{"count":0,"href":"https:\/\/www.europesays.com\/de\/wp-json\/wp\/v2\/posts\/988043\/revisions"}],"wp:featuredmedia":[{"embeddable":true,"href":"https:\/\/www.europesays.com\/de\/wp-json\/wp\/v2\/media\/988044"}],"wp:attachment":[{"href":"https:\/\/www.europesays.com\/de\/wp-json\/wp\/v2\/media?parent=988043"}],"wp:term":[{"taxonomy":"category","embeddable":true,"href":"https:\/\/www.europesays.com\/de\/wp-json\/wp\/v2\/categories?post=988043"},{"taxonomy":"post_tag","embeddable":true,"href":"https:\/\/www.europesays.com\/de\/wp-json\/wp\/v2\/tags?post=988043"}],"curies":[{"name":"wp","href":"https:\/\/api.w.org\/{rel}","templated":true}]}}