{"id":988226,"date":"2026-05-02T04:11:26","date_gmt":"2026-05-02T04:11:26","guid":{"rendered":"https:\/\/www.europesays.com\/de\/988226\/"},"modified":"2026-05-02T04:11:26","modified_gmt":"2026-05-02T04:11:26","slug":"aktuelle-waldbrandgefahr-in-berlin","status":"publish","type":"post","link":"https:\/\/www.europesays.com\/de\/988226\/","title":{"rendered":"Aktuelle Waldbrandgefahr in Berlin"},"content":{"rendered":"<p><strong>Steigende Temperaturen und geringerer Niederschlag f\u00fchren schon jetzt zu erh\u00f6hter Waldbrandgefahr in Berlin. Der Deutsche Wetterdienst stellt die Prognose f\u00fcr die kommenden 5 Tage. Erh\u00f6hte Vorsicht ist in Marzahn und in Berlin-Buch geboten.<\/strong><\/p>\n<tr>\n<td><strong>Station<\/strong><\/td>\n<td><strong>Fr, 1.5.26<\/strong><\/td>\n<td><strong>Sa, 2.5.26<\/strong><\/td>\n<td><strong>So, 3.5.26<\/strong><\/td>\n<td><strong>Mo, 4.5.26<\/strong><\/td>\n<td><strong>Di, 5.5.26<\/strong><\/td>\n<\/tr>\n<tr>\n<td><strong>Berlin-Buch<\/strong><\/td>\n<td>3<\/td>\n<td>4<\/td>\n<td>4<\/td>\n<td>4<\/td>\n<td>3<\/td>\n<\/tr>\n<tr>\n<td><strong>Marzahn<\/strong><\/td>\n<td>3<\/td>\n<td>4<\/td>\n<td>4<\/td>\n<td>4<\/td>\n<td>3<\/td>\n<\/tr>\n<tr>\n<td><strong>Tempelhof<\/strong><\/td>\n<td>2<\/td>\n<td>3<\/td>\n<td>3<\/td>\n<td>3<\/td>\n<td>2<\/td>\n<\/tr>\n<tr>\n<td><strong>Dahlem<\/strong><\/td>\n<td>2<\/td>\n<td>3<\/td>\n<td>3<\/td>\n<td>2<\/td>\n<td>2<\/td>\n<\/tr>\n<p class=\"has-small-font-size\">Das 5-Stufen-Model des Deutschen Wetterdienstes sieht f\u00fcr die kommenden 5 Tage eine erh\u00f6hte Waldbrandgefahr f\u00fcr Berlin voraus. Insbesondere in Berlin Buch und Marzahn kann unachtsames Verhalten leicht zu einem Brand f\u00fchren. Der Deutsche Wetterdienst mahnt zu erh\u00f6hter Vorsicht.<\/p>\n<p>Im Bundesland Berlin ist der <a href=\"https:\/\/www.wettergefahren.de\/warnungen\/indizes\/waldbrand.html\" target=\"_blank\" rel=\"noreferrer noopener nofollow\">Waldbrandgefahrenindex (WBI)<\/a> f\u00fcr Wetterstationen vom Deutschen Wetterdienst angezeigt. Der Waldbrandgefahrenindex\u00a0WBI\u00a0beschreibt das meteorologische Potential f\u00fcr die Gef\u00e4hrdung durch Waldbrand. Er zeigt die Waldbrandgefahr in 5 Gefahrenstufen an: 1= sehr geringe Gefahr bis 5 = sehr hohe Gefahr. Ab morgen gilt f\u00fcr Berlin-Buch und f\u00fcr Berlin-Marzahn die Stufe 4. F\u00fcr Berlin-Dahlem gilt aktuell die Stufe 2, die sich aber in den kommenden Tagen erh\u00f6hen wird.<\/p>\n<p>Auch in den umliegenden Regionen Brandenburg wird erh\u00f6hte Waldbrandgefahr gemeldet. So gibt Ministerium f\u00fcr Land- und Ern\u00e4hrungswirtschaft, Umwelt und Verbraucherschutz (MLEUV) aktuell die Gefahrenstufe 3 f\u00fcr alle umliegenden Regionen von Berlin an. <\/p>\n<p>Brandschutzvorsorge<\/p>\n<p id=\"block-75ce0adc-2871-4b63-995c-4614b0397566\">In Brandenburg ist es das ganze Jahr \u00fcber verboten, im Wald und in einem Abstand von weniger als 50 Meter vom Waldrand entfernt ein Feuer anzuz\u00fcnden oder zu rauchen. Dies gilt unabh\u00e4ngig von der aktuell geltenden Waldbrandgefahr. Dazu z\u00e4hlt auch das Grillen an Seeufern in Waldn\u00e4he (Paragraph 23 Absatz 1 Landeswaldgesetz).<\/p>\n<p>Parken ist im Wald nur auf ausgewiesenen Waldparkpl\u00e4tzen gestattet. Zum Schutz des Waldes und der Bev\u00f6lkerung kann die untere Forstbeh\u00f6rde diese Parkpl\u00e4tze bei hoher Waldbrandgefahr sperren. Es ist darauf zu achten, dass Kraftfahrzeuge nicht \u00fcber trockenem Gras abgestellt werden. Hei\u00dfe Fahrzeugteile (zum Beispiel Katalysatoren) werden schnell zur Z\u00fcndquelle. Zufahrtswege zum Wald m\u00fcssen f\u00fcr Rettungsfahrzeuge und Feuerwehr immer freigehalten werden<\/p>\n<p>Aktuelle Waldbr\u00e4nde in Deutschland und Europa<\/p>\n<p id=\"block-95935069-1bd2-446a-82a9-1f2d9aebda6e\">Der <a href=\"https:\/\/gdz.bkg.bund.de\/index.php\/default\/waldbrandatlas.html\" target=\"_blank\" rel=\"noreferrer noopener nofollow\">Digitale Waldbrandatlas<\/a> zeigt die Gef\u00e4hrdungsstufen, Br\u00e4nde, Waldfl\u00e4chen, Wind- und Niederschlagsvorhersagen, Wasserreservoire zum Auff\u00fcllen der L\u00f6schfahrzeuge, Rettungspunkte f\u00fcr Wanderer, Hubschrauberlandepl\u00e4tze, Forstgebiete, Altlastenstandorte und vieles mehr an. Dazu k\u00f6nnen aktuellste Satellitenbilder eingeblendet und so der Lage\u00fcberblick abgerundet werden. Das Tool basiert u. a. auf Satelliteninformationen der NASA und auf Daten des Deutschen Wetterdienstes. Die momentane Variante des Waldbrandatlasses ist responsiv und passt sich der Bildschirmgr\u00f6\u00dfe an. Die Anwendung l\u00e4sst sich als Progressive Web App (PWA) auch auf Endger\u00e4ten installieren. Der Waldbrandatlas ist in einer Kooperation zwischen dem <a href=\"https:\/\/www.bkg.bund.de\/DE\/Home\/home.html\" target=\"_blank\" rel=\"noreferrer noopener nofollow\">Bundesamt f\u00fcr Kartographie und Geod\u00e4sie (BKG)<\/a> und der Vereinigung zur <a href=\"https:\/\/www.vfdb.de\/\" target=\"_blank\" rel=\"noreferrer noopener nofollow\">F\u00f6rderung des Deutschen Brandschutzes e.V. (vfdb)<\/a> entstanden.<\/p>\n","protected":false},"excerpt":{"rendered":"Steigende Temperaturen und geringerer Niederschlag f\u00fchren schon jetzt zu erh\u00f6hter Waldbrandgefahr in Berlin. Der Deutsche Wetterdienst stellt die&hellip;\n","protected":false},"author":2,"featured_media":988227,"comment_status":"","ping_status":"","sticky":false,"template":"","format":"standard","meta":{"footnotes":"","_share_on_mastodon":"0"},"categories":[1825],"tags":[1941,1939,19729,296,1937,29,30,19730,2075,14,1940,1938,530,16,3871,1009,19728,4283,8509,55],"class_list":["post-988226","post","type-post","status-publish","format-standard","has-post-thumbnail","category-berlin","tag-aktuelle-nachrichten-aus-berlin","tag-aktuelle-news-aus-berlin","tag-bauvorhaben","tag-berlin","tag-berlin-news","tag-deutschland","tag-germany","tag-interkultur","tag-kunst","tag-nachrichten","tag-nachrichten-aus-berlin","tag-news-aus-berlin","tag-pankow","tag-politik","tag-prenzlauer-berg","tag-recht","tag-schoenhauser-allee","tag-shopping","tag-weissensee","tag-wirtschaft"],"share_on_mastodon":{"url":"https:\/\/pubeurope.com\/@de\/116503031663463559","error":""},"_links":{"self":[{"href":"https:\/\/www.europesays.com\/de\/wp-json\/wp\/v2\/posts\/988226","targetHints":{"allow":["GET"]}}],"collection":[{"href":"https:\/\/www.europesays.com\/de\/wp-json\/wp\/v2\/posts"}],"about":[{"href":"https:\/\/www.europesays.com\/de\/wp-json\/wp\/v2\/types\/post"}],"author":[{"embeddable":true,"href":"https:\/\/www.europesays.com\/de\/wp-json\/wp\/v2\/users\/2"}],"replies":[{"embeddable":true,"href":"https:\/\/www.europesays.com\/de\/wp-json\/wp\/v2\/comments?post=988226"}],"version-history":[{"count":0,"href":"https:\/\/www.europesays.com\/de\/wp-json\/wp\/v2\/posts\/988226\/revisions"}],"wp:featuredmedia":[{"embeddable":true,"href":"https:\/\/www.europesays.com\/de\/wp-json\/wp\/v2\/media\/988227"}],"wp:attachment":[{"href":"https:\/\/www.europesays.com\/de\/wp-json\/wp\/v2\/media?parent=988226"}],"wp:term":[{"taxonomy":"category","embeddable":true,"href":"https:\/\/www.europesays.com\/de\/wp-json\/wp\/v2\/categories?post=988226"},{"taxonomy":"post_tag","embeddable":true,"href":"https:\/\/www.europesays.com\/de\/wp-json\/wp\/v2\/tags?post=988226"}],"curies":[{"name":"wp","href":"https:\/\/api.w.org\/{rel}","templated":true}]}}