{"id":988496,"date":"2026-05-02T07:06:16","date_gmt":"2026-05-02T07:06:16","guid":{"rendered":"https:\/\/www.europesays.com\/de\/988496\/"},"modified":"2026-05-02T07:06:16","modified_gmt":"2026-05-02T07:06:16","slug":"versuchtes-toetungsdelikt-in-muenchen-verletzter-mit-mehreren-wunden-in-ludwigsvorstadt-2","status":"publish","type":"post","link":"https:\/\/www.europesays.com\/de\/988496\/","title":{"rendered":"Versuchtes T\u00f6tungsdelikt in M\u00fcnchen: Verletzter mit mehreren Wunden in Ludwigsvorstadt"},"content":{"rendered":"<p class=\"mb-6 text-xs md:text-m lg:text-l font-serif group-[.font-sans]:font-sans \">\n    In M\u00fcnchen kam es in der Nacht des 1. Mai 2026 zu einem versuchten T\u00f6tungsdelikt in der M\u00fcnchner Ludwigsvorstadt. Das teilte die Polizei mit. Demnach wurde die Polizei gegen 3 Uhr nachts \u00fcber eine verletzte Person informiert, die sich zu diesem Zeitpunkt an der Kreuzung Bayerstra\u00dfe\/Schillerstra\u00dfe befinden sollte.\n  <\/p>\n<p>            \u201eSpitze Gewalteinwirkung\u201c in M\u00fcnchen: Verletzter mit mehreren Wunden<\/p>\n<p class=\"mb-6 text-xs md:text-m lg:text-l font-serif group-[.font-sans]:font-sans \">\n    Mit mehreren Streifenbesatzungen r\u00fcckte die Polizei aus, da die Lage zun\u00e4chst unklar war. Vor Ort trafen sie dann auf einen verletzten 43-j\u00e4hrigen M\u00fcnchner. Dieser hatte Polizeiangaben zufolge mehrere Wunden, die durch \u201espitze Gewalteinwirkung\u201c verursacht worden seien.\n  <\/p>\n<p class=\"mb-6 text-xs md:text-m lg:text-l font-serif group-[.font-sans]:font-sans \">\n    Der Rettungsdienst k\u00fcmmerte sich um den Mann und brachte ihn in ein Krankenhaus. Verletzt wurde der Mann laut Polizei durch eine k\u00f6rperliche Auseinandersetzung mit einem bislang unbekannten m\u00e4nnlichen T\u00e4ter.\n  <\/p>\n<p>            Verkehr zeitweise beeintr\u00e4chtigt<\/p>\n<p class=\"mb-6 text-xs md:text-m lg:text-l font-serif group-[.font-sans]:font-sans \">\n    Sofort leiteten Einsatzkr\u00e4fte eine Fahndung ein. Bislang gab es jedoch keine Hinweise auf den unbekannten T\u00e4ter. Der Tatort wurde weitr\u00e4umig gesperrt und Ma\u00dfnahmen zur Spurensicherung eingeleitet. Das wirkte sich zeitweise auf den Verkehr aus; es kam zwischenzeitlich zu Verkehrsbehinderungen. Nun ermittelt das Kommissariat 11 der M\u00fcnchner Kriminalpolizei \u2013 insbesondere zum genauen Tatablauf und dem Hintergrund der Tat.\n  <\/p>\n<p>            Zeugenaufruf der M\u00fcnchner Polizei<\/p>\n<p class=\"mb-6 text-xs md:text-m lg:text-l font-serif group-[.font-sans]:font-sans \">\n    Die Polizei bittet Zeugen, die im angegebenen Zeitraum im Bereich der Bayerstra\u00dfe und Schillerstra\u00dfe in der M\u00fcnchner Ludwigsvorstadt etwas gesehen haben, das im Zusammenhang mit der Tat stehen k\u00f6nnte, sich beim Polizeipr\u00e4sidium M\u00fcnchen, Kommissariat 11, unter der Telefonnummer Tel. 089 2910-0 oder bei jeder anderen Polizeidienststelle zu melden.\n  <\/p>\n<p class=\"mb-6 text-xs md:text-m lg:text-l font-serif group-[.font-sans]:font-sans \">\n    Auch in <a href=\"https:\/\/www.augsburger-allgemeine.de\/neuburg\/versuchte-toetung-in-ingolstadt-tatverdaechtiger-festgenommen-und-in-haft-114118520\" target=\"_self\" class=\"underline \" rel=\"nofollow noopener\">Ingolstadt sind Ermittlungen wegen einer versuchten T\u00f6tung in vollem Gange: Ein 19-J\u00e4hriger wurde festgenommen; ein Richter ordnete U-Haft an.<\/a>\n  <\/p>\n","protected":false},"excerpt":{"rendered":"In M\u00fcnchen kam es in der Nacht des 1. Mai 2026 zu einem versuchten T\u00f6tungsdelikt in der M\u00fcnchner&hellip;\n","protected":false},"author":2,"featured_media":987794,"comment_status":"","ping_status":"","sticky":false,"template":"","format":"standard","meta":{"footnotes":"","_share_on_mastodon":"0"},"categories":[1827],"tags":[772,29,30,32562,11148,2636,1268,77754,121,12943,2866,9958,144602],"class_list":["post-988496","post","type-post","status-publish","format-standard","has-post-thumbnail","category-muenchen","tag-bayern","tag-deutschland","tag-germany","tag-gewalteinwirkung","tag-ingolstadt","tag-ludwigsvorstadt","tag-muenchen","tag-muenchner-kriminalpolizei","tag-polizei","tag-polizeipraesidium-muenchen","tag-toetung","tag-toetungsdelikt","tag-wunde"],"share_on_mastodon":{"url":"https:\/\/pubeurope.com\/@de\/116503720022893689","error":""},"_links":{"self":[{"href":"https:\/\/www.europesays.com\/de\/wp-json\/wp\/v2\/posts\/988496","targetHints":{"allow":["GET"]}}],"collection":[{"href":"https:\/\/www.europesays.com\/de\/wp-json\/wp\/v2\/posts"}],"about":[{"href":"https:\/\/www.europesays.com\/de\/wp-json\/wp\/v2\/types\/post"}],"author":[{"embeddable":true,"href":"https:\/\/www.europesays.com\/de\/wp-json\/wp\/v2\/users\/2"}],"replies":[{"embeddable":true,"href":"https:\/\/www.europesays.com\/de\/wp-json\/wp\/v2\/comments?post=988496"}],"version-history":[{"count":0,"href":"https:\/\/www.europesays.com\/de\/wp-json\/wp\/v2\/posts\/988496\/revisions"}],"wp:featuredmedia":[{"embeddable":true,"href":"https:\/\/www.europesays.com\/de\/wp-json\/wp\/v2\/media\/987794"}],"wp:attachment":[{"href":"https:\/\/www.europesays.com\/de\/wp-json\/wp\/v2\/media?parent=988496"}],"wp:term":[{"taxonomy":"category","embeddable":true,"href":"https:\/\/www.europesays.com\/de\/wp-json\/wp\/v2\/categories?post=988496"},{"taxonomy":"post_tag","embeddable":true,"href":"https:\/\/www.europesays.com\/de\/wp-json\/wp\/v2\/tags?post=988496"}],"curies":[{"name":"wp","href":"https:\/\/api.w.org\/{rel}","templated":true}]}}