{"id":988799,"date":"2026-05-02T10:09:39","date_gmt":"2026-05-02T10:09:39","guid":{"rendered":"https:\/\/www.europesays.com\/de\/988799\/"},"modified":"2026-05-02T10:09:39","modified_gmt":"2026-05-02T10:09:39","slug":"1-mai-weitgehend-friedlich-berliner-feuerwehr-mit-2050-einsaetzen-bsr-kaempft-gegen-flut-von-glasscherben","status":"publish","type":"post","link":"https:\/\/www.europesays.com\/de\/988799\/","title":{"rendered":"1. Mai weitgehend friedlich: Berliner Feuerwehr mit 2050 Eins\u00e4tzen \u2013 BSR k\u00e4mpft gegen Flut von Glasscherben"},"content":{"rendered":"<p class=\"tspBMlw tspBMlx\">Nach dem 1. Mai steht in Berlin in einigen Stadtteilen das gro\u00dfe Aufr\u00e4umen an. Bereits in den Vorjahren hatte die Stadtreinigung BSR in Sonderschichten nach dem 1. Mai mehr als hundert Kubikmeter M\u00fcll eingesammelt. Au\u00dferdem wird die Polizei im Laufe des Tages eine Bilanz zu ihren Eins\u00e4tzen vorlegen. Bereits am Abend sprach die Polizei von einem erneut sehr friedlichen Verlauf.\u00a0In der Nacht sei es \u201enoch ruhiger\u201c geworden, sagte ein Sprecher des Lagezentrums dem Tagesspiegel am Samstagvormittag.<\/p>\n<p><img decoding=\"async\" src=\"https:\/\/www.europesays.com\/de\/wp-content\/uploads\/2026\/05\/1777716565_348_demonstrationen-zum-1-mai-berlin.jpeg\"   alt=\"\" aria-labelledby=\"caption-15548062\" width=\"440\" height=\"330\" loading=\"lazy\" class=\"tspAViz\"\/> Nach Angaben der Polizei verlief der 1. Mai in Berlin ausgesprochen friedlich. <\/p>\n<p class=\"tspAEgr\"> \u00a9 Sebastian Gollnow\/dpa <\/p>\n<p class=\"tspBMlw\">Bis zum Abend hatte es keine gr\u00f6\u00dferen St\u00f6rungen gegeben, wie ein Polizeisprecher sagte. Er berichtete von einer vorl\u00e4ufigen Festnahme am Rande der Demonstration \u201eRevolution\u00e4rer 1. Mai\u201c mit linken und linksextremistischen Teilnehmern. Zwar sei die Stimmung bei der Demonstration auch aggressiv gewesen, aber es habe keine gr\u00f6\u00dferen Zwischenf\u00e4lle gegeben. Einige Teilnehmer h\u00e4tten Pyrotechnik gez\u00fcndet, Polizisten seien mit Gegenst\u00e4nden beworfen worden. Nach aktuellem Stand seien neun Einsatzkr\u00e4fte leicht verletzt worden.\u00a0<\/p>\n<p class=\"tspVfk\">Empfohlener redaktioneller Inhalt<\/p>\n<p> An dieser Stelle finden Sie einen von unseren Redakteuren ausgew\u00e4hlten, externen Inhalt, der den Artikel f\u00fcr Sie mit zus\u00e4tzlichen Informationen anreichert. Sie k\u00f6nnen sich hier den externen Inhalt mit einem Klick anzeigen lassen oder wieder ausblenden. <\/p>\n<p> Externen Inhalt anzeigen <\/p>\n<p class=\"tspVfq\"> Ich bin damit einverstanden, dass mir der externe Inhalt angezeigt wird. Damit k\u00f6nnen personenbezogene Daten an Drittplattformen \u00fcbermittelt werden.  Mehr Informationen dazu erhalten Sie in den Datenschutz-Einstellungen. Diese finden Sie ganz unten auf unserer Seite im Footer, sodass Sie Ihre Einstellungen jederzeit verwalten oder widerrufen k\u00f6nnen. <\/p>\n<p class=\"tspBMlw\">Berlins Regierender B\u00fcrgermeister Kai Wegner (CDU) best\u00e4tigte am Samstag, dass der Vortag ruhig geblieben war. \u201eDer 1. Mai in Berlin war friedlich\u201c, postete Wegner auf X. \u201eDas ist auch ein gro\u00dfer Erfolg der besonnenen und konsequenten Planung und Vorbereitung unserer Berliner Polizei und Feuerwehr. Ich danke allen Einsatzkr\u00e4ften, die im Dienst waren!\u201c<\/p>\n<p> 60.000 Menschen am 1. Mai in Berlin versammelt <\/p>\n<p class=\"tspBMlw\">Nach Angaben von Innensenatorin Iris Spranger (SPD) hatten sich am Tag der Arbeit in Berlins Gr\u00fcnanlagen und Parks mehr als 60.000 Menschen versammelt \u2013 besonders in Kreuzberg waren viele unterwegs. Die einen feierten ausgelassen, andere demonstrierten.<\/p>\n<p class=\"tspBMlw\">\u201eWir haben einen weitgehend friedlichen Ersten Mai 2026 erlebt\u201c, teilte die Senatorin am Samstagvormittag mit. \u201eMein Dank gilt den rund 5300 eingesetzten Kr\u00e4ften f\u00fcr ihren professionellen Einsatz, darunter Kolleginnen und Kollegen der Polizei Berlin, rund 1500 Polizistinnen und Polizisten aus mehreren Bundesl\u00e4ndern und 580 Kr\u00e4fte der Bundespolizei, der Berliner Feuerwehr und der Hilfsorganisationen.\u201c<\/p>\n<p><a href=\"https:\/\/www.tagesspiegel.de\/gesellschaft\/geschichte\/im-tagesspiegel-vor-80-jahren-die-spd-wieder-aufgebaut-15447672.html?icid=single-topic_15548063___\" data-gtm-class=\"article-mzt-link\" class=\"tspB9nt\" rel=\"nofollow noopener\" target=\"_blank\">Im Tagesspiegel vor 80 Jahren Die SPD wieder aufgebaut <\/a><\/p>\n<p class=\"tspBMlw\">Das lange im Vorfeld vorbereitete Einsatzkonzept sei aufgegangen, sagte Spranger. Dabei handelte es sich um \u201eeine abgestimmte und situativ angepasste Deeskalationsstrategie sowie auch verst\u00e4rkte Ma\u00dfnahmen zum Zufahrtsschutz, um Versammlungen und Veranstaltungen zu sichern\u201c. Auch diesmal habe die Berliner Polizei die Stadt nicht nur auf der Stra\u00dfe, sondern auch zu Wasser und in der Luft gesch\u00fctzt.<\/p>\n<p class=\"tspBMlw\">\u201eBerlin hat gezeigt, dass Versammlungsfreiheit und Sicherheit gleicherma\u00dfen gew\u00e4hrleistet werden k\u00f6nnen\u201c, betonte die Senatorin. Zehntausende Berlinerinnen, Berliner und G\u00e4ste der Stadt h\u00e4tten den 1. Mai friedlich und verantwortungsvoll gefeiert. \u201eGleichzeitig gilt aber: Wer Gewalt aus\u00fcbt oder Einsatzkr\u00e4fte angreift, \u00fcberschreitet klare Grenzen. Straftaten werden konsequent verfolgt und rechtsstaatlich geahndet.\u201c<\/p>\n<p> Gewerkschaft der Polizei mit gemischtem Fazit <\/p>\n<p class=\"tspBMlw\">Am Samstagmorgen zog die Gewerkschaft der Polizei (GdP) ein gemischtes Fazit. Zwar sei der Tag \u00fcber weite Strecken gewaltfrei verlaufen, am Ende h\u00e4tten jedoch Demonstranten aus dem linksautonomen Spektrum Polizisten mit Gegenst\u00e4nden beworfen. Deshalb k\u00f6nne man \u201eweiterhin nicht von einem friedlichen Tag sprechen\u201c, teilte die GdP mit. Mindestens zehn Polizisten seien leicht verletzt worden.<\/p>\n<p class=\"tspBMlw\">Insgesamt gehe die Entwicklung weiter in die richtige Richtung, die Polizei habe \u201ejegliches Gewaltpotenzial in den Griff bekommen\u201c. Getr\u00fcbt werde die Gesamtbilanz des Feiertags von der Nacht in Kreuzberg, so die GdP. Kurz vor Mitternacht kam der sogenannte schwarze Block mit vermummten Linksautonomen am Ende des Demonstrationszugs am S\u00fcdstern an, wo es dann zu Rangeleien und Angriffen auf Polizisten mit Flaschen- und B\u00f6llerw\u00fcrfen kam.<\/p>\n<p> Vorl\u00e4ufige Bilanz: Festnahmen im mittleren zweistelligen Bereich <\/p>\n<p class=\"tspBMlw\">Die Polizei hatte am sp\u00e4ten Freitagabend eine positive vorl\u00e4ufige Bilanz gezogen. Im gesamten Tagesverlauf habe es Festnahmen im mittleren zweistelligen Bereich gegeben\u00a0\u2013 sowohl bei den vielen Demonstrationen als auch bei den Stra\u00dfenfesten und Feiern in Parks.<\/p>\n<p><img decoding=\"async\" src=\"https:\/\/www.europesays.com\/de\/wp-content\/uploads\/2026\/05\/1777716569_266_nach-den-demonstrationen-zum-1-mai-in-berlin.jpeg\"   alt=\"02.05.2026, Berlin: Eine Kehrmaschine der Berliner Stadtreinigung (BSR) f\u00e4hrt im G\u00f6rlitzer Park den fr\u00fchen Morgenstunden am Tag nach dem 01. Mai die Wege ab. Foto: Carsten Koall\/dpa +++ dpa-Bildfunk +++\" aria-labelledby=\"caption-15548225\" width=\"440\" height=\"330\" loading=\"lazy\" class=\"tspAViz\"\/> Eine Kehrmaschine der Berliner Stadtreinigung (BSR) f\u00e4hrt im G\u00f6rlitzer Park den fr\u00fchen Morgenstunden am Tag nach dem 1. Mai die Wege ab. <\/p>\n<p class=\"tspAEgr\"> \u00a9 dpa\/Carsten Koall <\/p>\n<p class=\"tspBMlw\">Die gro\u00dfe Demonstration von linken und linksextremen Gruppen am Abend endete friedlich und ohne Gewaltausbr\u00fcche. Trotz zum Teil aggressiver Stimmung und der Teilnahme eines sogenannten schwarzen Blocks von Linksautonomen gab es keine Gewalt, Ausbr\u00fcche oder Angriffe auf die Polizei.<\/p>\n<p> Feuerwehr verzeichnet 2050 Eins\u00e4tze <\/p>\n<p class=\"tspBMlw\">Auch die Berliner Feuerwehr registrierte keine Angriffe auf Einsatzkr\u00e4fte. Allerdings wurde ein Rettungswagen auf dem Weg in ein Krankenhaus beschmiert, wie die Feuerwehr mitteilte. Der Vorfall wurde zur Anzeige gebracht, .<\/p>\n<p class=\"tspBMlw\">Von Freitagfr\u00fch bis Samstagmorgen r\u00fcckten die Kr\u00e4fte den Angaben zufolge insgesamt zu 2050 Eins\u00e4tzen in den Bereichen Rettungsdienst, technische Hilfeleistung und Brandbek\u00e4mpfung aus. Besonders belastet war der Rettungsdienst: 1657 Eins\u00e4tze mussten die Teams bew\u00e4ltigen.<\/p>\n<p class=\"tspBMlw\">Vor allem wegen Zehntausender feiernder Menschen und viel Alkohol waren die Sanit\u00e4ter der Berliner Feuerwehr am 1. Mai im Dauereinsatz. Die Feuerwehr berichtete von Arbeit unter hoher Belastung.<\/p>\n<p class=\"tspBMlw\">Am Abend h\u00e4uften sich in Kreuzberg die Eins\u00e4tze. Gro\u00dfe Menschenmengen und dadurch versperrte Zufahrtswege erschwerten die Hilfeleistung. Um die Lage besser zu bew\u00e4ltigen, verlegten die Rettungskr\u00e4fte die Einsatzmittel auf eine nahegelegene Feuerwache. Zudem richteten Feuerwehr und Polizei am G\u00f6rlitzer Park eine Verletzten-Sammelstelle ein, um die medizinische Hilfe zu b\u00fcndeln. Gegen zwei Uhr in der Nacht entspannte sich die Lage deutlich.<\/p>\n<p>Tagesspiegel Checkpoint: Berlins beliebtester Newsletter<\/p>\n<p><img decoding=\"async\" src=\"https:\/\/www.europesays.com\/de\/wp-content\/uploads\/2025\/04\/cp-icon.png\" alt=\"\" class=\"tspCUhk\"\/><\/p>\n<p class=\"tspCUnb\"> Der schnellste Berlin-\u00dcberblick von Montag bis Samstag.  <\/p>\n<p class=\"tspBMlw\">Die Feuerwehr war eigenen Angaben zufolge auf den 1. Mai gut vorbereitet: Zus\u00e4tzlich geplante Helferinnen und Helfer, darunter zahlreiche Kr\u00e4fte der Hilfsorganisationen sowie der Freiwilligen Feuerwehren, wurden in Dienst gestellt. Im Rettungsdienst standen tags\u00fcber acht und in der Nacht sieben Rettungswagen zur Verf\u00fcgung.<\/p>\n<p><img decoding=\"async\" src=\"https:\/\/www.europesays.com\/de\/wp-content\/uploads\/2026\/05\/1777716573_607_nach-den-demonstrationen-zum-1-mai-in-berlin.jpeg\"   alt=\"02.05.2026, Berlin: Mitarbeiter der Berliner Stadtreinigung (BSR) sammeln im G\u00f6rlitzer Park in den fr\u00fchen Morgenstunden am Tag nach dem 01. Mai Altglas ein. Foto: Carsten Koall\/dpa +++ dpa-Bildfunk +++\" aria-labelledby=\"caption-15548226\" width=\"440\" height=\"330\" loading=\"lazy\" class=\"tspAViz\"\/> Mitarbeiter der Berliner Stadtreinigung (BSR) sammeln im G\u00f6rlitzer Park Altglas ein. <\/p>\n<p class=\"tspAEgr\"> \u00a9 dpa\/Carsten Koall <\/p>\n<p class=\"tspBMlw\">Mit Blick auf Brandbek\u00e4mpfung und technische Hilfeleistung blieb es am 1. Mai bei einigen wenigen \u201egr\u00f6\u00dferen Einsatzlagen\u201c, wie die Feuerwehr weiter mitteilte. In Kreuzberg brannten in der Ritterstra\u00dfe drei Autos. Der Vollbrand konnte aber schnell gel\u00f6scht werden. Besondere Eins\u00e4tze im direkten Zusammenhang mit Kundgebungen oder Versammlungen verzeichnete die Feuerwehr nicht.<\/p>\n<p> Tonnenweise M\u00fcll in Kreuzberg <\/p>\n<p class=\"tspBMlw\">Unterdessen beseitigt die Berliner Stadtreinigung seit dem fr\u00fchen Samstagmorgen gro\u00dfe Mengen M\u00fcll. Mit Sonderschichten und viel Personal wurden die von Scherben und Glassplittern bedeckten Stra\u00dfen zwischen Oranienplatz und Schlesischem Tor abgefahren.<\/p>\n<p><img decoding=\"async\" src=\"https:\/\/www.europesays.com\/de\/wp-content\/uploads\/2026\/05\/1777716574_892_nach-den-demonstrationen-zum-1-mai-in-berlin.jpeg\"   alt=\"02.05.2026, Berlin: Eine Kehrmaschine der Berliner Stadtreinigung (BSR) kippt vor dem G\u00f6rlitzer Park in den fr\u00fchen Morgenstunden am Tag nach dem 01. Mai die Wege \u00fcberwiegend Glasflaschen ab. Foto: Carsten Koall\/dpa +++ dpa-Bildfunk +++\" aria-labelledby=\"caption-15548220\" width=\"440\" height=\"330\" loading=\"lazy\" class=\"tspAViz\"\/> Eine Kehrmaschine der BSR kippt vor dem G\u00f6rlitzer Park \u00fcberwiegend Glasflaschen ab. <\/p>\n<p class=\"tspAEgr\"> \u00a9 dpa\/Carsten Koall <\/p>\n<p class=\"tspBMlw\">Gro\u00dfe M\u00fcllhaufen gab es vor allem auch im G\u00f6rlitzer Park, aber ebenso im Mauerpark, im Treptower Park und im Volkspark Friedrichshain. Die BSR will sp\u00e4ter die Menge an M\u00fcll konkreter benennen. In fr\u00fcheren Jahren wurden mehr als 100 Kubikmeter eingesammelt.\u00a0<\/p>\n<p><img decoding=\"async\" src=\"https:\/\/www.europesays.com\/de\/wp-content\/uploads\/2026\/05\/1777716576_116_nach-den-demonstrationen-zum-1-mai-in-berlin.jpeg\"   alt=\"02.05.2026, Berlin: Ein Mitarbeiter der Berliner Stadtreinigung (BSR) entleert im G\u00f6rlitzer Park eine M\u00fclltonne mit \u00fcberwiegend leeren Glasflaschen in den fr\u00fchen Morgenstunden am Tag nach dem 01. Mai. Foto: Carsten Koall\/dpa +++ dpa-Bildfunk +++\" aria-labelledby=\"caption-15548222\" width=\"440\" height=\"330\" loading=\"lazy\" class=\"tspAViz\"\/> Ein BSR-Mitarbeiter entleert im G\u00f6rlitzer Park eine M\u00fclltonne mit \u00fcberwiegend leeren Glasflaschen. <\/p>\n<p class=\"tspAEgr\"> \u00a9 dpa\/Carsten Koall <\/p>\n<p class=\"tspBMlw\">Ein offizielles Stra\u00dfenfest gibt es am 1. Mai in Kreuzberg schon seit Jahren nicht mehr. Die Anwohner hatten zu sehr unter L\u00e4rm, M\u00fcll und sonstigen Hinterlassenschaften der feiernden jungen Menschen gelitten. Allerdings ziehen trotzdem Zehntausende jedes Jahr an dem Feiertag ab mittags in den Stadtteil. Viele kommen mit den S-Bahnen und Z\u00fcgen aus den Randbezirken und aus Brandenburg, sodass der Andrang gr\u00f6\u00dfer ist denn je.<\/p>\n<p><img decoding=\"async\" src=\"https:\/\/www.europesays.com\/de\/wp-content\/uploads\/2026\/05\/1777716577_442_nach-den-demonstrationen-zum-1-mai-in-berlin.jpeg\"   alt=\"02.05.2026, Berlin: Mitarbeiter sammeln \u00fcberwiegen Glasflaschen-M\u00fcll in den fr\u00fchen Morgenstunden am Tag nach dem 1. Mai. Foto: Carsten Koall\/dpa +++ dpa-Bildfunk +++\" aria-labelledby=\"caption-15548224\" width=\"440\" height=\"330\" loading=\"lazy\" class=\"tspAViz\"\/> Mitarbeiter sammeln Glasflaschen-M\u00fcll. <\/p>\n<p class=\"tspAEgr\"> \u00a9 dpa\/Carsten Koall <\/p>\n<p class=\"tspBMlw\">Zahllose Sp\u00e4tis und Kneipen verkaufen Getr\u00e4nke meist in Glasflaschen. Fr\u00fcher hatte sich das von den Gr\u00fcnen gef\u00fchrte Bezirksamt noch bem\u00fcht, Glasflaschen zu verbieten und den Getr\u00e4nkeausschank nur in Bechern zu genehmigen\u00a0\u2013\u00a0davon ist aber schon l\u00e4nger nicht mehr die Rede. Als Folge sind am sp\u00e4ten Abend ganze Stra\u00dfenz\u00fcge voll mit den Resten der Flaschen.<\/p>\n<p> G\u00f6rlitzer Park wegen \u00dcberf\u00fcllung geschlossen <\/p>\n<p class=\"tspBMlw\">Ein Aufr\u00e4um-Schwerpunkt an diesem Wochenende d\u00fcrfte der G\u00f6rlitzer Park sein: Wegen der Massen an Menschen war der G\u00f6rlitzer Park am Abend des 1. Mai geschlossen worden. Der Park wurde zwar nicht ger\u00e4umt, aber die Menschen durften nicht mehr hineingehen, wie ein Sprecher der Polizei sagte. Ein Verlassen des Parks war jederzeit m\u00f6glich. Mit der Ma\u00dfnahme wolle man Platz f\u00fcr Rettungskr\u00e4fte machen, wenn diese ben\u00f6tigt w\u00fcrden.\u00a0<\/p>\n<p><img decoding=\"async\" src=\"https:\/\/www.europesays.com\/de\/wp-content\/uploads\/2026\/05\/1777716579_306_nach-den-demonstrationen-zum-1-mai-in-berlin.jpeg\"   alt=\"02.05.2026, Berlin: Ein Mitarbeiter der Berliner Stadtreinigung (BSR) arbeitet gegen\u00fcber dem G\u00f6rlitzer Park in den fr\u00fchen Morgenstunden am Tag nach dem 01. Mai an seiner Kehrmaschine. Foto: Carsten Koall\/dpa +++ dpa-Bildfunk +++\" aria-labelledby=\"caption-15548206\" width=\"440\" height=\"330\" loading=\"lazy\" class=\"tspAViz\"\/> Ein Mitarbeiter der Berliner Stadtreinigung (BSR) arbeitet gegen\u00fcber dem G\u00f6rlitzer Park in den fr\u00fchen Morgenstunden am Tag nach dem 1. Mai an seiner Kehrmaschine. <\/p>\n<p class=\"tspAEgr\"> \u00a9 dpa\/Carsten Koall <\/p>\n<p class=\"tspBMlw\">Wegen der Menschenmassen in Berlin-Kreuzberg waren auch die umliegenden Stra\u00dfen f\u00fcr Autos gesperrt. Mehrere U-Bahnh\u00f6fe wurden geschlossen, die Z\u00fcge hielten dort nicht mehr. Voller Menschen war auch der Mariannenplatz, als dort am Abend die Berliner Rapperin Ikkimel beim 1.-Mai-Fest der Linken auftrat. <\/p>\n<p>Mehr zum 1. Mai in Berlin:<a href=\"https:\/\/www.tagesspiegel.de\/berlin\/ich-bin-fur-die-vier-stunden-woche-und-mehr-gehalt-berliner-rapperin-ikkimel-tritt-vor-tausenden-auf-linke-fest-auf-15547916.html?icid=topic-list_15548063___\" data-gtm-class=\"article-mzt-link\" data-hydrate-fingerprint=\"09740a54944caac75fd2c0c63fd5c5df\" data-hydrate-props=\"{&amp;escapedquot;element&amp;escapedquot;:{&amp;escapedquot;type&amp;escapedquot;:&amp;escapedquot;relatedContent&amp;escapedquot;,&amp;escapedquot;fieldMap&amp;escapedquot;:{},&amp;escapedquot;relation&amp;escapedquot;:{&amp;escapedquot;fields&amp;escapedquot;:{&amp;escapedquot;isPaid&amp;escapedquot;:null},&amp;escapedquot;href&amp;escapedquot;:&amp;escapedquot;\/berlin\/ich-bin-fur-die-vier-stunden-woche-und-mehr-gehalt-berliner-rapperin-ikkimel-tritt-vor-tausenden-auf-linke-fest-auf-15547916.html&amp;escapedquot;,&amp;escapedquot;teaserTitle&amp;escapedquot;:{&amp;escapedquot;kicker&amp;escapedquot;:&amp;escapedquot;\u201eIch bin f\u00fcr die Vier-Stunden-Woche und mehr Gehalt\u201c&amp;escapedquot;,&amp;escapedquot;headline&amp;escapedquot;:&amp;escapedquot;Berliner Rapperin Ikkimel tritt vor Tausenden auf Linken-Fest auf&amp;escapedquot;},&amp;escapedquot;id&amp;escapedquot;:&amp;escapedquot;15547916&amp;escapedquot;,&amp;escapedquot;type&amp;escapedquot;:&amp;escapedquot;story&amp;escapedquot;},&amp;escapedquot;isPartOfList&amp;escapedquot;:true,&amp;escapedquot;topicListType&amp;escapedquot;:&amp;escapedquot;topic-list&amp;escapedquot;},&amp;escapedquot;showArrow&amp;escapedquot;:true}\" data-hydrate-slots=\"{&#039;default&#039;:[]}\" class=\"tspB9nt tspCBn0\" rel=\"nofollow noopener\" target=\"_blank\">\u201eIch bin f\u00fcr die Vier-Stunden-Woche und mehr Gehalt\u201c Berliner Rapperin Ikkimel tritt vor Tausenden auf Linken-Fest auf <\/a><a href=\"https:\/\/www.tagesspiegel.de\/berlin\/berlins-regierender-war-selbst-bei-demo-kai-wegner-verteidigt-den-1-mai-als-feiertag-15547698.html?icid=topic-list_15548063___\" data-gtm-class=\"article-mzt-link\" data-hydrate-fingerprint=\"09740a54944caac75fd2c0c63fd5c5df\" data-hydrate-props=\"{&amp;escapedquot;element&amp;escapedquot;:{&amp;escapedquot;type&amp;escapedquot;:&amp;escapedquot;relatedContent&amp;escapedquot;,&amp;escapedquot;fieldMap&amp;escapedquot;:{},&amp;escapedquot;relation&amp;escapedquot;:{&amp;escapedquot;fields&amp;escapedquot;:{&amp;escapedquot;isPaid&amp;escapedquot;:null},&amp;escapedquot;href&amp;escapedquot;:&amp;escapedquot;\/berlin\/berlins-regierender-war-selbst-bei-demo-kai-wegner-verteidigt-den-1-mai-als-feiertag-15547698.html&amp;escapedquot;,&amp;escapedquot;teaserTitle&amp;escapedquot;:{&amp;escapedquot;kicker&amp;escapedquot;:&amp;escapedquot;Berlins Regierender war selbst bei Demo&amp;escapedquot;,&amp;escapedquot;headline&amp;escapedquot;:&amp;escapedquot;Kai Wegner verteidigt den 1. Mai als Feiertag&amp;escapedquot;},&amp;escapedquot;id&amp;escapedquot;:&amp;escapedquot;15547698&amp;escapedquot;,&amp;escapedquot;type&amp;escapedquot;:&amp;escapedquot;story&amp;escapedquot;},&amp;escapedquot;isPartOfList&amp;escapedquot;:true,&amp;escapedquot;topicListType&amp;escapedquot;:&amp;escapedquot;topic-list&amp;escapedquot;},&amp;escapedquot;showArrow&amp;escapedquot;:true}\" data-hydrate-slots=\"{&#039;default&#039;:[]}\" class=\"tspB9nt tspCBn0\" rel=\"nofollow noopener\" target=\"_blank\">Berlins Regierender war selbst bei Demo Kai Wegner verteidigt den 1. Mai als Feiertag <\/a><a href=\"https:\/\/www.tagesspiegel.de\/berlin\/baden-in-berlin-am-1-mai-diese-freibader-haben-ab-heute-geoffnet-15546458.html?icid=topic-list_15548063___\" data-gtm-class=\"article-mzt-link\" data-hydrate-fingerprint=\"09740a54944caac75fd2c0c63fd5c5df\" data-hydrate-props=\"{&amp;escapedquot;element&amp;escapedquot;:{&amp;escapedquot;type&amp;escapedquot;:&amp;escapedquot;relatedContent&amp;escapedquot;,&amp;escapedquot;fieldMap&amp;escapedquot;:{},&amp;escapedquot;relation&amp;escapedquot;:{&amp;escapedquot;fields&amp;escapedquot;:{&amp;escapedquot;isPaid&amp;escapedquot;:null},&amp;escapedquot;href&amp;escapedquot;:&amp;escapedquot;\/berlin\/baden-in-berlin-am-1-mai-diese-freibader-haben-ab-heute-geoffnet-15546458.html&amp;escapedquot;,&amp;escapedquot;teaserTitle&amp;escapedquot;:{&amp;escapedquot;kicker&amp;escapedquot;:&amp;escapedquot;Baden in Berlin am 1. Mai&amp;escapedquot;,&amp;escapedquot;headline&amp;escapedquot;:&amp;escapedquot;Diese Freib\u00e4der haben ab heute ge\u00f6ffnet&amp;escapedquot;},&amp;escapedquot;id&amp;escapedquot;:&amp;escapedquot;15546458&amp;escapedquot;,&amp;escapedquot;type&amp;escapedquot;:&amp;escapedquot;story&amp;escapedquot;},&amp;escapedquot;isPartOfList&amp;escapedquot;:true,&amp;escapedquot;topicListType&amp;escapedquot;:&amp;escapedquot;topic-list&amp;escapedquot;},&amp;escapedquot;showArrow&amp;escapedquot;:true}\" data-hydrate-slots=\"{&#039;default&#039;:[]}\" class=\"tspB9nt tspCBn0\" rel=\"nofollow noopener\" target=\"_blank\">Baden in Berlin am 1. Mai Diese Freib\u00e4der haben ab heute ge\u00f6ffnet <\/a><\/p>\n<p class=\"tspBMlw\">Bereits im vergangenen Jahr verlief der 1. Mai weitgehend gewaltfrei, trotzdem wurden bei den Demonstrationen etwas mehr als 70 Menschen wegen Verst\u00f6\u00dfen und St\u00f6rungen von der Polizei festgenommen. Oft ging es um Flaschen- und B\u00f6llerw\u00fcrfe oder verfassungswidrige Propaganda.\u00a0(mit dpa)<\/p>\n","protected":false},"excerpt":{"rendered":"Nach dem 1. Mai steht in Berlin in einigen Stadtteilen das gro\u00dfe Aufr\u00e4umen an. Bereits in den Vorjahren&hellip;\n","protected":false},"author":2,"featured_media":988800,"comment_status":"","ping_status":"","sticky":false,"template":"","format":"standard","meta":{"footnotes":"","_share_on_mastodon":"0"},"categories":[1825],"tags":[13657,296,90992,31,29,94201,527,30,1924,19524,21425,2384,184],"class_list":["post-988799","post","type-post","status-publish","format-standard","has-post-thumbnail","category-berlin","tag-1-mai","tag-berlin","tag-bsr-berlin","tag-cdu","tag-deutschland","tag-fahrrad-und-verkehr-in-berlin","tag-friedrichshain-kreuzberg","tag-germany","tag-goerlitzer-park","tag-hilfsorganisationen","tag-iris-spranger","tag-kai-wegner","tag-spd"],"share_on_mastodon":{"url":"https:\/\/pubeurope.com\/@de\/116504440112481658","error":""},"_links":{"self":[{"href":"https:\/\/www.europesays.com\/de\/wp-json\/wp\/v2\/posts\/988799","targetHints":{"allow":["GET"]}}],"collection":[{"href":"https:\/\/www.europesays.com\/de\/wp-json\/wp\/v2\/posts"}],"about":[{"href":"https:\/\/www.europesays.com\/de\/wp-json\/wp\/v2\/types\/post"}],"author":[{"embeddable":true,"href":"https:\/\/www.europesays.com\/de\/wp-json\/wp\/v2\/users\/2"}],"replies":[{"embeddable":true,"href":"https:\/\/www.europesays.com\/de\/wp-json\/wp\/v2\/comments?post=988799"}],"version-history":[{"count":0,"href":"https:\/\/www.europesays.com\/de\/wp-json\/wp\/v2\/posts\/988799\/revisions"}],"wp:featuredmedia":[{"embeddable":true,"href":"https:\/\/www.europesays.com\/de\/wp-json\/wp\/v2\/media\/988800"}],"wp:attachment":[{"href":"https:\/\/www.europesays.com\/de\/wp-json\/wp\/v2\/media?parent=988799"}],"wp:term":[{"taxonomy":"category","embeddable":true,"href":"https:\/\/www.europesays.com\/de\/wp-json\/wp\/v2\/categories?post=988799"},{"taxonomy":"post_tag","embeddable":true,"href":"https:\/\/www.europesays.com\/de\/wp-json\/wp\/v2\/tags?post=988799"}],"curies":[{"name":"wp","href":"https:\/\/api.w.org\/{rel}","templated":true}]}}