{"id":988803,"date":"2026-05-02T10:11:30","date_gmt":"2026-05-02T10:11:30","guid":{"rendered":"https:\/\/www.europesays.com\/de\/988803\/"},"modified":"2026-05-02T10:11:30","modified_gmt":"2026-05-02T10:11:30","slug":"formel-e-berlin-rennen-live-bei-bild-sport","status":"publish","type":"post","link":"https:\/\/www.europesays.com\/de\/988803\/","title":{"rendered":"Formel E: Berlin-Rennen live bei BILD | Sport"},"content":{"rendered":"<p><a class=\"skip-content skip-content--link\" href=\"#in-content-skip-link-target-v-0-0\">TTS-Player \u00fcberspringen\u21b5<\/a><a id=\"in-content-skip-link-target-v-0-0\" class=\"skip-content--target-link-hidden skip-content skip-content--target-link\" href=\"#in-content-skip-link-target-v-0-0\">Artikel weiterlesen<\/a><\/p>\n<p><b>Er will seinen Berlin-Fluch brechen \u2013 und sich die Krone zur\u00fcckholen! Die Formel E rast wieder \u00fcbers Tempelhofer Feld. Am Samstag und Sonntag (2.\/3. Mai) ist die vollelektrische Rennserie zu Gast in Berlin f\u00fcr einen \u201eDouble-Header\u201c. Rennen sieben und acht der 12. Saison stehen auf dem Programm. Das Knaller-Wochenende gibt\u2019s live und kostenlos bei BILD.de und SPORTBILD.de! Die Qualifyings finden um 11.40 Uhr statt, die Rennen starten um 16 Uhr.<\/b><\/p>\n<p>Der deutsche Porsche-Pilot und Weltmeister von 2024, Pascal Wehrlein (31), geht als F\u00fchrender in sein Heimrennen. Im vergangenen Jahr vermieste ihm Nissan-Pilot Oliver Rowland (33) die Titelverteidigung. Wehrleins Mission ist klar: Er will in dieser Saison wieder Weltmeister werden.<\/p>\n<p>Wehrlein zu BILD: \u201eIch gehe mit extrem positiven Gef\u00fchlen in die Berlin-Rennen. Es wird ein sehr wichtiges Wochenende f\u00fcr mich, denn es ist unser Heimrennen. Hei\u00dft: Ich habe viel Unterst\u00fctzung von der Familie, aber auch vom gesamten Porsche-Team. Wir hoffen nat\u00fcrlich auch auf starke Unterst\u00fctzung von den Fans. Ich habe in Berlin noch nie ein Rennen gewonnen \u2013 und das m\u00f6chte ich auf jeden Fall \u00e4ndern.\u201c <\/p>\n<p>Berlin-Rennen: So sieht die Strecke auf dem Tempelhofer Feld aus<a class=\"anchor video-teaser__anchor\" href=\"https:\/\/www.bild.de\/sport\/mehr-sport\/formel-e-so-sieht-die-strecke-auf-dem-tempelhofer-feld-aus-69ef64eeb61a65069a480f3d\" rel=\"nofollow noopener\" target=\"_blank\"><img decoding=\"async\" width=\"992\" height=\"558\" alt=\"Formel E zu Gast in Berlin: So sieht die Strecke auf dem Tempelhofer Feld aus\" src=\"https:\/\/www.europesays.com\/de\/wp-content\/uploads\/2026\/05\/b5fbedf515ffdaad9b11be1b16035294,868b5995.jpeg\"   class=\"landscape teaser__image\" loading=\"lazy\"\/><\/a><\/p>\n<p>Quelle: Formel E\/ Brand Spider28.04.2026<\/p>\n<p>Kult-Strecke: Berlin seit Saison 1 dabei<\/p>\n<p>Er betont: \u201eWir sind dort, wo wir sein wollen. Aber: Die Konkurrenz ist stark. Wir m\u00fcssen aus jedem Rennen das Beste herausholen. Wenn wir das schaffen, haben wir ein Wort mitzureden, wenn es um die Titel geht.\u201c<\/p>\n<p><img decoding=\"async\" width=\"992\" height=\"558\" alt=\"Pascal Wehrlein (rechts) und Teamkollege Nico M\u00fcller in Berlin\" src=\"https:\/\/www.europesays.com\/de\/wp-content\/uploads\/2026\/05\/5255f9493d3f6e41bfa31f02475de797,9abffcf0.jpeg\"   class=\"landscape\" loading=\"lazy\"\/><\/p>\n<p class=\"fig__caption__text\">Pascal Wehrlein (rechts) und Teamkollege Nico M\u00fcller in Berlin<\/p>\n<p>Foto: picture alliance\/DPPI media<\/p>\n<p>Seit Saison 1 ist die deutsche Hauptstadt im Rennkalender vertreten \u2013 so lange wie kein anderer Austragungsort. Formel-E-Boss Jeff Dodds schw\u00e4rmt vor den Rennen auf BILD-Nachfrage: \u201eIch liebe die Stadt. Die Kulisse des alten Flughafens ist wirklich beeindruckend f\u00fcr das Rennen.\u201c Und weiter: \u201eWir sind auf dieser Rennstrecke mehr gefahren als auf allen anderen. Die Stadt hat einen gro\u00dfen Platz in den Herzen von vielen Formel-E-Beteiligten und Fans.\u201c<\/p>\n<p><img decoding=\"async\" width=\"992\" height=\"558\" alt=\"Formel-E-Boss Jeff Dodds\" src=\"https:\/\/www.europesays.com\/de\/wp-content\/uploads\/2026\/05\/7ecd255c08d7a42b57f8b890afed8059,453bfa55.jpeg\"   class=\"landscape\" loading=\"lazy\"\/><\/p>\n<p class=\"fig__caption__text\">Formel-E-Boss Jeff Dodds<\/p>\n<p>Foto: picture alliance\/DPPI media<\/p>\n","protected":false},"excerpt":{"rendered":"TTS-Player \u00fcberspringen\u21b5Artikel weiterlesen Er will seinen Berlin-Fluch brechen \u2013 und sich die Krone zur\u00fcckholen! Die Formel E rast&hellip;\n","protected":false},"author":2,"featured_media":988804,"comment_status":"","ping_status":"","sticky":false,"template":"","format":"standard","meta":{"footnotes":"","_share_on_mastodon":"0"},"categories":[1825],"tags":[296,29,39113,30,5011,79584,806,79176],"class_list":["post-988803","post","type-post","status-publish","format-standard","has-post-thumbnail","category-berlin","tag-berlin","tag-deutschland","tag-formel-e","tag-germany","tag-regio-sport-berlin","tag-spobi-formel-e","tag-sport-leuchtturm-berlin","tag-wehrlein-pascal"],"share_on_mastodon":{"url":"https:\/\/pubeurope.com\/@de\/116504447789854335","error":""},"_links":{"self":[{"href":"https:\/\/www.europesays.com\/de\/wp-json\/wp\/v2\/posts\/988803","targetHints":{"allow":["GET"]}}],"collection":[{"href":"https:\/\/www.europesays.com\/de\/wp-json\/wp\/v2\/posts"}],"about":[{"href":"https:\/\/www.europesays.com\/de\/wp-json\/wp\/v2\/types\/post"}],"author":[{"embeddable":true,"href":"https:\/\/www.europesays.com\/de\/wp-json\/wp\/v2\/users\/2"}],"replies":[{"embeddable":true,"href":"https:\/\/www.europesays.com\/de\/wp-json\/wp\/v2\/comments?post=988803"}],"version-history":[{"count":0,"href":"https:\/\/www.europesays.com\/de\/wp-json\/wp\/v2\/posts\/988803\/revisions"}],"wp:featuredmedia":[{"embeddable":true,"href":"https:\/\/www.europesays.com\/de\/wp-json\/wp\/v2\/media\/988804"}],"wp:attachment":[{"href":"https:\/\/www.europesays.com\/de\/wp-json\/wp\/v2\/media?parent=988803"}],"wp:term":[{"taxonomy":"category","embeddable":true,"href":"https:\/\/www.europesays.com\/de\/wp-json\/wp\/v2\/categories?post=988803"},{"taxonomy":"post_tag","embeddable":true,"href":"https:\/\/www.europesays.com\/de\/wp-json\/wp\/v2\/tags?post=988803"}],"curies":[{"name":"wp","href":"https:\/\/api.w.org\/{rel}","templated":true}]}}