{"id":989091,"date":"2026-05-02T13:06:21","date_gmt":"2026-05-02T13:06:21","guid":{"rendered":"https:\/\/www.europesays.com\/de\/989091\/"},"modified":"2026-05-02T13:06:21","modified_gmt":"2026-05-02T13:06:21","slug":"formel-e-in-berlin-motorsport-boss-spricht-von-historischem-titelrennen-motorsport","status":"publish","type":"post","link":"https:\/\/www.europesays.com\/de\/989091\/","title":{"rendered":"Formel E in Berlin: Motorsport-Boss spricht von historischem Titelrennen | Motorsport"},"content":{"rendered":"<p><a class=\"skip-content skip-content--link\" href=\"#in-content-skip-link-target-v-0-0\">TTS-Player \u00fcberspringen\u21b5<\/a><a id=\"in-content-skip-link-target-v-0-0\" class=\"skip-content--target-link-hidden skip-content skip-content--target-link\" href=\"#in-content-skip-link-target-v-0-0\">Artikel weiterlesen<\/a><\/p>\n<p><b>Er erwartete ein Kopf-An-Kopf-Rennen! In <\/b><a href=\"https:\/\/www.bild.de\/sport\/mehr-sport\/formel-e-berlin-rennen-live-bei-bild-69f39a53ec963e44075dc878\" class=\"text-link\" rel=\"nofollow noopener\" target=\"_blank\"><b>Berlin<\/b><\/a><b> l\u00e4uft ab heute das Highlight der 12. Formel-E-Saison. Rennen sieben und acht stehen auf dem Programm \u2013 unter strahlendem Sonnenschein k\u00e4mpfen die deutschen Piloten <\/b><a href=\"https:\/\/sportbild.bild.de\/motorsport\/pascal-wehrlein-da-sind-wir-der-formel-1-einen-schritt-voraus-69df720f3b0747fa5412de1c\" class=\"text-link\" rel=\"nofollow noopener\" target=\"_blank\"><b>Pascal Wehrlein<\/b><\/a><b> (31\/Porsche) und Maximilian G\u00fcnther (28\/DS Penske) am Samstag und Sonntag um wichtige Punkte. Die Qualifyings finden um 11.40 Uhr statt, die Rennen starten um 16 Uhr (beides live bei DF1, auf BILD.de und auf SPORTBILD.de).<\/b><\/p>\n<p>Pascal Wehrlein, Weltmeister von 2024, liegt aktuell in F\u00fchrung vor dem Schweizer Edoardo Mortara und Mitch Evans (Neuseeland). Formel-E-Boss Jeff Dodds sagt vor dem Berlin-Kracher in einer Medienrunde: \u201eWir haben noch sechs Rennorte vor uns. Es wird wohl eines der engsten Titelrennen der Geschichte der Formel E\u201c. Und weiter: \u201eJaguar und Porsche liegen im Hersteller- und Team-Wettbewerb derzeit sehr dicht beieinander.\u201c<\/p>\n<p><img decoding=\"async\" width=\"992\" height=\"558\" alt=\"Porsche Pilot Pascal Wehrlein (31)\" src=\"https:\/\/www.europesays.com\/de\/wp-content\/uploads\/2026\/05\/0ff878e3c33210686b609d6e46f49006,1ed7c751.jpeg\"   class=\"landscape\" loading=\"lazy\"\/><\/p>\n<p class=\"fig__caption__text\">Porsche Pilot Pascal Wehrlein (31)<\/p>\n<p>Foto: picture alliance\/Eibner-Pressefoto<\/p>\n<p>Im vergangenen Jahr musste Pascal Wehrlein in Berlin seine Krone abgeben \u2013 Nissan-Pilot Oliver Rowland vermieste ihm die Titelverteidigung. Jetzt will er wieder Weltmeister werden. Wehrlein zu BILD: \u201eWir sind dort, wo wir sein wollen. Aber: Die Konkurrenz ist stark. Wir m\u00fcssen aus jedem Rennen das Beste herausholen. Wenn wir das schaffen, haben wir ein Wort mitzureden, wenn es um die Titel geht.\u201c<\/p>\n<p><img decoding=\"async\" width=\"992\" height=\"558\" alt=\"Maximilian G\u00fcnther liegt derzeit auf Rang 16\" src=\"https:\/\/www.europesays.com\/de\/wp-content\/uploads\/2026\/05\/6b874fb9d38b4bef25a874ade9311f51,ce94dc69.jpeg\"   class=\"landscape\" loading=\"lazy\"\/><\/p>\n<p class=\"fig__caption__text\">Maximilian G\u00fcnther liegt derzeit auf Rang 16<\/p>\n<p>Foto: picture alliance\/DPPI media<\/p>\n<p>Berliner Kult-Strecke seit Saison 1 dabei!<\/p>\n<p>Seit Saison 1 ist die deutsche Hauptstadt im Rennkalender vertreten \u2013 so lange wie kein anderer Austragungsort. Dodds schw\u00e4rmt vor den Rennen auf BILD-Nachfrage: \u201eIch liebe die Stadt. Die Kulisse des alten Flughafens ist wirklich beeindruckend f\u00fcr das Rennen.\u201c Und weiter: \u201eWir sind auf dieser Rennstrecke mehr gefahren als auf allen anderen. Die Stadt hat einen gro\u00dfen Platz in den Herzen von vielen Formel-E-Beteiligten und Fans.\u201c<\/p>\n<p>Mehr zum Thema<\/p>\n<p>\u00dcber die Bedeutung der Stadtkurse f\u00fcr die Rennserie sagt er: \u201eRennen an urbanen Orten zu veranstalten, hat uns sehr geholfen. Wir sind zu den Fans gekommen und haben sie nicht darum gebeten, zu gro\u00dfen Rennstrecken weit zu fahren. Aus einer Nachhaltigkeitsperspektive war es brillant, da die Fans die \u00f6ffentlichen Verkehrsmittel nutzen konnten. F\u00fcr die Autos war es ebenfalls gut, da man am meisten aus der Technologie herausholen konnte.\u201c<\/p>\n<p>Kult-Rennen in Berlin am Wochenende: Die Formel E rast wieder \u00fcbers Tempelhofer Feld<a class=\"anchor video-teaser__anchor\" href=\"https:\/\/sportbild.bild.de\/motorsport\/formel-e-elektrisiert-berlin-double-header-auf-dem-tempelhofer-feld-69f334006ae0ff2bebbd3b36\" rel=\"nofollow noopener\" target=\"_blank\"><img decoding=\"async\" width=\"992\" height=\"558\" alt=\"Formel E elektrisiert Berlin: Double-Header auf dem Tempelhofer Feld\" src=\"https:\/\/www.europesays.com\/de\/wp-content\/uploads\/2026\/05\/85aaa75501148c53aba1d3a9a01bfe12,6e133d37.jpeg\"   class=\"landscape teaser__image\" loading=\"lazy\"\/><\/a><\/p>\n<p>Quelle: Formula E30.04.2026<\/p>\n<p>Und weiter: \u201eIn Zukunft wird man einen Mix aus von der Formel E gebauten Stra\u00dfenrennstrecken, alten Rennstrecken au\u00dferhalb des Stadtzentrums sowie zielgerichtet erbauten Rennstrecken nah an urbanen Zentren sehen.\u201c <\/p>\n","protected":false},"excerpt":{"rendered":"TTS-Player \u00fcberspringen\u21b5Artikel weiterlesen Er erwartete ein Kopf-An-Kopf-Rennen! In Berlin l\u00e4uft ab heute das Highlight der 12. Formel-E-Saison. Rennen&hellip;\n","protected":false},"author":2,"featured_media":989092,"comment_status":"","ping_status":"","sticky":false,"template":"","format":"standard","meta":{"footnotes":"","_share_on_mastodon":"0"},"categories":[1825],"tags":[296,29,39113,30,1575,14056,79584,79176],"class_list":["post-989091","post","type-post","status-publish","format-standard","has-post-thumbnail","category-berlin","tag-berlin","tag-deutschland","tag-formel-e","tag-germany","tag-motorsport","tag-porsche","tag-spobi-formel-e","tag-wehrlein-pascal"],"share_on_mastodon":{"url":"https:\/\/pubeurope.com\/@de\/116505135740954720","error":""},"_links":{"self":[{"href":"https:\/\/www.europesays.com\/de\/wp-json\/wp\/v2\/posts\/989091","targetHints":{"allow":["GET"]}}],"collection":[{"href":"https:\/\/www.europesays.com\/de\/wp-json\/wp\/v2\/posts"}],"about":[{"href":"https:\/\/www.europesays.com\/de\/wp-json\/wp\/v2\/types\/post"}],"author":[{"embeddable":true,"href":"https:\/\/www.europesays.com\/de\/wp-json\/wp\/v2\/users\/2"}],"replies":[{"embeddable":true,"href":"https:\/\/www.europesays.com\/de\/wp-json\/wp\/v2\/comments?post=989091"}],"version-history":[{"count":0,"href":"https:\/\/www.europesays.com\/de\/wp-json\/wp\/v2\/posts\/989091\/revisions"}],"wp:featuredmedia":[{"embeddable":true,"href":"https:\/\/www.europesays.com\/de\/wp-json\/wp\/v2\/media\/989092"}],"wp:attachment":[{"href":"https:\/\/www.europesays.com\/de\/wp-json\/wp\/v2\/media?parent=989091"}],"wp:term":[{"taxonomy":"category","embeddable":true,"href":"https:\/\/www.europesays.com\/de\/wp-json\/wp\/v2\/categories?post=989091"},{"taxonomy":"post_tag","embeddable":true,"href":"https:\/\/www.europesays.com\/de\/wp-json\/wp\/v2\/tags?post=989091"}],"curies":[{"name":"wp","href":"https:\/\/api.w.org\/{rel}","templated":true}]}}