{"id":989235,"date":"2026-05-02T14:28:21","date_gmt":"2026-05-02T14:28:21","guid":{"rendered":"https:\/\/www.europesays.com\/de\/989235\/"},"modified":"2026-05-02T14:28:21","modified_gmt":"2026-05-02T14:28:21","slug":"1-mai-in-berlin-fuer-wegner-grosser-erfolg-polizei-zaehlt-70-000-menschen-bei-demos-und-87-festnahmen","status":"publish","type":"post","link":"https:\/\/www.europesays.com\/de\/989235\/","title":{"rendered":"1. Mai in Berlin f\u00fcr Wegner \u201egro\u00dfer Erfolg\u201c: Polizei z\u00e4hlt 70.000 Menschen bei Demos und 87 Festnahmen"},"content":{"rendered":"<p class=\"tspBMlw\">87 vor\u00fcbergehende Festnahmen, 121 Ermittlungsverfahren und 15 verletzte Einsatzkr\u00e4fte: Das ist die Bilanz der Berliner Polizei zum 1. Mai. Dennoch sprach die Beh\u00f6rde am Samstag in ihrer Bilanz von einem \u201eweitestgehend st\u00f6rungsfreien Maifeiertag\u201c.<\/p>\n<p class=\"tspBMlw\">Das erkl\u00e4rt sich durch die schieren Massen an Menschen, die am Freitag \u00fcber das gesamte Stadtgebiet verteilt in Berlin unter freiem Himmel feierten und demonstrierten. Den Angaben zufolge gab es berlinweit mehr als 90 Versammlungen, an denen insgesamt \u00fcber 70.000 Menschen vom fr\u00fchen Morgen bis in die sp\u00e4te Nacht teilnahmen. Nicht mitgez\u00e4hlt sind jene, die unorganisiert in den Stra\u00dfen feierten.<\/p>\n<p class=\"tspBMlw\">Zum Vergleich: Im vergangenen Jahr gab es am Maifeiertag 73 vorl\u00e4ufige Festnahmen. Auch damals verliefen die Versammlungen weitgehend gewaltfrei.<\/p>\n<p> Am Ende der \u201erevolution\u00e4ren\u201c Demo wurde es hektisch <\/p>\n<p class=\"tspBMlw\">Etwas kleiner als 2025 fiel in diesem Jahr die \u201erevolution\u00e4re\u201c Demo am Abend durch Kreuzberg und Neuk\u00f6lln aus. Zu Spitzenzeiten nahmen daran einer Sch\u00e4tzung der Polizei zufolge bis zu 11.000 Menschen teil. W\u00e4hrend die Demonstranten vom Oranienplatz zum S\u00fcdstern durch Kreuzberg zogen, wurden verschiedene Formen von Pyrotechnik sowie Nebelt\u00f6pfe und Leuchtfackeln gez\u00fcndet. <\/p>\n<p class=\"tspBMlw\">Am Rio-Reiser-Platz flankierte die Polizei den besonders radikalen Kern, den sogenannten schwarzen Block. Dabei wurden Einsatzkr\u00e4fte unter anderem mit Flaschen beworfen.<\/p>\n<p class=\"tspBMlw\">W\u00e4hrend die Polizei den Aufzug ansonsten als \u201est\u00f6rungsarm\u201c bezeichnete, wurde es nach Ende der Demonstration am S\u00fcdstern hektisch. Eine Einsatzkraft der Polizei wurde bei einer Attacke an der Schulter verletzt und in ein Krankenhaus gebracht. Insgesamt gab es bei der Demonstration 18 Festnahmen und 28 Ermittlungsverfahren, darunter wegen des Verwendens von Kennzeichen verfassungswidriger und terroristischer Organisationen, des t\u00e4tlichen Angriffs auf Vollzugsbeamte und Landfriedensbruchs.<\/p>\n<p> Wegner: \u201eDer 1. Mai in Berlin war friedlich\u201c <\/p>\n<p class=\"tspBMlw\">Der Regierende B\u00fcrgermeister Kai Wegner (CDU) zog eine positive Bilanz des Tages. \u201eDer 1. Mai in Berlin war friedlich\u201c, postete Wegner auf der Plattform X. \u201eDas ist auch ein gro\u00dfer Erfolg der besonnenen und konsequenten Planung und Vorbereitung unserer Berliner Polizei und Feuerwehr. Ich danke allen Einsatzkr\u00e4ften, die im Dienst waren!\u201c<\/p>\n<p class=\"tspVfk\">Empfohlener redaktioneller Inhalt<\/p>\n<p> An dieser Stelle finden Sie einen von unseren Redakteuren ausgew\u00e4hlten, externen Inhalt, der den Artikel f\u00fcr Sie mit zus\u00e4tzlichen Informationen anreichert. Sie k\u00f6nnen sich hier den externen Inhalt mit einem Klick anzeigen lassen oder wieder ausblenden. <\/p>\n<p> Externen Inhalt anzeigen <\/p>\n<p class=\"tspVfq\"> Ich bin damit einverstanden, dass mir der externe Inhalt angezeigt wird. Damit k\u00f6nnen personenbezogene Daten an Drittplattformen \u00fcbermittelt werden.  Mehr Informationen dazu erhalten Sie in den Datenschutz-Einstellungen. Diese finden Sie ganz unten auf unserer Seite im Footer, sodass Sie Ihre Einstellungen jederzeit verwalten oder widerrufen k\u00f6nnen. <\/p>\n<p class=\"tspBMlw\">Von einem \u201eweitgehend friedlichen\u201c 1. Mai sprach Innensenatorin Iris Spranger (SPD). \u201eBerlin hat gezeigt, dass Versammlungsfreiheit und Sicherheit gleicherma\u00dfen gew\u00e4hrleistet werden k\u00f6nnen\u201c, betonte die Senatorin. Zehntausende Berlinerinnen, Berliner und G\u00e4ste der Stadt h\u00e4tten den 1. Mai friedlich und verantwortungsvoll gefeiert. \u201eGleichzeitig gilt aber: Wer Gewalt aus\u00fcbt oder Einsatzkr\u00e4fte angreift, \u00fcberschreitet klare Grenzen. Straftaten werden konsequent verfolgt und rechtsstaatlich geahndet.\u201c<\/p>\n<p class=\"tspBMlw\">Sprangers Dank galt den 5300 eingesetzten Polizistinnen, von denen etwa 2000 aus anderen Bundesl\u00e4ndern und von der Bundespolizei kamen.<\/p>\n<p><img decoding=\"async\" src=\"https:\/\/www.europesays.com\/de\/wp-content\/uploads\/2026\/05\/1777732095_959_demonstrationen-zum-1-mai-berlin.jpeg\"   alt=\"01.05.2026, Berlin: Kai Wegner (CDU), Regierender B\u00fcrgermeister von Berlin, gibt am 1. Mai in der Feuerwache Kreuzberg ein Statement. Hinter ihm stehen Iris Spranger (SPD, l-r), Berliner Senatorin f\u00fcr Inneres und Sport, Barbara Slowik Meisel, Polizeipr\u00e4sidentin der Polizei Berlin, und Karsten Homrighausen, Landesbranddirektor Berlin. Am 1. Mai finden bundesweit und auch in der Stadt mehrere Demonstrationen und Veranstaltungen statt. Foto: Sebastian Christoph Gollnow\/dpa +++ dpa-Bildfunk +++\" aria-labelledby=\"caption-15549061\" width=\"440\" height=\"330\" loading=\"lazy\" class=\"tspAViz\"\/> Zufrieden mit dem Verlauf des Tages: Berlins Regierender B\u00fcrgermeister Kai Wegner (CDU) sowie (hinten von links) Innensenatorin Iris Spranger (SPD), Polizeipr\u00e4sidentin Barbara Slowik Meisel und Feuerwehrchef Karsten Homrighausen am 1. Mai bei einer Pressekonferenz in der Feuerwache Kreuzberg. <\/p>\n<p class=\"tspAEgr\"> \u00a9 dpa\/Sebastian Gollnow <\/p>\n<p class=\"tspBMlw\">Polizeipr\u00e4sidentin Barbara Slowik Meisel zeigte sich ebenfalls zufrieden. \u201eUnsere \u00fcber Jahrzehnte immer weiter fortentwickelte und ausdifferenzierte Strategie der Deeskalation hat sich erneut bew\u00e4hrt\u201c, lie\u00df sie sich in der Mitteilung ihrer Beh\u00f6rde zitieren. \u201eZur\u00fcckhaltung, wenn es uns nicht braucht, enge Begleitung, wenn Straftaten drohen, konsequentes Eingreifen, wenn Straftaten begangen werden.\u201c<\/p>\n<p class=\"tspBMlw\">Die Gewerkschaft der Polizei (GdP) zog hingegen ein gemischtes Fazit. Zwar sei der Tag \u00fcber weite Strecken gewaltfrei verlaufen, am Ende h\u00e4tten jedoch Demonstranten aus dem linksautonomen Spektrum Polizisten mit Gegenst\u00e4nden beworfen. Deshalb k\u00f6nne man \u201eweiterhin nicht von einem friedlichen Tag sprechen\u201c, teilte die GdP mit. Insgesamt gehe die Entwicklung weiter in die richtige Richtung, die Polizei habe \u201ejegliches Gewaltpotenzial in den Griff bekommen\u201c. <\/p>\n<p> Feuerwehr: Von Menschenmassen versperrte Wege erschwerten Arbeit <\/p>\n<p class=\"tspBMlw\">Die Berliner Feuerwehr registrierte in diesem Jahr keine Angriffe auf Einsatzkr\u00e4fte. Allerdings wurde ein Rettungswagen auf dem Weg in ein Krankenhaus beschmiert, wie die Feuerwehr mitteilte.<\/p>\n<p class=\"tspVfk\">Empfohlener redaktioneller Inhalt<\/p>\n<p> An dieser Stelle finden Sie einen von unseren Redakteuren ausgew\u00e4hlten, externen Inhalt, der den Artikel f\u00fcr Sie mit zus\u00e4tzlichen Informationen anreichert. Sie k\u00f6nnen sich hier den externen Inhalt mit einem Klick anzeigen lassen oder wieder ausblenden. <\/p>\n<p> Externen Inhalt anzeigen <\/p>\n<p class=\"tspVfq\"> Ich bin damit einverstanden, dass mir der externe Inhalt angezeigt wird. Damit k\u00f6nnen personenbezogene Daten an Drittplattformen \u00fcbermittelt werden.  Mehr Informationen dazu erhalten Sie in den Datenschutz-Einstellungen. Diese finden Sie ganz unten auf unserer Seite im Footer, sodass Sie Ihre Einstellungen jederzeit verwalten oder widerrufen k\u00f6nnen. <\/p>\n<p class=\"tspBMlw\">Von Freitagfr\u00fch bis Samstagmorgen r\u00fcckten die Kr\u00e4fte den Angaben zufolge insgesamt zu 2050 Eins\u00e4tzen in den Bereichen Rettungsdienst, technische Hilfeleistung und Brandbek\u00e4mpfung aus. Besonders belastet war der Rettungsdienst: 1657 Eins\u00e4tze mussten die Teams bew\u00e4ltigen. Das waren etwa 250 bis 300 mehr als \u00fcblich, sagte ein Sprecher dem Tagesspiegel.<\/p>\n<p class=\"tspBMlw\">Vor allem wegen Zehntausender feiernder Menschen und viel Alkohol waren die Sanit\u00e4ter am 1. Mai im Dauereinsatz. Die Menschen brauchten Hilfe, weil sie zu viel getrunken hatten\u00a0\u2013 oder aufgrund von Drogenkonsum. Aber auch Dehydrierung, die Enge sowie Verletzungen im Gedr\u00e4nge, etwa weil Menschen st\u00fcrzten und sich an Glasscherben schnitten, spielten eine Rolle, wie der Feuerwehrsprecher erl\u00e4uterte. Generell komme es in der Menschenmenge regelm\u00e4\u00dfig zu F\u00e4llen von Kreislaufproblemen, manche Menschen f\u00fchlten sich au\u00dferdem schnell bedr\u00e4ngt.<\/p>\n<p>Tagesspiegel Checkpoint: Berlins beliebtester Newsletter<\/p>\n<p><img decoding=\"async\" src=\"https:\/\/www.europesays.com\/de\/wp-content\/uploads\/2025\/04\/cp-icon.png\" alt=\"\" class=\"tspCUhk\"\/><\/p>\n<p class=\"tspCUnb\"> Der schnellste Berlin-\u00dcberblick von Montag bis Samstag.  <\/p>\n<p class=\"tspBMlw\">Am Abend h\u00e4uften sich in Kreuzberg die Eins\u00e4tze. Die gro\u00dfen Menschenmengen auf der Stra\u00dfe und dadurch versperrte Zufahrtswege erschwerten die Hilfeleistung. \u201eZum einen mussten wir mit unseren gro\u00dfen Fahrzeugen durchkommen\u201c, erkl\u00e4rte der Sprecher, \u201eund zum anderen die Menschen, die uns gerufen hatten, erst mal finden.\u201c<\/p>\n<p class=\"tspBMlw\">Um die Lage besser zu bew\u00e4ltigen, verlegten die Rettungskr\u00e4fte die Einsatzmittel auf eine nahegelegene Feuerwache. Zudem richteten Feuerwehr und Polizei am G\u00f6rlitzer Park zwei Verletztensammelstellen ein, um die medizinische Hilfe zu b\u00fcndeln. Gegen zwei Uhr in der Nacht entspannte sich die Lage deutlich.<\/p>\n<p><img decoding=\"async\" src=\"https:\/\/www.europesays.com\/de\/wp-content\/uploads\/2026\/05\/1777716573_607_nach-den-demonstrationen-zum-1-mai-in-berlin.jpeg\"   alt=\"02.05.2026, Berlin: Mitarbeiter der Berliner Stadtreinigung (BSR) sammeln im G\u00f6rlitzer Park in den fr\u00fchen Morgenstunden am Tag nach dem 01. Mai Altglas ein. Foto: Carsten Koall\/dpa +++ dpa-Bildfunk +++\" aria-labelledby=\"caption-15548226\" width=\"440\" height=\"330\" loading=\"lazy\" class=\"tspAViz\"\/> Mitarbeiter der Berliner Stadtreinigung (BSR) sammeln im G\u00f6rlitzer Park Altglas ein. <\/p>\n<p class=\"tspAEgr\"> \u00a9 dpa\/Carsten Koall <\/p>\n<p> Tonnenweise M\u00fcll in Kreuzberg <\/p>\n<p class=\"tspBMlw\">Unterdessen war die Berliner Stadtreinigung seit dem fr\u00fchen Samstagmorgen im Einsatz, um die gro\u00dfen Mengen M\u00fcll zu beseitigen. Mit Sonderschichten und viel Personal wurden die von Scherben und Glassplittern bedeckten Stra\u00dfen zwischen Oranienplatz und Schlesischem Tor abgefahren. Bereits in den Vorjahren hatte die Stadtreinigung BSR in Sonderschichten nach dem 1. Mai mehr als hundert Kubikmeter M\u00fcll eingesammelt.<\/p>\n<p><a href=\"https:\/\/www.tagesspiegel.de\/berlin\/bezirke\/friedrichshain-kreuzberg\/im-scherbenhaufen-vom-gorlitzer-park-das-war-eines-der-geilsten-maifeste-uberhaupt-15548420.html?icid=single-topic_15548063___\" data-gtm-class=\"article-mzt-link\" class=\"tspB9nt\" rel=\"nofollow noopener\" target=\"_blank\">Im Scherbenhaufen vom G\u00f6rlitzer Park \u201eDas war eines der geilsten Maifeste \u00fcberhaupt\u201c <\/a><\/p>\n<p class=\"tspBMlw\">Gro\u00dfe M\u00fcllhaufen gab es in diesem Jahr vor allem auch im G\u00f6rlitzer Park, aber ebenso im Mauerpark, im Treptower Park und im Volkspark Friedrichshain. Die BSR will sp\u00e4ter die Menge an M\u00fcll konkreter benennen. In fr\u00fcheren Jahren wurden mehr als 100 Kubikmeter eingesammelt.\u00a0<\/p>\n<p><img decoding=\"async\" src=\"https:\/\/www.europesays.com\/de\/wp-content\/uploads\/2026\/05\/1777716574_892_nach-den-demonstrationen-zum-1-mai-in-berlin.jpeg\"   alt=\"02.05.2026, Berlin: Eine Kehrmaschine der Berliner Stadtreinigung (BSR) kippt vor dem G\u00f6rlitzer Park in den fr\u00fchen Morgenstunden am Tag nach dem 01. Mai die Wege \u00fcberwiegend Glasflaschen ab. Foto: Carsten Koall\/dpa +++ dpa-Bildfunk +++\" aria-labelledby=\"caption-15548220\" width=\"440\" height=\"330\" loading=\"lazy\" class=\"tspAViz\"\/> Eine Kehrmaschine der BSR kippt vor dem G\u00f6rlitzer Park \u00fcberwiegend Glasflaschen ab. <\/p>\n<p class=\"tspAEgr\"> \u00a9 dpa\/Carsten Koall <\/p>\n<p><img decoding=\"async\" src=\"https:\/\/www.europesays.com\/de\/wp-content\/uploads\/2026\/05\/1777716577_442_nach-den-demonstrationen-zum-1-mai-in-berlin.jpeg\"   alt=\"02.05.2026, Berlin: Mitarbeiter sammeln \u00fcberwiegen Glasflaschen-M\u00fcll in den fr\u00fchen Morgenstunden am Tag nach dem 1. Mai. Foto: Carsten Koall\/dpa +++ dpa-Bildfunk +++\" aria-labelledby=\"caption-15548224\" width=\"440\" height=\"330\" loading=\"lazy\" class=\"tspAViz\"\/> Per Greifarm werden die Flaschen verladen. <\/p>\n<p class=\"tspAEgr\"> \u00a9 dpa\/Carsten Koall <\/p>\n<p class=\"tspBMlw\">Ein offizielles Stra\u00dfenfest gibt es am 1. Mai in Kreuzberg schon seit Jahren nicht mehr. Die Anwohner hatten zu sehr unter L\u00e4rm, M\u00fcll und sonstigen Hinterlassenschaften der feiernden jungen Menschen gelitten. Allerdings ziehen trotzdem Zehntausende jedes Jahr an dem Feiertag ab mittags in den Stadtteil. Viele kommen mit den S-Bahnen und Z\u00fcgen aus den Randbezirken und aus Brandenburg, sodass der Andrang gr\u00f6\u00dfer ist denn je.<\/p>\n<p class=\"tspBMlw\">Zahllose Sp\u00e4tis und Kneipen verkaufen Getr\u00e4nke meist in Glasflaschen. Fr\u00fcher hatte sich das von den Gr\u00fcnen gef\u00fchrte Bezirksamt noch bem\u00fcht, Glasflaschen zu verbieten und den Getr\u00e4nkeausschank nur in Bechern zu genehmigen\u00a0\u2013\u00a0davon ist aber schon l\u00e4nger nicht mehr die Rede. Als Folge sind am sp\u00e4ten Abend ganze Stra\u00dfenz\u00fcge voll mit den Resten der Flaschen.<\/p>\n<p class=\"tspBMlw\">Voll war es auch diesmal: Wegen der Massen an Menschen war der G\u00f6rlitzer Park am Abend des 1. Mai vor\u00fcbergehend geschlossen worden. Der Park wurde zwar nicht ger\u00e4umt, aber die Menschen durften nicht mehr hineingehen. Ein Verlassen des Parks war jederzeit m\u00f6glich. Mit der Ma\u00dfnahme wolle man Platz f\u00fcr Rettungskr\u00e4fte machen, wenn diese ben\u00f6tigt w\u00fcrden.\u00a0<\/p>\n<p>Mehr zum 1. Mai in Berlin:<a href=\"https:\/\/www.tagesspiegel.de\/berlin\/ich-bin-fur-die-vier-stunden-woche-und-mehr-gehalt-berliner-rapperin-ikkimel-tritt-vor-tausenden-auf-linke-fest-auf-15547916.html?icid=topic-list_15548063___\" data-gtm-class=\"article-mzt-link\" data-hydrate-fingerprint=\"09740a54944caac75fd2c0c63fd5c5df\" data-hydrate-props=\"{&amp;escapedquot;element&amp;escapedquot;:{&amp;escapedquot;type&amp;escapedquot;:&amp;escapedquot;relatedContent&amp;escapedquot;,&amp;escapedquot;fieldMap&amp;escapedquot;:{},&amp;escapedquot;relation&amp;escapedquot;:{&amp;escapedquot;fields&amp;escapedquot;:{&amp;escapedquot;isPaid&amp;escapedquot;:null},&amp;escapedquot;href&amp;escapedquot;:&amp;escapedquot;\/berlin\/ich-bin-fur-die-vier-stunden-woche-und-mehr-gehalt-berliner-rapperin-ikkimel-tritt-vor-tausenden-auf-linke-fest-auf-15547916.html&amp;escapedquot;,&amp;escapedquot;teaserTitle&amp;escapedquot;:{&amp;escapedquot;kicker&amp;escapedquot;:&amp;escapedquot;\u201eIch bin f\u00fcr die Vier-Stunden-Woche und mehr Gehalt\u201c&amp;escapedquot;,&amp;escapedquot;headline&amp;escapedquot;:&amp;escapedquot;Berliner Rapperin Ikkimel tritt vor Tausenden auf Linken-Fest auf&amp;escapedquot;},&amp;escapedquot;id&amp;escapedquot;:&amp;escapedquot;15547916&amp;escapedquot;,&amp;escapedquot;type&amp;escapedquot;:&amp;escapedquot;story&amp;escapedquot;},&amp;escapedquot;isPartOfList&amp;escapedquot;:true,&amp;escapedquot;topicListType&amp;escapedquot;:&amp;escapedquot;topic-list&amp;escapedquot;},&amp;escapedquot;showArrow&amp;escapedquot;:true}\" data-hydrate-slots=\"{&#039;default&#039;:[]}\" class=\"tspB9nt tspCBn0\" rel=\"nofollow noopener\" target=\"_blank\">\u201eIch bin f\u00fcr die Vier-Stunden-Woche und mehr Gehalt\u201c Berliner Rapperin Ikkimel tritt vor Tausenden auf Linken-Fest auf <\/a><a href=\"https:\/\/www.tagesspiegel.de\/berlin\/berlins-regierender-war-selbst-bei-demo-kai-wegner-verteidigt-den-1-mai-als-feiertag-15547698.html?icid=topic-list_15548063___\" data-gtm-class=\"article-mzt-link\" data-hydrate-fingerprint=\"09740a54944caac75fd2c0c63fd5c5df\" data-hydrate-props=\"{&amp;escapedquot;element&amp;escapedquot;:{&amp;escapedquot;type&amp;escapedquot;:&amp;escapedquot;relatedContent&amp;escapedquot;,&amp;escapedquot;fieldMap&amp;escapedquot;:{},&amp;escapedquot;relation&amp;escapedquot;:{&amp;escapedquot;fields&amp;escapedquot;:{&amp;escapedquot;isPaid&amp;escapedquot;:null},&amp;escapedquot;href&amp;escapedquot;:&amp;escapedquot;\/berlin\/berlins-regierender-war-selbst-bei-demo-kai-wegner-verteidigt-den-1-mai-als-feiertag-15547698.html&amp;escapedquot;,&amp;escapedquot;teaserTitle&amp;escapedquot;:{&amp;escapedquot;kicker&amp;escapedquot;:&amp;escapedquot;Berlins Regierender war selbst bei Demo&amp;escapedquot;,&amp;escapedquot;headline&amp;escapedquot;:&amp;escapedquot;Kai Wegner verteidigt den 1. Mai als Feiertag&amp;escapedquot;},&amp;escapedquot;id&amp;escapedquot;:&amp;escapedquot;15547698&amp;escapedquot;,&amp;escapedquot;type&amp;escapedquot;:&amp;escapedquot;story&amp;escapedquot;},&amp;escapedquot;isPartOfList&amp;escapedquot;:true,&amp;escapedquot;topicListType&amp;escapedquot;:&amp;escapedquot;topic-list&amp;escapedquot;},&amp;escapedquot;showArrow&amp;escapedquot;:true}\" data-hydrate-slots=\"{&#039;default&#039;:[]}\" class=\"tspB9nt tspCBn0\" rel=\"nofollow noopener\" target=\"_blank\">Berlins Regierender war selbst bei Demo Kai Wegner verteidigt den 1. Mai als Feiertag <\/a><a href=\"https:\/\/www.tagesspiegel.de\/berlin\/baden-in-berlin-am-1-mai-diese-freibader-haben-ab-heute-geoffnet-15546458.html?icid=topic-list_15548063___\" data-gtm-class=\"article-mzt-link\" data-hydrate-fingerprint=\"09740a54944caac75fd2c0c63fd5c5df\" data-hydrate-props=\"{&amp;escapedquot;element&amp;escapedquot;:{&amp;escapedquot;type&amp;escapedquot;:&amp;escapedquot;relatedContent&amp;escapedquot;,&amp;escapedquot;fieldMap&amp;escapedquot;:{},&amp;escapedquot;relation&amp;escapedquot;:{&amp;escapedquot;fields&amp;escapedquot;:{&amp;escapedquot;isPaid&amp;escapedquot;:null},&amp;escapedquot;href&amp;escapedquot;:&amp;escapedquot;\/berlin\/baden-in-berlin-am-1-mai-diese-freibader-haben-ab-heute-geoffnet-15546458.html&amp;escapedquot;,&amp;escapedquot;teaserTitle&amp;escapedquot;:{&amp;escapedquot;kicker&amp;escapedquot;:&amp;escapedquot;Baden in Berlin am 1. Mai&amp;escapedquot;,&amp;escapedquot;headline&amp;escapedquot;:&amp;escapedquot;Diese Freib\u00e4der haben ab heute ge\u00f6ffnet&amp;escapedquot;},&amp;escapedquot;id&amp;escapedquot;:&amp;escapedquot;15546458&amp;escapedquot;,&amp;escapedquot;type&amp;escapedquot;:&amp;escapedquot;story&amp;escapedquot;},&amp;escapedquot;isPartOfList&amp;escapedquot;:true,&amp;escapedquot;topicListType&amp;escapedquot;:&amp;escapedquot;topic-list&amp;escapedquot;},&amp;escapedquot;showArrow&amp;escapedquot;:true}\" data-hydrate-slots=\"{&#039;default&#039;:[]}\" class=\"tspB9nt tspCBn0\" rel=\"nofollow noopener\" target=\"_blank\">Baden in Berlin am 1. Mai Diese Freib\u00e4der haben ab heute ge\u00f6ffnet <\/a><\/p>\n<p class=\"tspBMlw\">Wegen der Menschenmassen in Kreuzberg waren auch die umliegenden Stra\u00dfen f\u00fcr Autos gesperrt. Mehrere U-Bahnh\u00f6fe wurden geschlossen, die Z\u00fcge hielten dort nicht mehr. Voller Menschen war auch der Mariannenplatz, als dort am Abend die Berliner Rapperin Ikkimel beim 1.-Mai-Fest der Linken auftrat. (mit dpa)<\/p>\n","protected":false},"excerpt":{"rendered":"87 vor\u00fcbergehende Festnahmen, 121 Ermittlungsverfahren und 15 verletzte Einsatzkr\u00e4fte: Das ist die Bilanz der Berliner Polizei zum 1.&hellip;\n","protected":false},"author":2,"featured_media":989236,"comment_status":"","ping_status":"","sticky":false,"template":"","format":"standard","meta":{"footnotes":"","_share_on_mastodon":"0"},"categories":[1825],"tags":[296,31,29,94201,527,30,1924,21425,2384,44031,184],"class_list":["post-989235","post","type-post","status-publish","format-standard","has-post-thumbnail","category-berlin","tag-berlin","tag-cdu","tag-deutschland","tag-fahrrad-und-verkehr-in-berlin","tag-friedrichshain-kreuzberg","tag-germany","tag-goerlitzer-park","tag-iris-spranger","tag-kai-wegner","tag-oranienplatz","tag-spd"],"share_on_mastodon":{"url":"https:\/\/pubeurope.com\/@de\/116505458280535179","error":""},"_links":{"self":[{"href":"https:\/\/www.europesays.com\/de\/wp-json\/wp\/v2\/posts\/989235","targetHints":{"allow":["GET"]}}],"collection":[{"href":"https:\/\/www.europesays.com\/de\/wp-json\/wp\/v2\/posts"}],"about":[{"href":"https:\/\/www.europesays.com\/de\/wp-json\/wp\/v2\/types\/post"}],"author":[{"embeddable":true,"href":"https:\/\/www.europesays.com\/de\/wp-json\/wp\/v2\/users\/2"}],"replies":[{"embeddable":true,"href":"https:\/\/www.europesays.com\/de\/wp-json\/wp\/v2\/comments?post=989235"}],"version-history":[{"count":0,"href":"https:\/\/www.europesays.com\/de\/wp-json\/wp\/v2\/posts\/989235\/revisions"}],"wp:featuredmedia":[{"embeddable":true,"href":"https:\/\/www.europesays.com\/de\/wp-json\/wp\/v2\/media\/989236"}],"wp:attachment":[{"href":"https:\/\/www.europesays.com\/de\/wp-json\/wp\/v2\/media?parent=989235"}],"wp:term":[{"taxonomy":"category","embeddable":true,"href":"https:\/\/www.europesays.com\/de\/wp-json\/wp\/v2\/categories?post=989235"},{"taxonomy":"post_tag","embeddable":true,"href":"https:\/\/www.europesays.com\/de\/wp-json\/wp\/v2\/tags?post=989235"}],"curies":[{"name":"wp","href":"https:\/\/api.w.org\/{rel}","templated":true}]}}