{"id":989241,"date":"2026-05-02T14:31:31","date_gmt":"2026-05-02T14:31:31","guid":{"rendered":"https:\/\/www.europesays.com\/de\/989241\/"},"modified":"2026-05-02T14:31:31","modified_gmt":"2026-05-02T14:31:31","slug":"kunst-aus-der-spraydose-so-kommt-die-streetart-nach-pfaffenweiler-villingen-schwenningen-umgebung","status":"publish","type":"post","link":"https:\/\/www.europesays.com\/de\/989241\/","title":{"rendered":"Kunst aus der Spraydose: So kommt die Streetart nach Pfaffenweiler &#8211; Villingen-Schwenningen &#038; Umgebung"},"content":{"rendered":"<p>Gro\u00dffl\u00e4chige Murals, die aus einer Hauswand einen echten Blickfang machen und obendrein Zeugnis von echter <a href=\"https:\/\/www.schwarzwaelder-bote.de\/thema\/Kunst\" title=\"Kunst\" class=\"art_thema\" rel=\"nofollow noopener\" target=\"_blank\">Kunst<\/a> mit der Spraydose sind \u2013 normalerweise kennt man das aus Metropolen, Gro\u00dfst\u00e4dten oder zumindest aus Industrievierteln, die sich aufmachen in eine alternative Zukunft als hippe Stadt-Areale. <\/p>\n<p>Hierzulande tauchte jetzt aber ein solches im Dorf auf, genauer: in Pfaffenweiler. Statt 36 Quadratmeter ordentlichen, aber nichtssagenden wei\u00dfen Rauputz bewundert man dort nun an einer Hauswand einen Boxerhund, wie er nach knackigen \u00c4pfeln lechzt, die an einem Ast genau vor seiner Schnauze herunterbaumeln und nur darauf warten, im Vorbeigehen geschnappt zu werden. <\/p>\n<p> Pfaffenweiler und ein R\u00e4ubernest  <\/p>\n<p>Wer Michael Hoyer, den Kommunikationsprofessor aus Pfaffenweiler, kennt, der wei\u00df, dass er ebenso sehr wie seinen Boxerhund auch das Motorradfahren liebt. Offroad durch bizarre Landschaften brausen und sich durch schwieriges Gel\u00e4nde k\u00e4mpfen oder mal eben politische Botschaften quer durch die Lande transportieren, das ist genau sein Ding. Zwei R\u00e4der und ein PS-starker Motor haben im Leben des Unternehmers schon lange einen festen Platz und f\u00fchren ihn mitunter in fesselnde Gegenden.<\/p>\n<p>  <img decoding=\"async\" loading=\"lazy\" src=\"https:\/\/www.europesays.com\/de\/wp-content\/uploads\/2026\/05\/media.media.a97d0955-202f-4dc9-b598-294a71526a01.original1024.media.jpeg\"\/>     Michael Hoyer ist oft und gerne mit dem Motorrad unterwegs.    Foto: Hoyer    <\/p>\n<p> Eine solche war das sardinische Orgosolo \u2013 und das nicht nur, weil das Bergdorf einst bei gerade einmal etwa 4000 Einwohnern statistisch mit j\u00e4hrlich sage und schreibe rund sechs Morden aufwartete und somit den Ruf als wahres R\u00e4ubernest erlangt hatte, sondern heutzutage haupts\u00e4chlich ihretwegen: eindrucksvolle Wandmalereien en masse \u2013 und viele davon bringen die politische und soziale Themen auf den Punkt. \u201eDieser Ort hat mich wahnsinnig inspiriert\u201c, sagt Hoyer noch immer irgendwie erf\u00fcllt davon.<\/p>\n<p>Doch zur\u00fcck zu seiner einst kahlen Hauswand in Pfaffenweiler. Weder ist\u2019s skandaltr\u00e4chtig, noch ein R\u00e4ubernest, aber eine w\u00fcrdige Leinwand f\u00fcr <a href=\"https:\/\/www.schwarzwaelder-bote.de\/thema\/Street_Art\" title=\"Streetart\" class=\"art_thema\" rel=\"nofollow noopener\" target=\"_blank\">Streetart<\/a>, die kann auch ein solcher Platz in Pfaffenweiler sein, dachte sich Hoyer. <\/p>\n<p>  <img decoding=\"async\" loading=\"lazy\" src=\"https:\/\/www.europesays.com\/de\/wp-content\/uploads\/2026\/05\/media.media.fd86c30d-37c4-4c0b-9aec-b430bd8181f3.original1024.media.jpeg\"\/>     Adam Goldwald bei seiner Arbeit in Pfaffenweiler.    Foto: Hoyer    <\/p>\n<p>Eine ganze Zeitlang ging er mit dieser Idee schon schwanger, als ein geeigneter Partner daf\u00fcr seinen Weg kreuzte. Das geschah im Zuge seines eigenen aktuellen Kunstprojekts P61x, das \u201eMenschen.Arbeit.Leben\u201c in der Region einf\u00e4ngt. Dabei lernte er eine professionelle Schauspielerin kennen \u2013 und durch sie ihren kreativen Ehemann Adam Goldwald, ein Graffiteur aus <a href=\"https:\/\/www.schwarzwaelder-bote.de\/thema\/Donaueschingen\" title=\"Donaueschingen\" class=\"art_thema\" rel=\"nofollow noopener\" target=\"_blank\">Donaueschingen<\/a>. Der Rest ist Bild gewordene Geschichte. <\/p>\n<p> Gesagt, getan <\/p>\n<p>Sein Talent, Michael Hoyers Leidenschaft f\u00fcr Boxer-Hunde und die Liebe seiner Frau Beate zu Apfelb\u00e4umen schrieben das Drehbuch f\u00fcr das, was jetzt in Farbe im Langen Gewann in Pfaffenweiler zu sehen ist und Spazierg\u00e4nger staunend innehalten l\u00e4sst. Denn nach Vorbesprechungen, Skizzen auf Tablets und einem Ger\u00fcstbau im Pfaffenweiler Gewann r\u00fcckte Goldwald an mit seinem Koffer voller hochwertiger Spr\u00fchlacke, die speziell f\u00fcr den Au\u00dfenbereich geeignet sind, um das Bild lange Zeit farbstabil zu halten. <\/p>\n<p>   <img decoding=\"async\" loading=\"lazy\" src=\"https:\/\/www.europesays.com\/de\/wp-content\/uploads\/2026\/05\/media.media.d5c2d4ba-36ae-498f-9491-86ce16faea41.original1024.media.jpeg\"\/>     Weithin sichtbar ist sogar auf der Drohnen-Aufnahme das Wandbild in Pfaffenweiler.    Foto: Hoyer    <\/p>\n<p>Herausforderungen barg dieses Projekt reichlich: \u201eH\u00f6he, Wetter, Detailtiefe, die \u00fcblichen Verd\u00e4chtigen. Aber genau das macht solche Projekte spannend\u201c, l\u00e4sst der <a href=\"https:\/\/www.schwarzwaelder-bote.de\/thema\/K%C3%BCnstler\" title=\"K\u00fcnstler\" class=\"art_thema\" rel=\"nofollow noopener\" target=\"_blank\">K\u00fcnstler<\/a>, der in b\u00fcrgerlichem Leben nicht nur anders hei\u00dft, sondern auch ein richtiger Ingenieur ist, sp\u00e4ter gelassen l\u00e4chelnd wissen. Vier Tage lang mit jeweils vier Stunden reiner Arbeitszeit kniete er sich rein \u2013 exklusive der Vorbereitungen wie Motiventwicklung und Farbauswahl. <\/p>\n<p>   <img decoding=\"async\" loading=\"lazy\" src=\"https:\/\/www.europesays.com\/de\/wp-content\/uploads\/2026\/05\/media.media.4120b292-aa85-461e-8af7-6f46fb024ca8.original1024.media.jpeg\"\/>     Das Werk in der Totale.    Foto: Hoyer    <\/p>\n<p>Und jetzt? Jetzt blickt er stolz und sichtlich zufrieden auf das Geleistete und l\u00e4sst sich von vielen positiven R\u00fcckmeldungen berichten, die die Hoyers f\u00fcr ihr neues Kunstwerk erhalten, das sie irgendwie nicht nur sich selbst, sondern jedem an diesem Wegesrand beschert haben. <\/p>\n<p> Der K\u00fcnstler <\/p>\n<p class=\"infobox\"> <strong>Adam Goldwald<\/strong><br \/>hei\u00dft \u2013 mit K\u00fcnstlernamen \u2013 der Mann hinter der Wandkunst. Wie lange er schon k\u00fcnstlerisch aktiv ist? \u201eSagen wir so: lange genug, um einiges erlebt zu haben, und kurz genug, um immer noch mit leuchtenden Augen vor einer frisch grundierten Wand zu stehen.\u201c Angefangen habe alles als Hobby, das sich hartn\u00e4ckig geweigert habe, eines zu bleiben. Irgendwann wurde daraus Leidenschaft und nun ein Teil seines Lebens. Seine k\u00fcnstlerische Ader entdeckte der Donaueschinger fr\u00fch, und irgendwann kam die Idee auf, Kunst in den \u00f6ffentlichen Raum zu bringen, dorthin, wo Menschen ihr zuf\u00e4llig begegnen. F\u00fcr Adam Goldwald ist Muralart \u201edie perfekte Mischung aus Kreativit\u00e4t, Handwerk und Kommunikation\u201c. Hoyers Boxerhund unterm Apfelbaum z\u00e4hlt zu seinen gr\u00f6\u00dferen Projekten, das allergr\u00f6\u00dfte aber ist es nicht. Zehn bis zw\u00f6lf Meter in der L\u00e4nge und vier bis f\u00fcnf Meter in der H\u00f6he misst sein Rekordwerk. <\/p>\n<p class=\"infobox\"> <strong>Mehr von ihm<\/strong><br \/>Wer mehr sehen m\u00f6chte von Adam Goldwald, dem sei seine in K\u00fcrze stattfindende Ausstellung empfohlen: Die Vernissage findet am 7. Mai um 18 Uhr in der Rathausgalerie in Donaueschingen statt, die Ausstellung l\u00e4uft \u00fcber die K\u00fcnstlergilde Donaueschingen, in deren k\u00fcnstlerischem Beirat er ebenfalls wirkt. Noch bis zum 26. Juni wird die Ausstellung \u201eInnere Systeme\u201c im Blauen Rathaus in Donaueschingen w\u00e4hrend dessen \u00d6ffnungszeiten zu sehen sein. <\/p>\n","protected":false},"excerpt":{"rendered":"Gro\u00dffl\u00e4chige Murals, die aus einer Hauswand einen echten Blickfang machen und obendrein Zeugnis von echter Kunst mit der&hellip;\n","protected":false},"author":2,"featured_media":989242,"comment_status":"","ping_status":"","sticky":false,"template":"","format":"standard","meta":{"footnotes":"","_share_on_mastodon":"0"},"categories":[1775],"tags":[213895,1793,29,214,30,12530,3668,2075,1794,3910,3667,61665,29612,215,26853,3665],"class_list":["post-989241","post","type-post","status-publish","format-standard","has-post-thumbnail","category-kunst-und-design","tag-adam-goldwald","tag-art-and-design","tag-deutschland","tag-entertainment","tag-germany","tag-graffiti","tag-kreis-schwarzwald-baar","tag-kunst","tag-kunst-und-design","tag-kuenstler","tag-schwarzwald-baar-kreis","tag-sprayer","tag-street-art","tag-unterhaltung","tag-villingen-schwenningen","tag-villingen-schwenningen-umgebung"],"share_on_mastodon":{"url":"https:\/\/pubeurope.com\/@de\/116505469843435542","error":""},"_links":{"self":[{"href":"https:\/\/www.europesays.com\/de\/wp-json\/wp\/v2\/posts\/989241","targetHints":{"allow":["GET"]}}],"collection":[{"href":"https:\/\/www.europesays.com\/de\/wp-json\/wp\/v2\/posts"}],"about":[{"href":"https:\/\/www.europesays.com\/de\/wp-json\/wp\/v2\/types\/post"}],"author":[{"embeddable":true,"href":"https:\/\/www.europesays.com\/de\/wp-json\/wp\/v2\/users\/2"}],"replies":[{"embeddable":true,"href":"https:\/\/www.europesays.com\/de\/wp-json\/wp\/v2\/comments?post=989241"}],"version-history":[{"count":0,"href":"https:\/\/www.europesays.com\/de\/wp-json\/wp\/v2\/posts\/989241\/revisions"}],"wp:featuredmedia":[{"embeddable":true,"href":"https:\/\/www.europesays.com\/de\/wp-json\/wp\/v2\/media\/989242"}],"wp:attachment":[{"href":"https:\/\/www.europesays.com\/de\/wp-json\/wp\/v2\/media?parent=989241"}],"wp:term":[{"taxonomy":"category","embeddable":true,"href":"https:\/\/www.europesays.com\/de\/wp-json\/wp\/v2\/categories?post=989241"},{"taxonomy":"post_tag","embeddable":true,"href":"https:\/\/www.europesays.com\/de\/wp-json\/wp\/v2\/tags?post=989241"}],"curies":[{"name":"wp","href":"https:\/\/api.w.org\/{rel}","templated":true}]}}