{"id":989418,"date":"2026-05-02T16:19:28","date_gmt":"2026-05-02T16:19:28","guid":{"rendered":"https:\/\/www.europesays.com\/de\/989418\/"},"modified":"2026-05-02T16:19:28","modified_gmt":"2026-05-02T16:19:28","slug":"borussia-moenchengladbach-u23-gewinnt-gegen-1-fc-bocholt","status":"publish","type":"post","link":"https:\/\/www.europesays.com\/de\/989418\/","title":{"rendered":"Borussia M\u00f6nchengladbach U23 gewinnt gegen 1. FC Bocholt"},"content":{"rendered":"<p>                                Spielinfos:<br \/>\nDatum &amp; Uhrzeit: 02.05.2026 14.00 Uhr<br \/>Austragungsort: M\u00f6nchengladbach<br \/>Wettbewerb: Regionalliga West<br \/>Spieltag: 32<\/p>\n<p>Spielbericht: Borussia M\u00f6nchengladbach U23 gegen 1. FC Bocholt 3:0 (3:0)<\/p>\n<p id=\"absatz2\" class=\"em_text\">M\u00f6nchengladbach. Ein von Erfolg gekr\u00f6ntes Heimspiel d\u00fcrfen die 480 Zuschauer im M\u00f6nchengladbacher Grenzlandstadion am Samstag verfolgen. Mit 3:0 setzen sich die Fohlen souver\u00e4n gegen die G\u00e4ste aus Bocholt durch.<\/p>\n<p id=\"absatz3\" class=\"em_text\">Bevor ein erstes Tor geschossen wird, vergibt Schiri Maurice Stubenrauch schon eine Rote Karte an die G\u00e4ste. Das Team aus Bocholt muss das Match in Unterzahl fortsetzen. Das Spiel hat kaum begonnen, schon wird es turbulent. Jan Urbich sorgt f\u00fcr den ersten Treffer und verschafft den Hausherren mit einem Strafsto\u00df fr\u00fchzeitig die Oberhand (17). Das zweite Tor l\u00e4sst nicht lange auf sich warten: Diesmal setzt Mathieu Nguefack die Kugel ins Netz.<\/p>\n<p id=\"absatz4\" class=\"em_text\">Die Bocholter wechseln in der zweiten Halbzeit nochmal aus. Auf der Gastseite r\u00e4umt Arnold Budimbu f\u00fcr Johannes D\u00f6rfler den Platz.<\/p>\n<p id=\"absatz5\" class=\"em_text\">Das Spiel nimmt einen bitteren Verlauf f\u00fcr die Bocholter. In Minute 38 lenkt Dawyn-Paul Donner den Ball ung\u00fcnstig ins eigene Tor und baut den Vorsprung der Gegner noch weiter aus. Platz drei geh\u00f6rt den Gladbachern. Die Bocholter rutschten auf Platz zw\u00f6lf ab.<\/p>\n<p id=\"absatz6\" class=\"em_text\">Tore fallen keine mehr. Die Gegner von der Borussia M\u00f6nchengladbach U23 beenden die Partie mit einer Gelben Karte (87).<\/p>\n<p>Die Aufstellungen: Borussia M\u00f6nchengladbach U23 &#8211; 1. FC Bocholt<br \/>\nBorussia M\u00f6nchengladbach U23: Divine Dillon Berko (19), Yannick Michaelis (14), Iaia Manco Danfa (18), Veit Stange (31), Jan Urbich (11), Fritz Henri Fleck (24), Joshua Lucky Uwakhonye (3), Michel Lieder (23), Maximilian Neutgens (32), Mathieu Nguefack (6), Yassir Atty (17)<\/p>\n<p id=\"absatz7\" class=\"em_text\">FC Bocholt: Jeff Amoah Mensah (21), Marlon Frey (18), Paul Seidel (37), Dawyn-Paul Donner (5), Arnold Budimbu (10), Ozan Hot (20), Stipe Batarilo-Cerdic (8), Charles Jesaja Herrmann (30), Dominik Lanius (13), Marvin Lorch (25), Paul Grave (34)<\/p>\n<p id=\"absatz8\" class=\"em_text\">Schiedsrichter: Maurice Stubenrauch<\/p>\n<p id=\"absatz9\" class=\"em_text\">Assistent: Francisco Lahora Chulian<\/p>\n<p id=\"absatz10\" class=\"em_text\">Assistent: Lutz Meyersieck<\/p>\n<p id=\"absatz11\" class=\"em_text\" style=\"font-size: .8em;\">Die Inhalte dieses Berichts wurden automatisch auf der Basis von DFB-Daten zusammengestellt.<\/p>\n","protected":false},"excerpt":{"rendered":"Spielinfos: Datum &amp; Uhrzeit: 02.05.2026 14.00 UhrAustragungsort: M\u00f6nchengladbachWettbewerb: Regionalliga WestSpieltag: 32 Spielbericht: Borussia M\u00f6nchengladbach U23 gegen 1. FC&hellip;\n","protected":false},"author":2,"featured_media":989419,"comment_status":"","ping_status":"","sticky":false,"template":"","format":"standard","meta":{"footnotes":"","_share_on_mastodon":"0"},"categories":[1849],"tags":[6031,3847,7766,3364,29,548,663,3934,5282,30,93783,13,90618,7771,213915,734,7774,1613,4455,14,15,1209,3459,12,7772,7773,7765],"class_list":["post-989418","post","type-post","status-publish","format-standard","has-post-thumbnail","category-moenchengladbach","tag-1-fc-bocholt","tag-bocholt","tag-borussia-mnchengladbach-u23","tag-de","tag-deutschland","tag-eu","tag-europa","tag-europe","tag-fuball","tag-germany","tag-grenzlandstadion","tag-headlines","tag-jan-urbich","tag-mnchengladbach","tag-maurice-stubenrauch","tag-meta_artikelklasse_nachricht","tag-meta_themen_sport","tag-meta_userneeds_informieremich","tag-moenchengladbach","tag-nachrichten","tag-news","tag-nordrhein-westfalen","tag-regionalliga","tag-schlagzeilen","tag-serie_ligaid_290008","tag-serie_ligaid_all","tag-spielinfo"],"share_on_mastodon":{"url":"https:\/\/pubeurope.com\/@de\/116505894509884423","error":""},"_links":{"self":[{"href":"https:\/\/www.europesays.com\/de\/wp-json\/wp\/v2\/posts\/989418","targetHints":{"allow":["GET"]}}],"collection":[{"href":"https:\/\/www.europesays.com\/de\/wp-json\/wp\/v2\/posts"}],"about":[{"href":"https:\/\/www.europesays.com\/de\/wp-json\/wp\/v2\/types\/post"}],"author":[{"embeddable":true,"href":"https:\/\/www.europesays.com\/de\/wp-json\/wp\/v2\/users\/2"}],"replies":[{"embeddable":true,"href":"https:\/\/www.europesays.com\/de\/wp-json\/wp\/v2\/comments?post=989418"}],"version-history":[{"count":0,"href":"https:\/\/www.europesays.com\/de\/wp-json\/wp\/v2\/posts\/989418\/revisions"}],"wp:featuredmedia":[{"embeddable":true,"href":"https:\/\/www.europesays.com\/de\/wp-json\/wp\/v2\/media\/989419"}],"wp:attachment":[{"href":"https:\/\/www.europesays.com\/de\/wp-json\/wp\/v2\/media?parent=989418"}],"wp:term":[{"taxonomy":"category","embeddable":true,"href":"https:\/\/www.europesays.com\/de\/wp-json\/wp\/v2\/categories?post=989418"},{"taxonomy":"post_tag","embeddable":true,"href":"https:\/\/www.europesays.com\/de\/wp-json\/wp\/v2\/tags?post=989418"}],"curies":[{"name":"wp","href":"https:\/\/api.w.org\/{rel}","templated":true}]}}