{"id":989714,"date":"2026-05-02T19:20:31","date_gmt":"2026-05-02T19:20:31","guid":{"rendered":"https:\/\/www.europesays.com\/de\/989714\/"},"modified":"2026-05-02T19:20:31","modified_gmt":"2026-05-02T19:20:31","slug":"ksc-transfers-2026-2027-alle-wechsel-geruechte-und-verlaengerungen-im-ueberblick","status":"publish","type":"post","link":"https:\/\/www.europesays.com\/de\/989714\/","title":{"rendered":"KSC-Transfers 2026\/2027: Alle Wechsel, Ger\u00fcchte und Verl\u00e4ngerungen im \u00dcberblick"},"content":{"rendered":"<p class=\"mb-6 text-xs md:text-m lg:text-l font-serif group-[.font-sans]:font-sans \">\n    Die letzten Spiele der aktuellen Saison in der 2. Bundesliga stehen bevor. Beim <a href=\"https:\/\/www.ka-news.de\/region\/karlsruhe\/ksc-geschichte-trainer-und-co-im-ueberblick-art-2806184\" target=\"_self\" class=\"underline \" rel=\"nofollow noopener\">KSC<\/a> steht durch den Abgang von Cheftrainer <a href=\"https:\/\/www.ka-news.de\/ksc\/karlsruher-sc-ksc-trainer-christian-eichner-im-portraet-er-war-als-spieler-publikumsliebling-in-karlsruhe-8-4-26-102567361\" target=\"_self\" class=\"underline \" rel=\"nofollow noopener\">Christian Eichner<\/a> ein Umbruch bevor. Alle Ger\u00fcchte zum KSC-Trainerwechsel gibt es hier:<a href=\"https:\/\/www.ka-news.de\/leserstorys\/ksc-alle-aktuellen-namen-und-geruechte-zum-trainerwechsel-2-5-26-113942237\" target=\"_self\" class=\"underline \" rel=\"nofollow noopener\"> Diese Kandidaten bringt die KSC-Ger\u00fcchtek\u00fcche ins Spiel<\/a>\n  <\/p>\n<p class=\"mb-6 text-xs md:text-m lg:text-l font-serif group-[.font-sans]:font-sans \">\n    <strong class=\"font-bold\">Welche \u00c4nderungen im Kader selbst bevorstehen? Alle Transfers im \u00dcberblick:<\/strong>\n  <\/p>\n<p>            02. Mai: KSC interessiert an Torj\u00e4ger Sigurd Haugen<\/p>\n<p class=\"mb-6 text-xs md:text-m lg:text-l font-serif group-[.font-sans]:font-sans \">\n    Der <a href=\"https:\/\/www.ka-news.de\/ksc\" target=\"_self\" class=\"underline \" rel=\"nofollow noopener\">Karlsruher SC<\/a> sucht einen Ersatz f\u00fcr Fabian Schleusener. <a href=\"https:\/\/www.ka-news.de\/ksc\/ersatz-fuer-schleusener-ksc-interessiert-sich-fuer-muenchner-toptorjaeger-114123121\" target=\"_self\" class=\"underline \" rel=\"nofollow noopener\">In der dritten Liga k\u00f6nnten sie bei 1860 M\u00fcnchen f\u00fcndig werden. Sigurd Haugen ist ein bulliger, kopfballstarker St\u00fcrmer, der in der 3. Liga nach Belieben trifft.<\/a>\n  <\/p>\n<p>            28. April: Wechselt Louey Ben Farhat in die T\u00fcrkei?<\/p>\n<p class=\"mb-6 text-xs md:text-m lg:text-l font-serif group-[.font-sans]:font-sans \">\n    Galatasaray soll Interesse am KSC-St\u00fcrmer Louey Ben Farhat haben. Alle weiteren Infos gibt es hier: <a href=\"https:\/\/www.ka-news.de\/ksc\/geruechte-um-louey-ben-farhat-galatasaray-habe-interesse-an-dem-ksc-spieler-114091724\" target=\"_self\" class=\"underline \" rel=\"nofollow noopener\">Ger\u00fcchte um Louey Ben Farhat<\/a>\n  <\/p>\n<p>    <img decoding=\"async\" src=\"https:\/\/images.mgpd.de\/img\/113732460\/crop\/c16_9-w100\/1731759697\/1900335427\/dsc1294.jpg\" alt=\"Louey Ben Farhat. (Archivbild)\" title=\"Louey Ben Farhat. (Archivbild)\" loading=\"lazy\" class=\"h-full w-full object-cover\"\/><\/p>\n<p>      Icon vergr\u00f6\u00dfern<\/p>\n<p>    Louey Ben Farhat. (Archivbild)<br \/>\n    Foto: Michaela Anderer<\/p>\n<p>        Schlie\u00dfen <\/p>\n<p>      Icon Schlie\u00dfen<\/p>\n<p>        Icon vergr\u00f6\u00dfern<\/p>\n<p>        Icon verkleinern<\/p>\n<p>      Icon Pfeil bewegen<\/p>\n<p>    Louey Ben Farhat. (Archivbild)<br \/>\n    Foto: Michaela Anderer<\/p>\n<p>            24. April: Ferdinand Gebert kommt zum KSC<\/p>\n<p class=\"mb-6 text-xs md:text-m lg:text-l font-serif group-[.font-sans]:font-sans \">\n    Ferdinand Gebert kommt zum KSC. Alle weiteren Infos gibt es hier: <a href=\"https:\/\/www.ka-news.de\/ksc\/torwart-ferdinand-gebert-kommt-zum-ksc-als-dritter-neuzugang-114059772\" target=\"_self\" class=\"underline \" rel=\"nofollow noopener\">Junger Keeper kommt zum KSC<\/a>\n  <\/p>\n<p>            23. April: Fabian Schleusener verl\u00e4sst den KSC<\/p>\n<p class=\"mb-6 text-xs md:text-m lg:text-l font-serif group-[.font-sans]:font-sans \">\n    <a href=\"https:\/\/www.ka-news.de\/ksc\/2-fussball-bundesliga-schleusener-verlaesst-karlsruher-sc-nach-der-saison-24-4-26-114048073\" target=\"_self\" class=\"underline \" rel=\"nofollow noopener\">Fabian Schleusener verl\u00e4sst den KSC.<\/a> Das best\u00e4tigte der Verein am 23. April. <a href=\"https:\/\/www.ka-news.de\/ksc\/ksc-geht-mit-fast-vollem-kader-ins-heimspiel-gegen-hannover-96-114053583\" target=\"_self\" class=\"underline \" rel=\"nofollow noopener\">Auch Trainer Christian Eichner hat sich bereits in der Pressekonferenz vor dem Spiel gegen Hannover zu dem Abschied ge\u00e4u\u00dfert.<\/a>\n  <\/p>\n<p>    <img decoding=\"async\" src=\"https:\/\/images.mgpd.de\/img\/113955647\/crop\/c16_9-w100\/1052537116\/796403895\/dsc9588.jpg\" alt=\"Fabian Schleusener. (Archivbild)\" title=\"Fabian Schleusener. (Archivbild)\" loading=\"lazy\" class=\"h-full w-full object-cover\"\/><\/p>\n<p>      Icon vergr\u00f6\u00dfern<\/p>\n<p>    Fabian Schleusener. (Archivbild)<br \/>\n    Foto: Michaela Anderer<\/p>\n<p>        Schlie\u00dfen <\/p>\n<p>      Icon Schlie\u00dfen<\/p>\n<p>        Icon vergr\u00f6\u00dfern<\/p>\n<p>        Icon verkleinern<\/p>\n<p>      Icon Pfeil bewegen<\/p>\n<p>    Fabian Schleusener. (Archivbild)<br \/>\n    Foto: Michaela Anderer<\/p>\n<p>            22. April: David Herold scheint es nach Gladbach zu ziehen<\/p>\n<p class=\"mb-6 text-xs md:text-m lg:text-l font-serif group-[.font-sans]:font-sans \">\n    Dass David Herold seine letzte Saison f\u00fcr den KSC spielt, scheint aktuell sehr wahrscheinlich: Borussia M\u00f6nchengladbach will den 23-J\u00e4hrigen in die Erste Bundesliga holen &#8211; <a href=\"https:\/\/www.ka-news.de\/ksc\/gladbach-plant-herold-transfer-ksc-abwehrspieler-vor-wechsel-in-bundesliga-114048150\" target=\"_self\" class=\"underline \" rel=\"nofollow noopener\">eine \u201egrunds\u00e4tzliche Einigung\u201c zwischen dem Linksverteidiger und den Fohlen sei laut Sky Sport bereits erzielt.<\/a>\n  <\/p>\n<p>    <img decoding=\"async\" src=\"https:\/\/images.mgpd.de\/img\/113217910\/crop\/c16_9-w100\/447412054\/119894104\/dsc2782.jpg\" alt=\"David Herold (r.) k\u00f6nnte bald in der Ersten Bundesliga spielen.\" title=\"David Herold (r.) k\u00f6nnte bald in der Ersten Bundesliga spielen.\" loading=\"lazy\" class=\"h-full w-full object-cover\"\/><\/p>\n<p>      Icon vergr\u00f6\u00dfern<\/p>\n<p>    David Herold (r.) k\u00f6nnte bald in der Ersten Bundesliga spielen.<br \/>\n    Foto: Michaela Anderer<\/p>\n<p>        Schlie\u00dfen <\/p>\n<p>      Icon Schlie\u00dfen<\/p>\n<p>        Icon vergr\u00f6\u00dfern<\/p>\n<p>        Icon verkleinern<\/p>\n<p>      Icon Pfeil bewegen<\/p>\n<p>    David Herold (r.) k\u00f6nnte bald in der Ersten Bundesliga spielen.<br \/>\n    Foto: Michaela Anderer<\/p>\n<p>            17. April: Wechselt D\u017eenis Burni\u0107 in die Bundesliga?<\/p>\n<p class=\"mb-6 text-xs md:text-m lg:text-l font-serif group-[.font-sans]:font-sans \">\n    Im Sommer l\u00e4uft der Vertrag von D\u017eenis Burni\u0107 beim KSC aus. Der Mittelfeldspieler, der mit Bosnien zur WM f\u00e4hrt, soll Begehrlichkeiten aus der Bundesliga geweckt haben. <a href=\"https:\/\/www.ka-news.de\/ksc\/geruechte-um-ksc-spieler-dzenis-burnic-wechselt-er-abloesefrei-zum-fc-augsburg-17-4-26-113987370\" target=\"_self\" class=\"underline \" rel=\"nofollow noopener\">Der FC Augsburg soll wohl an einem Transfer interessiert sein<\/a>.\n  <\/p>\n<p>    <img decoding=\"async\" src=\"https:\/\/images.mgpd.de\/img\/113669585\/crop\/c16_9-w100\/1505297943\/849540761\/dsc6351.jpg\" alt=\"KSC m\u00fcht sich zu Remis gegen Dynamo.\" title=\"KSC m\u00fcht sich zu Remis gegen Dynamo.\" loading=\"lazy\" class=\"h-full w-full object-cover\"\/><\/p>\n<p>      Icon vergr\u00f6\u00dfern<\/p>\n<p>    KSC m\u00fcht sich zu Remis gegen Dynamo.<br \/>\n    Foto: Michaela Anderer<\/p>\n<p>        Schlie\u00dfen <\/p>\n<p>      Icon Schlie\u00dfen<\/p>\n<p>        Icon vergr\u00f6\u00dfern<\/p>\n<p>        Icon verkleinern<\/p>\n<p>      Icon Pfeil bewegen<\/p>\n<p>    KSC m\u00fcht sich zu Remis gegen Dynamo.<br \/>\n    Foto: Michaela Anderer<\/p>\n<p>            16. April: Sebastian Jung verl\u00e4ngert seinen Vertrag<\/p>\n<p class=\"mb-6 text-xs md:text-m lg:text-l font-serif group-[.font-sans]:font-sans \">\n    Sebastian Jung geh\u00f6rt zu den absoluten Routiniers beim Karlsruher SC. Vor sechs Jahren kam der 35-J\u00e4hrige, der in seiner Karriere immerhin einmal f\u00fcr die deutsche Nationalmannschaft auflief, aus Hannover in den Wildpark. <a href=\"https:\/\/www.ka-news.de\/baden-wuerttemberg\/2-fussball-bundesliga-karlsruher-sc-verlaengert-mit-routinier-jung-113999491\" target=\"_self\" class=\"underline \" rel=\"nofollow noopener\">Wie der Verein nun mitteilt, wurde sein Arbeitspapier um ein weiteres Jahr verl\u00e4ngert.<\/a>\n  <\/p>\n<p>    <img decoding=\"async\" src=\"https:\/\/images.mgpd.de\/img\/113955648\/crop\/c16_9-w100\/602959068\/1503627562\/dsc9432.jpg\" alt=\"KSC gegen Bielefeld am 10. April 2026.\" title=\"KSC gegen Bielefeld am 10. April 2026.\" loading=\"lazy\" class=\"h-full w-full object-cover\"\/><\/p>\n<p>      Icon vergr\u00f6\u00dfern<\/p>\n<p>    KSC gegen Bielefeld am 10. April 2026.<br \/>\n    Foto: Michaela Anderer<\/p>\n<p>        Schlie\u00dfen <\/p>\n<p>      Icon Schlie\u00dfen<\/p>\n<p>        Icon vergr\u00f6\u00dfern<\/p>\n<p>        Icon verkleinern<\/p>\n<p>      Icon Pfeil bewegen<\/p>\n<p>    KSC gegen Bielefeld am 10. April 2026.<br \/>\n    Foto: Michaela Anderer<\/p>\n<p>            10. April: Mehrere Topclubs wollen Louey Ben Farhat<\/p>\n<p class=\"mb-6 text-xs md:text-m lg:text-l font-serif group-[.font-sans]:font-sans \">\n    Louey Ben Farhat ist das Toptalent beim Karlsruher SC. <a href=\"https:\/\/www.ka-news.de\/ksc\/geruechte-um-ksc-talent-louey-ben-farhat-von-vielen-clubs-heiss-begehrt-2-4-26-113874610\" target=\"_self\" class=\"underline \" rel=\"nofollow noopener\">Anfang des Monats wurden mehrere Scouts von Topclubs im Karlsruher Stadion gesichtet, unter anderem vom FC Bayern M\u00fcnchen und Borussia Dortmund<\/a>. Mittlerweile ist es um die Personalie etwas still geworden,<strong class=\"font-bold\"> ein Abgang im Sommer ist jedoch weiterhin wahrscheinlich<\/strong>.\n  <\/p>\n<p>    <img decoding=\"async\" src=\"https:\/\/images.mgpd.de\/img\/113787755\/crop\/c16_9-w100\/47979492\/367995041\/dsc2906.jpg\" alt=\"Louey Ben Farhat k\u00f6nnte der n\u00e4chste teure Abgang des KSC werden.\" title=\"Louey Ben Farhat k\u00f6nnte der n\u00e4chste teure Abgang des KSC werden.\" loading=\"lazy\" class=\"h-full w-full object-cover\"\/><\/p>\n<p>      Icon vergr\u00f6\u00dfern<\/p>\n<p>    Louey Ben Farhat k\u00f6nnte der n\u00e4chste teure Abgang des KSC werden.<br \/>\n    Foto: Michaela Anderer<\/p>\n<p>        Schlie\u00dfen <\/p>\n<p>      Icon Schlie\u00dfen<\/p>\n<p>        Icon vergr\u00f6\u00dfern<\/p>\n<p>        Icon verkleinern<\/p>\n<p>      Icon Pfeil bewegen<\/p>\n<p>    Louey Ben Farhat k\u00f6nnte der n\u00e4chste teure Abgang des KSC werden.<br \/>\n    Foto: Michaela Anderer<\/p>\n","protected":false},"excerpt":{"rendered":"Die letzten Spiele der aktuellen Saison in der 2. Bundesliga stehen bevor. Beim KSC steht durch den Abgang&hellip;\n","protected":false},"author":2,"featured_media":989715,"comment_status":"","ping_status":"","sticky":false,"template":"","format":"standard","meta":{"footnotes":"","_share_on_mastodon":"0"},"categories":[1844],"tags":[1634,16611,3364,29,100523,213936,30,235,46,8903,3850,127475,23950,1288,14156],"class_list":["post-989714","post","type-post","status-publish","format-standard","has-post-thumbnail","category-karlsruhe","tag-baden-wuerttemberg","tag-christian-eichner","tag-de","tag-deutschland","tag-fabian-schleusener","tag-ferdinand-gebert","tag-germany","tag-geruecht","tag-hannover","tag-karlsruhe","tag-karlsruher-sc","tag-sigurd-haugen","tag-transfergeruecht","tag-transfers","tag-umbruch"],"share_on_mastodon":{"url":"https:\/\/pubeurope.com\/@de\/116506606391925822","error":""},"_links":{"self":[{"href":"https:\/\/www.europesays.com\/de\/wp-json\/wp\/v2\/posts\/989714","targetHints":{"allow":["GET"]}}],"collection":[{"href":"https:\/\/www.europesays.com\/de\/wp-json\/wp\/v2\/posts"}],"about":[{"href":"https:\/\/www.europesays.com\/de\/wp-json\/wp\/v2\/types\/post"}],"author":[{"embeddable":true,"href":"https:\/\/www.europesays.com\/de\/wp-json\/wp\/v2\/users\/2"}],"replies":[{"embeddable":true,"href":"https:\/\/www.europesays.com\/de\/wp-json\/wp\/v2\/comments?post=989714"}],"version-history":[{"count":0,"href":"https:\/\/www.europesays.com\/de\/wp-json\/wp\/v2\/posts\/989714\/revisions"}],"wp:featuredmedia":[{"embeddable":true,"href":"https:\/\/www.europesays.com\/de\/wp-json\/wp\/v2\/media\/989715"}],"wp:attachment":[{"href":"https:\/\/www.europesays.com\/de\/wp-json\/wp\/v2\/media?parent=989714"}],"wp:term":[{"taxonomy":"category","embeddable":true,"href":"https:\/\/www.europesays.com\/de\/wp-json\/wp\/v2\/categories?post=989714"},{"taxonomy":"post_tag","embeddable":true,"href":"https:\/\/www.europesays.com\/de\/wp-json\/wp\/v2\/tags?post=989714"}],"curies":[{"name":"wp","href":"https:\/\/api.w.org\/{rel}","templated":true}]}}