{"id":989866,"date":"2026-05-02T21:07:48","date_gmt":"2026-05-02T21:07:48","guid":{"rendered":"https:\/\/www.europesays.com\/de\/989866\/"},"modified":"2026-05-02T21:07:48","modified_gmt":"2026-05-02T21:07:48","slug":"350-menschen-bei-der-mai-kundgebung-des-dgb-in-guetersloh","status":"publish","type":"post","link":"https:\/\/www.europesays.com\/de\/989866\/","title":{"rendered":"350 Menschen bei der Mai-Kundgebung des DGB in G\u00fctersloh"},"content":{"rendered":"<p>Der Deutsche Gewerkschaftsbund (DGB) warnt vor Bedrohungen der erk\u00e4mpften Arbeitnehmerrechte. Bei der Mai-Kundgebung in G\u00fctersloh diskutierten etwa 350 Teilnehmer \u00fcber aktuelle Herausforderungen.<\/p>\n<p>Kritik an Vorw\u00fcrfen gegen Arbeitnehmer<\/p>\n<p>Kreisvorsitzende Jana Ramme \u00e4u\u00dferte sich zu Anschuldigungen, dass in Deutschland zu wenig gearbeitet und h\u00e4ufig krankgefeiert werde. Ramme sagte zu [Radio G\u00fctersloh](https:\/\/www.radioguetersloh.de\/), dass diese Vorw\u00fcrfe Forderungen unterst\u00fctzen, die den Sozialstaat betreffen.<\/p>\n<p>Absage an Abschaffung des Mai-Feiertags<\/p>\n<p>Die Kundgebungsteilnehmer lehnten \u00dcberlegungen ab, den Mai-Feiertag zur Steigerung der Wettbewerbsf\u00e4higkeit abzuschaffen.<\/p>\n<p>Auf dem Foto: Die DGB-Regionsgesch\u00e4ftsf\u00fchrerin Clea Stille sprach auf der Mai-Kundgebung in G\u00fctersloh.<\/p>\n","protected":false},"excerpt":{"rendered":"Der Deutsche Gewerkschaftsbund (DGB) warnt vor Bedrohungen der erk\u00e4mpften Arbeitnehmerrechte. Bei der Mai-Kundgebung in G\u00fctersloh diskutierten etwa 350&hellip;\n","protected":false},"author":2,"featured_media":989867,"comment_status":"","ping_status":"","sticky":false,"template":"","format":"standard","meta":{"footnotes":"","_share_on_mastodon":"0"},"categories":[1841],"tags":[4294,620,1605,3364,2554,29,30,23744,1209,41381],"class_list":["post-989866","post","type-post","status-publish","format-standard","has-post-thumbnail","category-bielefeld","tag-arbeitnehmerrechte","tag-arbeitsmarkt","tag-bielefeld","tag-de","tag-deutscher-gewerkschaftsbund","tag-deutschland","tag-germany","tag-guetersloh","tag-nordrhein-westfalen","tag-sozialstaat"],"share_on_mastodon":{"url":"https:\/\/pubeurope.com\/@de\/116507026948548953","error":""},"_links":{"self":[{"href":"https:\/\/www.europesays.com\/de\/wp-json\/wp\/v2\/posts\/989866","targetHints":{"allow":["GET"]}}],"collection":[{"href":"https:\/\/www.europesays.com\/de\/wp-json\/wp\/v2\/posts"}],"about":[{"href":"https:\/\/www.europesays.com\/de\/wp-json\/wp\/v2\/types\/post"}],"author":[{"embeddable":true,"href":"https:\/\/www.europesays.com\/de\/wp-json\/wp\/v2\/users\/2"}],"replies":[{"embeddable":true,"href":"https:\/\/www.europesays.com\/de\/wp-json\/wp\/v2\/comments?post=989866"}],"version-history":[{"count":0,"href":"https:\/\/www.europesays.com\/de\/wp-json\/wp\/v2\/posts\/989866\/revisions"}],"wp:featuredmedia":[{"embeddable":true,"href":"https:\/\/www.europesays.com\/de\/wp-json\/wp\/v2\/media\/989867"}],"wp:attachment":[{"href":"https:\/\/www.europesays.com\/de\/wp-json\/wp\/v2\/media?parent=989866"}],"wp:term":[{"taxonomy":"category","embeddable":true,"href":"https:\/\/www.europesays.com\/de\/wp-json\/wp\/v2\/categories?post=989866"},{"taxonomy":"post_tag","embeddable":true,"href":"https:\/\/www.europesays.com\/de\/wp-json\/wp\/v2\/tags?post=989866"}],"curies":[{"name":"wp","href":"https:\/\/api.w.org\/{rel}","templated":true}]}}