{"id":989955,"date":"2026-05-02T22:03:21","date_gmt":"2026-05-02T22:03:21","guid":{"rendered":"https:\/\/www.europesays.com\/de\/989955\/"},"modified":"2026-05-02T22:03:21","modified_gmt":"2026-05-02T22:03:21","slug":"formel-e-berlin-nico-mueller-triumphiert-wehrlein-mit-pannen-pech-motorsport","status":"publish","type":"post","link":"https:\/\/www.europesays.com\/de\/989955\/","title":{"rendered":"Formel E Berlin: Nico M\u00fcller triumphiert \u2013 Wehrlein mit Pannen-Pech | Motorsport"},"content":{"rendered":"<p><a class=\"skip-content skip-content--link\" href=\"#in-content-skip-link-target-v-0-0\">TTS-Player \u00fcberspringen\u21b5<\/a><a id=\"in-content-skip-link-target-v-0-0\" class=\"skip-content--target-link-hidden skip-content skip-content--target-link\" href=\"#in-content-skip-link-target-v-0-0\">Artikel weiterlesen<\/a><\/p>\n<p><b>Wie bitter f\u00fcr den deutschen Weltmeister-Piloten! Die Formel E ist wieder zu Gast in Berlin f\u00fcr einen Double-Header. Seit Saison 1 ist die deutsche Hauptstadt dabei. <\/b><a href=\"https:\/\/sportbild.bild.de\/motorsport\/pascal-wehrlein-da-sind-wir-der-formel-1-einen-schritt-voraus-69df720f3b0747fa5412de1c\" class=\"text-link\" rel=\"nofollow noopener\" target=\"_blank\"><b>Pascal Wehrlein<\/b><\/a><b> (31) hat eine gro\u00dfe Mission: Er will nach 2024 erneut Weltmeister werden \u2013 und seinen ersten Berlin-Sieg feiern. Beim Rennen am Samstag l\u00e4uft es aber gar nicht rund f\u00fcr den Porsche-Fahrer. In etwa der H\u00e4lfte des Rennens passiert es: Kontakt mit Andretti-Pilot Jake Dennis. Reifenschaden! Danach liegt ein Podium in weiter Ferne, die Punkte sind futsch. Er landet auf Rang 19. <\/b><\/p>\n<p>Porsche-Pilot jubelt in Berlin: Nico M\u00fcller holt ersten Sieg seiner Karriere!<a class=\"anchor video-teaser__anchor\" href=\"https:\/\/sportbild.bild.de\/motorsport\/porsche-jubelt-in-berlin-nico-mueller-holt-ersten-sieg-seiner-karriere-69f625a40fb4cef565850425\" rel=\"nofollow noopener\" target=\"_blank\"><img decoding=\"async\" width=\"992\" height=\"558\" alt=\"Porsche jubelt in Berlin: Nico M\u00fcller holt ersten Sieg seiner Karriere\" src=\"https:\/\/www.europesays.com\/de\/wp-content\/uploads\/2026\/05\/419d9df38bb2f07fbae5578c9eded694-landscape,c480d3dd.jpeg\"   class=\"landscape teaser__image\" loading=\"lazy\"\/><\/a><\/p>\n<p>Quelle: FormulaE02.05.2026<\/p>\n<p>Porsche kann sich dennoch freuen: Den Sieg schnappt sich Wehrleins Teamkollege Nico M\u00fcller \u2013 es ist sein erster Formel-E-Sieg \u00fcberhaupt! M\u00fcller nach seinem Hammer-Rennen euphorisch: \u201eEs ist unglaublich.\u201c Und weiter: \u201eDas ist so ein toller Tag, ich danke Porsche, dass sie mir das Vertrauen schenken \u2013 hier vor den deutschen Fans zu gewinnen, der Tag k\u00f6nnte nicht sch\u00f6ner sein.\u201c<\/p>\n<p><img decoding=\"async\" width=\"992\" height=\"558\" alt=\"Der Schweizer Nico M\u00fcller beim Rennen in Berlin\" src=\"https:\/\/www.europesays.com\/de\/wp-content\/uploads\/2026\/05\/2aafded7cae588b9e5af7571d792a4c9,c23e87c4.jpeg\"   class=\"landscape\" loading=\"lazy\"\/><\/p>\n<p class=\"fig__caption__text\">Der Schweizer Nico M\u00fcller beim Rennen in Berlin<\/p>\n<p>Foto: picture alliance\/foto2press<\/p>\n<p>Am Sonntag wieder Formel E in Berlin<\/p>\n<p>Auf Rang zwei landet Nick Cassidy (Citro\u00ebn), das Podium komplettiert Titelverteidiger Oliver Rowland (Nissan). Rowland: \u201eIch bin sehr zufrieden mit dem Ergebnis. Es war ein hartes Rennen.\u201c Der deutsche DS-Penske-Pilot Maximilian G\u00fcnther (28) f\u00e4hrt bei seinem Heimrennen auf Platz 11. <\/p>\n<p><img decoding=\"async\" width=\"992\" height=\"558\" alt=\"Porsche-Pilot Pascal Wehrlein muss weiter auf seinen Berlin-Sieg warten\" src=\"https:\/\/www.europesays.com\/de\/wp-content\/uploads\/2026\/05\/5418ec6d0a04b91da15f98a7655e0582,b9ade47d.jpeg\"   class=\"landscape\" loading=\"lazy\"\/><\/p>\n<p class=\"fig__caption__text\">Porsche-Pilot Pascal Wehrlein muss weiter auf seinen Berlin-Sieg warten<\/p>\n<p>Foto: picture alliance\/Eibner-Pressefoto<\/p>\n<p>Am Sonntag hat Wehrlein gleich die n\u00e4chste Chance auf den lang ersehnten Sieg bei seinem Heimrennen: Um 11.40 starten die Qualifyings, um 16 Uhr das Rennen. Beides live bei BILD.de und SPORT BILD.de. <\/p>\n","protected":false},"excerpt":{"rendered":"TTS-Player \u00fcberspringen\u21b5Artikel weiterlesen Wie bitter f\u00fcr den deutschen Weltmeister-Piloten! Die Formel E ist wieder zu Gast in Berlin&hellip;\n","protected":false},"author":2,"featured_media":989956,"comment_status":"","ping_status":"","sticky":false,"template":"","format":"standard","meta":{"footnotes":"","_share_on_mastodon":"0"},"categories":[1825],"tags":[296,29,39113,30,1575,14056,79176],"class_list":["post-989955","post","type-post","status-publish","format-standard","has-post-thumbnail","category-berlin","tag-berlin","tag-deutschland","tag-formel-e","tag-germany","tag-motorsport","tag-porsche","tag-wehrlein-pascal"],"share_on_mastodon":{"url":"https:\/\/pubeurope.com\/@de\/116507247290109704","error":""},"_links":{"self":[{"href":"https:\/\/www.europesays.com\/de\/wp-json\/wp\/v2\/posts\/989955","targetHints":{"allow":["GET"]}}],"collection":[{"href":"https:\/\/www.europesays.com\/de\/wp-json\/wp\/v2\/posts"}],"about":[{"href":"https:\/\/www.europesays.com\/de\/wp-json\/wp\/v2\/types\/post"}],"author":[{"embeddable":true,"href":"https:\/\/www.europesays.com\/de\/wp-json\/wp\/v2\/users\/2"}],"replies":[{"embeddable":true,"href":"https:\/\/www.europesays.com\/de\/wp-json\/wp\/v2\/comments?post=989955"}],"version-history":[{"count":0,"href":"https:\/\/www.europesays.com\/de\/wp-json\/wp\/v2\/posts\/989955\/revisions"}],"wp:featuredmedia":[{"embeddable":true,"href":"https:\/\/www.europesays.com\/de\/wp-json\/wp\/v2\/media\/989956"}],"wp:attachment":[{"href":"https:\/\/www.europesays.com\/de\/wp-json\/wp\/v2\/media?parent=989955"}],"wp:term":[{"taxonomy":"category","embeddable":true,"href":"https:\/\/www.europesays.com\/de\/wp-json\/wp\/v2\/categories?post=989955"},{"taxonomy":"post_tag","embeddable":true,"href":"https:\/\/www.europesays.com\/de\/wp-json\/wp\/v2\/tags?post=989955"}],"curies":[{"name":"wp","href":"https:\/\/api.w.org\/{rel}","templated":true}]}}