{"id":990082,"date":"2026-05-02T23:21:15","date_gmt":"2026-05-02T23:21:15","guid":{"rendered":"https:\/\/www.europesays.com\/de\/990082\/"},"modified":"2026-05-02T23:21:15","modified_gmt":"2026-05-02T23:21:15","slug":"sportfreunde-aschheim-werden-50-jahre-alt","status":"publish","type":"post","link":"https:\/\/www.europesays.com\/de\/990082\/","title":{"rendered":"Sportfreunde Aschheim werden 50 Jahre alt"},"content":{"rendered":"<p class=\"article-text\">Die Sportfreunde Aschheim werden heuer 50 Jahre alt &#8211; ein Jubil\u00e4um, das der Verein geb\u00fchrend mit Mitgliedern und Freunden feiern m\u00f6chte. Am Samstag, 16. Mai, l\u00e4uft im Feststadl (Eichendorffstra\u00dfe 10) ab 14 Uhr die Feier, bei der es unter anderem eine H\u00fcpfburg, Ponyreiten oder Showeinlagen gibt. F\u00fcr das leibliche Wohl ist mit Kaffee und Kuchen, Bier und Drinks sowie Spezialit\u00e4ten vom Grill gesorgt. Um 19 Uhr beginnt die Dance-Party mit der Liveband \u201eStressedout\u201d.<\/p>\n","protected":false},"excerpt":{"rendered":"Die Sportfreunde Aschheim werden heuer 50 Jahre alt &#8211; ein Jubil\u00e4um, das der Verein geb\u00fchrend mit Mitgliedern und&hellip;\n","protected":false},"author":2,"featured_media":36025,"comment_status":"","ping_status":"","sticky":false,"template":"","format":"standard","meta":{"footnotes":"","_share_on_mastodon":"0"},"categories":[1827],"tags":[11384,772,29,30,3009,1268,265],"class_list":["post-990082","post","type-post","status-publish","format-standard","has-post-thumbnail","category-muenchen","tag-aschheim","tag-bayern","tag-deutschland","tag-germany","tag-jubilaeum","tag-muenchen","tag-sport"],"share_on_mastodon":{"url":"https:\/\/pubeurope.com\/@de\/116507553905238608","error":""},"_links":{"self":[{"href":"https:\/\/www.europesays.com\/de\/wp-json\/wp\/v2\/posts\/990082","targetHints":{"allow":["GET"]}}],"collection":[{"href":"https:\/\/www.europesays.com\/de\/wp-json\/wp\/v2\/posts"}],"about":[{"href":"https:\/\/www.europesays.com\/de\/wp-json\/wp\/v2\/types\/post"}],"author":[{"embeddable":true,"href":"https:\/\/www.europesays.com\/de\/wp-json\/wp\/v2\/users\/2"}],"replies":[{"embeddable":true,"href":"https:\/\/www.europesays.com\/de\/wp-json\/wp\/v2\/comments?post=990082"}],"version-history":[{"count":0,"href":"https:\/\/www.europesays.com\/de\/wp-json\/wp\/v2\/posts\/990082\/revisions"}],"wp:featuredmedia":[{"embeddable":true,"href":"https:\/\/www.europesays.com\/de\/wp-json\/wp\/v2\/media\/36025"}],"wp:attachment":[{"href":"https:\/\/www.europesays.com\/de\/wp-json\/wp\/v2\/media?parent=990082"}],"wp:term":[{"taxonomy":"category","embeddable":true,"href":"https:\/\/www.europesays.com\/de\/wp-json\/wp\/v2\/categories?post=990082"},{"taxonomy":"post_tag","embeddable":true,"href":"https:\/\/www.europesays.com\/de\/wp-json\/wp\/v2\/tags?post=990082"}],"curies":[{"name":"wp","href":"https:\/\/api.w.org\/{rel}","templated":true}]}}