{"id":990275,"date":"2026-05-03T01:14:19","date_gmt":"2026-05-03T01:14:19","guid":{"rendered":"https:\/\/www.europesays.com\/de\/990275\/"},"modified":"2026-05-03T01:14:19","modified_gmt":"2026-05-03T01:14:19","slug":"unfall-mit-feuerwehrauto-in-halle-saale-2","status":"publish","type":"post","link":"https:\/\/www.europesays.com\/de\/990275\/","title":{"rendered":"Unfall mit Feuerwehrauto in Halle (Saale)"},"content":{"rendered":"<p _ngcontent-sc113=\"\"> 02. Mai 2026 \u2013 dpa Nachrichten <\/p>\n<p _ngcontent-sc113=\"\">Im Westen der Stadt werden Rettungskr\u00e4fte aufgehalten, als es auf einer Kreuzung pl\u00f6tzlich kracht. Was genau passiert ist, ist unklar.<\/p>\n<p _ngcontent-sc85=\"\" align=\"false\">Die Fahrt eines Feuerwehrautos in Halle (Saale) ist durch einen Unfall unterbrochen worden. Das Einsatzfahrzeug war am Freitag mit Blaulicht und Martinshorn \u00fcber die Kreuzung an der Fontanestra\u00dfe gefahren, als es zu einem Zusammensto\u00df mit einem Auto kam. Dies teilte die Polizei mit. Wie es dazu kam, ist bislang noch unbekannt. Verletzte gab es den Angaben zufolge nicht.<\/p>\n","protected":false},"excerpt":{"rendered":"02. Mai 2026 \u2013 dpa Nachrichten Im Westen der Stadt werden Rettungskr\u00e4fte aufgehalten, als es auf einer Kreuzung&hellip;\n","protected":false},"author":2,"featured_media":990276,"comment_status":"","ping_status":"","sticky":false,"template":"","format":"standard","meta":{"footnotes":"","_share_on_mastodon":"0"},"categories":[1860],"tags":[4057,4055,4056,3951,4052,3364,29,548,663,3934,30,4059,4062,17332,13,4006,4060,4063,4053,810,14,15,83,4061,17331,860,4054,12,4058,4051],"class_list":["post-990275","post","type-post","status-publish","format-standard","has-post-thumbnail","category-halle-saale","tag-2000er","tag-80er","tag-90er","tag-aktion","tag-brocken","tag-de","tag-deutschland","tag-eu","tag-europa","tag-europe","tag-germany","tag-gewinnen","tag-halle","tag-halle-saale","tag-headlines","tag-live","tag-lokal","tag-magdeburg","tag-morgenshow","tag-musik","tag-nachrichten","tag-news","tag-radio","tag-regional","tag-saale","tag-sachsen-anhalt","tag-saxony","tag-schlagzeilen","tag-stream","tag-team"],"share_on_mastodon":{"url":"https:\/\/pubeurope.com\/@de\/116507998049215465","error":""},"_links":{"self":[{"href":"https:\/\/www.europesays.com\/de\/wp-json\/wp\/v2\/posts\/990275","targetHints":{"allow":["GET"]}}],"collection":[{"href":"https:\/\/www.europesays.com\/de\/wp-json\/wp\/v2\/posts"}],"about":[{"href":"https:\/\/www.europesays.com\/de\/wp-json\/wp\/v2\/types\/post"}],"author":[{"embeddable":true,"href":"https:\/\/www.europesays.com\/de\/wp-json\/wp\/v2\/users\/2"}],"replies":[{"embeddable":true,"href":"https:\/\/www.europesays.com\/de\/wp-json\/wp\/v2\/comments?post=990275"}],"version-history":[{"count":0,"href":"https:\/\/www.europesays.com\/de\/wp-json\/wp\/v2\/posts\/990275\/revisions"}],"wp:featuredmedia":[{"embeddable":true,"href":"https:\/\/www.europesays.com\/de\/wp-json\/wp\/v2\/media\/990276"}],"wp:attachment":[{"href":"https:\/\/www.europesays.com\/de\/wp-json\/wp\/v2\/media?parent=990275"}],"wp:term":[{"taxonomy":"category","embeddable":true,"href":"https:\/\/www.europesays.com\/de\/wp-json\/wp\/v2\/categories?post=990275"},{"taxonomy":"post_tag","embeddable":true,"href":"https:\/\/www.europesays.com\/de\/wp-json\/wp\/v2\/tags?post=990275"}],"curies":[{"name":"wp","href":"https:\/\/api.w.org\/{rel}","templated":true}]}}