{"id":990309,"date":"2026-05-03T01:38:15","date_gmt":"2026-05-03T01:38:15","guid":{"rendered":"https:\/\/www.europesays.com\/de\/990309\/"},"modified":"2026-05-03T01:38:15","modified_gmt":"2026-05-03T01:38:15","slug":"bochum-vor-kniffliger-zukunftsentscheidung-bei-einem-seiner-groessten-talente","status":"publish","type":"post","link":"https:\/\/www.europesays.com\/de\/990309\/","title":{"rendered":"Bochum vor kniffliger Zukunftsentscheidung bei einem seiner gr\u00f6\u00dften Talente"},"content":{"rendered":"<p>Kacper Koscierski steht beim VfL Bochum vor einer ungewissen Zukunft. Der 18-J\u00e4hrige k\u00f6nnte den Klub im Sommer verlassen, nachdem seine Perspektive intern neu bewertet wird. Wie die WAZ berichtet, pr\u00fcft der Verein aktuell verschiedene Optionen f\u00fcr das Eigengew\u00e4chs.<\/p>\n<p>Bochum pr\u00fcft mehrere Optionen f\u00fcr Eigengew\u00e4chs<\/p>\n<p class=\"mb20 mt30\"><a href=\"https:\/\/www.fussballdaten.de\/person\/kacper-koscierski\/\" id=\"https:\/\/www.fussballdaten.de\/person\/kacper-koscierski\/\" rel=\"nofollow noopener\" target=\"_blank\">Kacper Koscierski<\/a> gilt als eines der vielversprechenden Talente im Kader des <a href=\"https:\/\/www.fussballdaten.de\/vereine\/vfl-bochum\/\" id=\"https:\/\/www.fussballdaten.de\/vereine\/vfl-bochum\/\" rel=\"nofollow noopener\" target=\"_blank\">VfL Bochum<\/a>. Der Spieler konnte sich bisher jedoch nicht nachhaltig in der ersten 11 der Westfalen durchsetzen. Daher diskutieren Trainer und Verantwortliche aktuell, wie sie das gro\u00dfe Talent am besten f\u00f6rdern k\u00f6nnen und welche M\u00f6glichkeiten dabei am sinnvollsten sind.<\/p>\n<p class=\"mb20 mt30\">Hierbei wird auch eine m\u00f6gliche Leihe diskutiert. Der Youngster der Bochumer soll unbedingt mehr Spielzeit sammeln, damit der Verein nicht Gefahr l\u00e4uft, dass seine Entwicklung irgendwann stagniert. Bei seinem m\u00f6glichen Leihverein d\u00fcrfte Koscierski auf mehr Einsatzzeit hoffen, um sich im Herrenbereich weiter zu stabilisieren. Gleichzeitig w\u00e4re auch ein endg\u00fcltiger Abschied kein ausgeschlossenes Szenario, sollte ein passendes Angebot eingehen.<\/p>\n<p>Leihe oder Verkauf im Gespr\u00e4ch<\/p>\n<p class=\"mb20 mt30\">Neben einer Leihe wird laut dem Bericht auch ein fester Transfer in Erw\u00e4gung gezogen. Beide Varianten werden intern offenbar gleichwertig gepr\u00fcft, da sich der Verein noch nicht auf einen klaren Kurs festgelegt hat. Entscheidend d\u00fcrfte sein, welche Perspektive sich f\u00fcr den 18-J\u00e4hrigen kurzfristig er\u00f6ffnet.<\/p>\n<p class=\"mb20 mt30\">Der geb\u00fcrtige Aachener durchlief seit seiner Jugend die Stationen beim Klub und r\u00fcckte zuletzt in den Profibereich auf. Dennoch scheint der n\u00e4chste Schritt nun au\u00dferhalb des aktuellen Umfelds liegen zu k\u00f6nnen. Ob der VfL den Verteidiger halten kann oder sich f\u00fcr eine der beiden Optionen entscheidet, wird die kommende Sommertransferperiode zeigen.<\/p>\n","protected":false},"excerpt":{"rendered":"Kacper Koscierski steht beim VfL Bochum vor einer ungewissen Zukunft. Der 18-J\u00e4hrige k\u00f6nnte den Klub im Sommer verlassen,&hellip;\n","protected":false},"author":2,"featured_media":990310,"comment_status":"","ping_status":"","sticky":false,"template":"","format":"standard","meta":{"footnotes":"","_share_on_mastodon":"0"},"categories":[1839],"tags":[4808,7507,3364,29,1264,30,214011,1209,199874,13507,8173],"class_list":["post-990309","post","type-post","status-publish","format-standard","has-post-thumbnail","category-bochum","tag-1-bundesliga","tag-bochum","tag-de","tag-deutschland","tag-dfb-pokal","tag-germany","tag-kacper-koscierski","tag-nordrhein-westfalen","tag-sommertransferperiode","tag-talente","tag-vfl-bochum"],"share_on_mastodon":{"url":"https:\/\/pubeurope.com\/@de\/116508092434179183","error":""},"_links":{"self":[{"href":"https:\/\/www.europesays.com\/de\/wp-json\/wp\/v2\/posts\/990309","targetHints":{"allow":["GET"]}}],"collection":[{"href":"https:\/\/www.europesays.com\/de\/wp-json\/wp\/v2\/posts"}],"about":[{"href":"https:\/\/www.europesays.com\/de\/wp-json\/wp\/v2\/types\/post"}],"author":[{"embeddable":true,"href":"https:\/\/www.europesays.com\/de\/wp-json\/wp\/v2\/users\/2"}],"replies":[{"embeddable":true,"href":"https:\/\/www.europesays.com\/de\/wp-json\/wp\/v2\/comments?post=990309"}],"version-history":[{"count":0,"href":"https:\/\/www.europesays.com\/de\/wp-json\/wp\/v2\/posts\/990309\/revisions"}],"wp:featuredmedia":[{"embeddable":true,"href":"https:\/\/www.europesays.com\/de\/wp-json\/wp\/v2\/media\/990310"}],"wp:attachment":[{"href":"https:\/\/www.europesays.com\/de\/wp-json\/wp\/v2\/media?parent=990309"}],"wp:term":[{"taxonomy":"category","embeddable":true,"href":"https:\/\/www.europesays.com\/de\/wp-json\/wp\/v2\/categories?post=990309"},{"taxonomy":"post_tag","embeddable":true,"href":"https:\/\/www.europesays.com\/de\/wp-json\/wp\/v2\/tags?post=990309"}],"curies":[{"name":"wp","href":"https:\/\/api.w.org\/{rel}","templated":true}]}}