{"id":990397,"date":"2026-05-03T02:34:17","date_gmt":"2026-05-03T02:34:17","guid":{"rendered":"https:\/\/www.europesays.com\/de\/990397\/"},"modified":"2026-05-03T02:34:17","modified_gmt":"2026-05-03T02:34:17","slug":"paul-janke-als-bachelor-kein-dauer-single-mit-dieser-frau-war-er-jahrelang-zusammen","status":"publish","type":"post","link":"https:\/\/www.europesays.com\/de\/990397\/","title":{"rendered":"Paul Janke als Bachelor: Kein Dauer-Single! Mit dieser Frau war er jahrelang zusammen"},"content":{"rendered":"<p>Cousine eines Reality-StarsKein Dauer-Single! Mit IHR war Paul Janke jahrelang zusammen<\/p>\n<p class=\"AnnotatedMarkup_paragraph__IUT9l\"><strong>Von wegen nie eine Freundin!<\/strong><br \/>Paul Janke gilt vielen als Ur-Bachelor, von RTL bekommt er in diesem Jahr als erster Rosenkavalier eine zweite Chance. Frauke Ludowig hat er jetzt verraten: Obwohl er ein Image als Dauer-Single hat, war Paul Janke jahrelang vergeben \u2013 an die Cousine eines Reality-Stars!<\/p>\n<p>Bachelor Paul Janke war jahrelang gar kein Single<\/p>\n<p class=\"AnnotatedMarkup_paragraph__IUT9l\">Vier, f\u00fcnf Jahre war <a href=\"https:\/\/www.rtl.de\/themen\/personen\/paul-janke-t4456.html\" target=\"_self\" rel=\"nofollow noopener\">Paul Janke<\/a> (44) nach eigenen Worten mit einer Frau zusammen, obwohl er in der \u00d6ffentlichkeit oft als Dauer-Single wahrgenommen wird. Im Gespr\u00e4ch mit RTL-Moderatorin <a href=\"https:\/\/www.rtl.de\/themen\/personen\/frauke-ludowig-t7449.html\" target=\"_self\" rel=\"nofollow noopener\">Frauke Ludowig<\/a> spricht der Ur-Bachelor offen \u00fcber diese Beziehung und gibt damit private Einblicke, w\u00e4hrend er sich gleichzeitig bei RTL auf sein zweites Liebes-Abenteuer vorbereitet. <a href=\"https:\/\/www.rtl.de\/sendungen\/der-bachelor\/bachelor-sensation-bei-rtl-paul-janke-kriegt-eine-zweite-staffel-als-rosenkavalier-id30762912.html\" target=\"_self\" rel=\"nofollow noopener\">Denn wie RTL bereits angek\u00fcndigt hat, kehrt Paul Janke als Rosenkavalier f\u00fcr eine neue Staffel von \u201eDer Bachelor\u201d zur\u00fcck.<\/a><\/p>\n<p>Im Video: Ur-Bachelor Paul Janke verteilt noch einmal die Rosen!<\/p>\n<p>02:16 min<\/p>\n<p>Der 44-J\u00e4hrige verteilt bei RTL wieder Rosen<\/p>\n<p>Er geht nochmal auf Liebes-Suche! Paul Janke bekommt eine zweite Bachelor-Staffel<\/p>\n<p>Anzeige:<\/p>\n<p>Empfehlungen unserer Partner<\/p>\n<p>Paul Janke spricht \u00fcber Ex-Freundin auf Mallorca<\/p>\n<p class=\"AnnotatedMarkup_paragraph__IUT9l\">Die Frau an seiner Seite war Influencerin Kathrin B\u00f6sch. Sie lebt wie Paul auf Mallorca, ist ungef\u00e4hr im gleichen Alter, hat zwei T\u00f6chter \u2013 und ist die Cousine von Reality-TV-Bekanntheit <a href=\"https:\/\/www.rtl.de\/themen\/personen\/sarah-knappik-t4419.html\" target=\"_self\" rel=\"nofollow noopener\">Sarah Knappik<\/a> (39). Dass die Beziehung so lange hielt, d\u00fcrften viele Fans kaum geahnt haben.<\/p>\n<p class=\"AnnotatedMarkup_paragraph__IUT9l\"><strong>Lese-Tipp:<\/strong> <a href=\"https:\/\/www.rtl.de\/sendungen\/der-bachelor\/paul-janke-wird-wieder-bachelor-und-bill-kaulitz-ist-voellig-aus-dem-haeuschen-id30773519.html\" target=\"_self\" rel=\"nofollow noopener\">Paul Janke wird wieder Bachelor und Bill Kaulitz ist v\u00f6llig aus dem H\u00e4uschen!<\/a><\/p>\n<p class=\"AnnotatedMarkup_paragraph__IUT9l\">Warum es am Ende nicht f\u00fcr die gemeinsame Zukunft gereicht hat, fasst Paul Janke knapp zusammen. Sein Fazit klingt n\u00fcchtern: \u201eEs hat sich auseinanderdividiert.\u201d<\/p>\n<p>Kinder und Katzen? Paul Janke h\u00e4lt sich alles offen \u2013 und will L\u00f6sungen finden<\/p>\n<p class=\"AnnotatedMarkup_paragraph__IUT9l\">Kinder hat Paul Janke bislang keine. Ganz ausschlie\u00dfen will er sie aber nicht. \u201eWenn alles stimmt, kann ich mir das vorstellen. Alles kann, nichts muss\u201d, sagt er im Interview mit Frauke Ludowig.<\/p>\n<p class=\"AnnotatedMarkup_paragraph__IUT9l\">Zu seinem Leben auf Mallorca geh\u00f6ren l\u00e4ngst auch zwei Katzen. Und selbst bei dieser Frage zeigt sich der alte und neue Bachelor kompromissbereit. Sollte seine k\u00fcnftige Partnerin etwa eine Katzenhaarallergie haben, wolle er seine Tiere zwar nicht \u201evor die T\u00fcr setzen\u201d. F\u00fcr Paul ist aber klar, dass man auch dann \u201eWege und Mittel finden\u201d w\u00fcrde.<\/p>\n<p class=\"AnnotatedMarkup_paragraph__IUT9l\"><strong>Lese-Tipp:<\/strong> <a href=\"https:\/\/www.rtl.de\/unterhaltung\/stars\/die-bachelors-dennis-gries-und-seine-katja-so-denkt-das-bachelor-paar-ueber-seine-zukunft-id30767583.html\" target=\"_self\" rel=\"nofollow noopener\">Von wegen Krise! Bachelor-Paar hat gro\u00dfe Zukunftspl\u00e4ne<\/a><\/p>\n<p class=\"AnnotatedMarkup_paragraph__IUT9l\">Ob es diesmal mit der gro\u00dfen Liebe klappt, wird sich erst noch zeigen. Fest steht aber schon jetzt: Obwohl seine letzten Freundinnen blond waren, will sich Paul Janke auf keinen bestimmten Frauentyp festnageln lassen. \u201eEs gibt h\u00fcbsche blonde Frauen, es gibt h\u00fcbsche braunhaarige Frauen, es gibt sportliche Frauen. Es z\u00e4hlen auch noch ganz andere Sachen.\u201d Seine Traumfrau soll vor allem auf eigenen Beinen stehen \u2013 ein \u201eP\u00fcppchen\u201d brauche er nicht. Wer sein Gl\u00fcck versuchen will, kann sich auf bachelorpaul.de bewerben.<\/p>\n<p class=\"AnnotatedMarkup_paragraph__IUT9l\">Verwendete Quellen: eigene RTL-Recherche<\/p>\n","protected":false},"excerpt":{"rendered":"Cousine eines Reality-StarsKein Dauer-Single! Mit IHR war Paul Janke jahrelang zusammen Von wegen nie eine Freundin!Paul Janke gilt&hellip;\n","protected":false},"author":2,"featured_media":990398,"comment_status":"","ping_status":"","sticky":false,"template":"","format":"standard","meta":{"footnotes":"","_share_on_mastodon":"0"},"categories":[1773],"tags":[64421,64423,193525,9810,64422,64424,29,214,30,193526,471,1780,193527,684,215],"class_list":["post-990397","post","type-post","status-publish","format-standard","has-post-thumbnail","category-serien","tag-bachelor","tag-bachelor-bewerberinnen","tag-bachelors-2026","tag-der-bachelor","tag-der-bachelor-kandidatinnen","tag-der-bachelor-rtl","tag-deutschland","tag-entertainment","tag-germany","tag-sebastian-paul","tag-serien","tag-series","tag-tim-reitz","tag-tv","tag-unterhaltung"],"share_on_mastodon":{"url":"https:\/\/pubeurope.com\/@de\/116508312593119960","error":""},"_links":{"self":[{"href":"https:\/\/www.europesays.com\/de\/wp-json\/wp\/v2\/posts\/990397","targetHints":{"allow":["GET"]}}],"collection":[{"href":"https:\/\/www.europesays.com\/de\/wp-json\/wp\/v2\/posts"}],"about":[{"href":"https:\/\/www.europesays.com\/de\/wp-json\/wp\/v2\/types\/post"}],"author":[{"embeddable":true,"href":"https:\/\/www.europesays.com\/de\/wp-json\/wp\/v2\/users\/2"}],"replies":[{"embeddable":true,"href":"https:\/\/www.europesays.com\/de\/wp-json\/wp\/v2\/comments?post=990397"}],"version-history":[{"count":0,"href":"https:\/\/www.europesays.com\/de\/wp-json\/wp\/v2\/posts\/990397\/revisions"}],"wp:featuredmedia":[{"embeddable":true,"href":"https:\/\/www.europesays.com\/de\/wp-json\/wp\/v2\/media\/990398"}],"wp:attachment":[{"href":"https:\/\/www.europesays.com\/de\/wp-json\/wp\/v2\/media?parent=990397"}],"wp:term":[{"taxonomy":"category","embeddable":true,"href":"https:\/\/www.europesays.com\/de\/wp-json\/wp\/v2\/categories?post=990397"},{"taxonomy":"post_tag","embeddable":true,"href":"https:\/\/www.europesays.com\/de\/wp-json\/wp\/v2\/tags?post=990397"}],"curies":[{"name":"wp","href":"https:\/\/api.w.org\/{rel}","templated":true}]}}