{"id":990422,"date":"2026-05-03T02:49:25","date_gmt":"2026-05-03T02:49:25","guid":{"rendered":"https:\/\/www.europesays.com\/de\/990422\/"},"modified":"2026-05-03T02:49:25","modified_gmt":"2026-05-03T02:49:25","slug":"rechtsextremistin-liebich-auslieferung-weiter-offen","status":"publish","type":"post","link":"https:\/\/www.europesays.com\/de\/990422\/","title":{"rendered":"Rechtsextremistin Liebich: Auslieferung weiter offen"},"content":{"rendered":"<p _ngcontent-sc113=\"\"> 02. Mai 2026 \u2013 dpa Nachrichten <\/p>\n<p _ngcontent-sc113=\"\">Schon im August wurde Marla Svenja Liebich in der JVA Chemnitz zum Haftantritt erwartet. Doch es kam zur Flucht. Nach monatelanger Suche erfolgte die Festnahme. Wie es jetzt weitergeht, ist unklar.<\/p>\n<p _ngcontent-sc85=\"\" align=\"false\">Nach der Festnahme der verurteilten Rechtsextremistin Marla Svenja ist immer noch unklar, ob sie nach Deutschland ausgeliefert wird. Bislang liegen dazu keine neuen Informationen vor, wie die in Deutschland zust\u00e4ndige Staatsanwaltschaft Halle auf Anfrage mitteilte. Derzeit steht eine Entscheidung des Landgerichts im tschechischen Pilsen dar\u00fcber aus, ob Liebich von Tschechien nach Deutschland gebracht werden soll.<\/p>\n<p _ngcontent-sc85=\"\" align=\"false\">Liebich war am 9. April in Sch\u00f6nbach bei Asch nahe der deutschen Grenze festgenommen worden und sa\u00df anschlie\u00dfend in Auslieferungshaft. Dort hatte sie ihre Auslieferung nach Angaben der Staatsanwaltschaft Halle abgelehnt, weshalb nun das Gericht entscheiden muss. <\/p>\n<p _ngcontent-sc85=\"\" align=\"false\">Nach der Festnahme war die Staatsanwaltschaft Halle davon ausgegangen, dass die Entscheidung \u00fcber die Auslieferung in den n\u00e4chsten Wochen getroffen wird. Ein Sprecher des Landgerichts in Pilsen hatte auf dpa-Anfrage keine n\u00e4heren Angaben zu dem Fall gemacht.<\/p>\n<p>Haftantritt war schon f\u00fcr August 2025 vorgesehen<\/p>\n<p _ngcontent-sc85=\"\" align=\"false\">Sollte Liebich nach Deutschland gebracht werden, w\u00fcrde die Rechtsextremistin wohl in die Justizvollzugsanstalt im s\u00e4chsischen Chemnitz gebracht werden. Dort sollte Liebich schon im August 2025 ihre Haft antreten, war allerdings nicht erschienen. Daraufhin wurde zun\u00e4chst deutschland-, dann europaweit nach der 55-J\u00e4hrigen gefahndet.<\/p>\n<p _ngcontent-sc85=\"\" align=\"false\">Liebich war im Juli 2023 &#8211; damals noch als Mann mit dem Vornamen Sven \u2013 vom Amtsgericht Halle wegen Volksverhetzung, \u00fcbler Nachrede und Beleidigung zu einer Gesamtfreiheitsstrafe von einem Jahr und sechs Monaten ohne Bew\u00e4hrung verurteilt worden. Berufung und Revision gegen das Urteil scheiterten. <\/p>\n<p _ngcontent-sc85=\"\" align=\"false\">Nach der Verurteilung hatte Liebich das Geschlecht von m\u00e4nnlich auf weiblich \u00e4ndern lassen. Au\u00dferdem wurde der Name von Sven in Marla Svenja angepasst. Ab diesem Zeitpunkt als Frau geltend, wurde Liebich deshalb zum Haftantritt in das Chemnitzer Frauengef\u00e4ngnis bestellt.<\/p>\n","protected":false},"excerpt":{"rendered":"02. Mai 2026 \u2013 dpa Nachrichten Schon im August wurde Marla Svenja Liebich in der JVA Chemnitz zum&hellip;\n","protected":false},"author":2,"featured_media":990423,"comment_status":"","ping_status":"","sticky":false,"template":"","format":"standard","meta":{"footnotes":"","_share_on_mastodon":"0"},"categories":[1851],"tags":[4057,4055,4056,3951,4052,2770,3364,29,548,663,3934,30,4059,4062,13,4006,4060,4063,4053,810,14,15,83,4061,859,860,4054,12,4058,4051],"class_list":["post-990422","post","type-post","status-publish","format-standard","has-post-thumbnail","category-chemnitz","tag-2000er","tag-80er","tag-90er","tag-aktion","tag-brocken","tag-chemnitz","tag-de","tag-deutschland","tag-eu","tag-europa","tag-europe","tag-germany","tag-gewinnen","tag-halle","tag-headlines","tag-live","tag-lokal","tag-magdeburg","tag-morgenshow","tag-musik","tag-nachrichten","tag-news","tag-radio","tag-regional","tag-sachsen","tag-sachsen-anhalt","tag-saxony","tag-schlagzeilen","tag-stream","tag-team"],"share_on_mastodon":{"url":"https:\/\/pubeurope.com\/@de\/116508371449476645","error":""},"_links":{"self":[{"href":"https:\/\/www.europesays.com\/de\/wp-json\/wp\/v2\/posts\/990422","targetHints":{"allow":["GET"]}}],"collection":[{"href":"https:\/\/www.europesays.com\/de\/wp-json\/wp\/v2\/posts"}],"about":[{"href":"https:\/\/www.europesays.com\/de\/wp-json\/wp\/v2\/types\/post"}],"author":[{"embeddable":true,"href":"https:\/\/www.europesays.com\/de\/wp-json\/wp\/v2\/users\/2"}],"replies":[{"embeddable":true,"href":"https:\/\/www.europesays.com\/de\/wp-json\/wp\/v2\/comments?post=990422"}],"version-history":[{"count":0,"href":"https:\/\/www.europesays.com\/de\/wp-json\/wp\/v2\/posts\/990422\/revisions"}],"wp:featuredmedia":[{"embeddable":true,"href":"https:\/\/www.europesays.com\/de\/wp-json\/wp\/v2\/media\/990423"}],"wp:attachment":[{"href":"https:\/\/www.europesays.com\/de\/wp-json\/wp\/v2\/media?parent=990422"}],"wp:term":[{"taxonomy":"category","embeddable":true,"href":"https:\/\/www.europesays.com\/de\/wp-json\/wp\/v2\/categories?post=990422"},{"taxonomy":"post_tag","embeddable":true,"href":"https:\/\/www.europesays.com\/de\/wp-json\/wp\/v2\/tags?post=990422"}],"curies":[{"name":"wp","href":"https:\/\/api.w.org\/{rel}","templated":true}]}}