{"id":990518,"date":"2026-05-03T03:49:20","date_gmt":"2026-05-03T03:49:20","guid":{"rendered":"https:\/\/www.europesays.com\/de\/990518\/"},"modified":"2026-05-03T03:49:20","modified_gmt":"2026-05-03T03:49:20","slug":"frauen-champions-league-so-sehen-sie-barca-bayern-muenchen-live-im-free-tv-fussball","status":"publish","type":"post","link":"https:\/\/www.europesays.com\/de\/990518\/","title":{"rendered":"Frauen-Champions-League: So sehen Sie Bar\u00e7a \u2013 Bayern M\u00fcnchen live im Free-TV | Fu\u00dfball"},"content":{"rendered":"<p><a class=\"skip-content skip-content--link\" href=\"#in-content-skip-link-target-v-0-0\">TTS-Player \u00fcberspringen\u21b5<\/a><a id=\"in-content-skip-link-target-v-0-0\" class=\"skip-content--target-link-hidden skip-content skip-content--target-link\" href=\"#in-content-skip-link-target-v-0-0\">Artikel weiterlesen<\/a><\/p>\n<p><b>Noch alles offen im R\u00fcckspiel! Nach dem 1:1 im Hinspiel reisen die Frauen des FC Bayern M\u00fcnchen im Halbfinal-R\u00fcckspiel der <\/b><a href=\"https:\/\/sportbild.bild.de\/fussball\/champions-league\/champions-league\/home-33207492.sport.html\" class=\"text-link\" rel=\"nofollow noopener\" target=\"_blank\"><b>Champions League<\/b><\/a><b> zum FC Barcelona. Ansto\u00df der Partie vor der denkw\u00fcrdigen Kulisse im legend\u00e4ren Camp Nou ist um 16.30 Uhr. Noch ist alles drin f\u00fcr die M\u00fcnchnerinnen \u2013 schwerer k\u00f6nnte die Aufgabe aber dennoch nicht sein.<\/b><\/p>\n<p>Mehr zum Thema<\/p>\n<p>Denn: das letzte Champions-League-Finale ohne Beteiligung des <a href=\"https:\/\/sportbild.bild.de\/fussball\/la-liga\/fc-barcelona\/fc-barcelona-aktuelle-news-und-videos-85080514.sport.html\" class=\"text-link\" rel=\"nofollow noopener\" target=\"_blank\">FC Barcelona<\/a> liegt schon sechs Jahre zur\u00fcck. Seit f\u00fcnf Jahren sind die Spanierinnen Dauergast im Endspiel. Satte dreimal holten sie in diesem Zeitraum den Titel nach Katalonien. Die Qualit\u00e4t von Bar\u00e7a steht also au\u00dfer Frage \u2013 denkbar auch, dass das Camp Nou zum Faktor werden k\u00f6nnte.<\/p>\n<p>Zudem fehlen den <a href=\"https:\/\/sportbild.bild.de\/bundesliga\/vereine\/bayern-muenchen\/home-33283572.sport.html\" class=\"text-link\" rel=\"nofollow noopener\" target=\"_blank\">Bayern<\/a> zwei wichtige Personalien. Mit Franziska Kett (21) fehlt die Torsch\u00fctzin aus dem Hinspiel rotgesperrt. Die Bayern monierten im Nachgang der Partie die Verh\u00e4ltnism\u00e4\u00dfigkeit der Roten Karte, weil Kett ihre Gegenspielerin eher versehentlich an den Haaren gezogen hatte. Schon w\u00e4hrend der Begegnung regte sich Bayern-Trainer Jos\u00e9 Barcala (44) so \u00fcber die Entscheidung des Scheidsrichtergespanns auf, dass auch er die Rote Karte sah. Enstprechend wird auch Barcala in Barcelona fehlen.<\/p>\n<p>Bereits in der Ligaphase gastierten die M\u00fcnchnerinnen in Barcelona und holten sich eine 7:1-Packung ab. Aber: Seitdem sind die Bayern ungeschlagen und feierten zuletzt den souver\u00e4nen Gewinn der Deutschen Meisterschaft. Trainer Barcala vor dem Duell am Sonntag: \u201eWir freuen uns alle sehr auf dieses Spiel. Durch das Hinspiel haben wir uns eine gute Ausgangsposition erarbeitet, aber uns ist bewusst, dass es in Barcelona deutlich schwieriger wird. Es geht nicht darum, den perfekten Spielplan zu finden, sondern die konkreten Situationen auf dem Platz richtig zu lesen. Was wir aus dem ersten Spiel gelernt haben, ist sehr wertvoll. Genauso wichtig ist aber, dass wir w\u00e4hrend der Partie die richtigen Anpassungen vornehmen.\u201c<\/p>\n<p>Champions League: So sehen Sie FC Barcelona gegen FC Bayern M\u00fcnchen live im TV<\/p>\n<p><b>Gute Nachricht f\u00fcr alle Fu\u00dfballfreunde: Das Halbfinal-R\u00fcckspiel der Frauen des FC Bayern M\u00fcnchen beim FC Barcelona k\u00f6nnen Sie am Sonntag um 16:30 Uhr live im Free-TV bei ZDF sowie beim Streamingdienst Disney+ verfolgen. <\/b><\/p>\n<p>Au\u00dferdem bietet Ihnen SPORT BILD die M\u00f6glichkeit, die Partie im <a href=\"https:\/\/m.sportdaten.sportbild.bild.de\/fussball\/champions-league-frauen\/ma11787652\/fc-barcelona_bayern-muenchen\/liveticker\/\" rel=\"noopener nofollow\" class=\"text-link--external text-link\" target=\"_blank\">Live-Ticker<\/a> hautnah zu verfolgen.<\/p>\n","protected":false},"excerpt":{"rendered":"TTS-Player \u00fcberspringen\u21b5Artikel weiterlesen Noch alles offen im R\u00fcckspiel! Nach dem 1:1 im Hinspiel reisen die Frauen des FC&hellip;\n","protected":false},"author":2,"featured_media":990519,"comment_status":"","ping_status":"","sticky":false,"template":"","format":"standard","meta":{"footnotes":"","_share_on_mastodon":"0"},"categories":[1827],"tags":[772,468,29,28393,8834,458,6578,347,30,1268,127636,62906,1927,1448],"class_list":["post-990518","post","type-post","status-publish","format-standard","has-post-thumbnail","category-muenchen","tag-bayern","tag-champions-league","tag-deutschland","tag-disney-plus","tag-fc-barcelona","tag-fc-bayern-muenchen","tag-frauen-fussball","tag-fussball","tag-germany","tag-muenchen","tag-spobi-champions-league","tag-spobi-fussball","tag-sport-standard","tag-zdf"],"share_on_mastodon":{"url":"https:\/\/pubeurope.com\/@de\/116508607514381503","error":""},"_links":{"self":[{"href":"https:\/\/www.europesays.com\/de\/wp-json\/wp\/v2\/posts\/990518","targetHints":{"allow":["GET"]}}],"collection":[{"href":"https:\/\/www.europesays.com\/de\/wp-json\/wp\/v2\/posts"}],"about":[{"href":"https:\/\/www.europesays.com\/de\/wp-json\/wp\/v2\/types\/post"}],"author":[{"embeddable":true,"href":"https:\/\/www.europesays.com\/de\/wp-json\/wp\/v2\/users\/2"}],"replies":[{"embeddable":true,"href":"https:\/\/www.europesays.com\/de\/wp-json\/wp\/v2\/comments?post=990518"}],"version-history":[{"count":0,"href":"https:\/\/www.europesays.com\/de\/wp-json\/wp\/v2\/posts\/990518\/revisions"}],"wp:featuredmedia":[{"embeddable":true,"href":"https:\/\/www.europesays.com\/de\/wp-json\/wp\/v2\/media\/990519"}],"wp:attachment":[{"href":"https:\/\/www.europesays.com\/de\/wp-json\/wp\/v2\/media?parent=990518"}],"wp:term":[{"taxonomy":"category","embeddable":true,"href":"https:\/\/www.europesays.com\/de\/wp-json\/wp\/v2\/categories?post=990518"},{"taxonomy":"post_tag","embeddable":true,"href":"https:\/\/www.europesays.com\/de\/wp-json\/wp\/v2\/tags?post=990518"}],"curies":[{"name":"wp","href":"https:\/\/api.w.org\/{rel}","templated":true}]}}