{"id":990736,"date":"2026-05-03T06:02:18","date_gmt":"2026-05-03T06:02:18","guid":{"rendered":"https:\/\/www.europesays.com\/de\/990736\/"},"modified":"2026-05-03T06:02:18","modified_gmt":"2026-05-03T06:02:18","slug":"russland-bedrohung-so-bereitet-estland-zivilisten-auf-den-ernstfall-vor","status":"publish","type":"post","link":"https:\/\/www.europesays.com\/de\/990736\/","title":{"rendered":"Russland-Bedrohung: So bereitet Estland Zivilisten auf den Ernstfall vor"},"content":{"rendered":"<p>Zivilisten trainieren an der Waffe <\/p>\n<p>&#8222;Ich werde alles daf\u00fcr tun, dass unser Land unabh\u00e4ngig bleibt&#8220;<\/p>\n<p>03.05.2026 &#8211; 07:42 UhrLesedauer: 5 Min.<\/p>\n<p><a href=\"#focus-0\" class=\"transition-colors duration-200 block text-current relative\" data-sctrack=\"FocusGalleryImage.Reference\"><img fetchpriority=\"high\" data-testid=\"Opener.Image\" style=\"--lqipURL:url('https:\/\/images.t-online.de\/2026\/04\/ITE6wDl5-C0l\/0x301:3573x2010\/fit-in\/150x0\/filters:blur(25)\/ein-freiwilliger-der-kaitseliit-beim-training-in-rutja-die-einheit-soll-im-falle-eines-russischen-angriffs-auf-estland-wichtige-verteidigungsaufgaben-uebernehmen.jpg')\"   loading=\"eager\" src=\"https:\/\/www.europesays.com\/de\/wp-content\/uploads\/2026\/05\/ein-freiwilliger-der-kaitseliit-beim-training-in-rutja-die-einheit-soll-im-falle-eines-russischen-an.jpeg\" alt=\"Ein Freiwilliger der Kaitseliit beim Training in Rutja: Die Einheit soll im Falle eines russischen Angriffs auf Estland wichtige Verteidigungsaufgaben \u00fcbernehmen.\" title=\"Ein Freiwilliger der Kaitseliit beim Training in Rutja: Die Einheit soll im Falle eines russischen Angriffs auf Estland wichtige Verteidigungsaufgaben \u00fcbernehmen.\" width=\"3573\" height=\"2010\" class=\"bg-[url:var(--lqipURL)] bg-cover bg-center flex h-full w-full max-w-full\" decoding=\"async\"\/><img style=\"--width:32;--height:32\" loading=\"lazy\" src=\"https:\/\/www.t-online.de\/s\/paper\/_next\/static\/media\/zoom-in.f7dae02f.svg\" alt=\"Vergr\u00f6\u00dfern des Bildes\" title=\"Vergr\u00f6\u00dfern des Bildes\" class=\"block h-[calc(var(--height)_\/_16_*_1rem)] w-[calc(var(--width)_\/_16_*_1rem)] max-w-none absolute bottom-8 right-8 rounded-4 bg-snow p-8\" decoding=\"async\"\/><\/a><\/p>\n<p>Ein Freiwilliger der Kaitseliit beim Training in Rutja: Die Einheit soll im Falle eines russischen Angriffs auf Estland wichtige Verteidigungsaufgaben \u00fcbernehmen. (Quelle: Kaitseliit \/ Ele-Hella Kullam\u00e4e)<\/p>\n<p class=\"font-bold text-18 leading-17 user-text-lg:text-22 user-text-xl:text-24\">Die estnische Verteidigungseinheit Kaitseliit bildet Zivilisten an der Waffe aus. Im Falle eines russischen Angriffs sollen sie bei der Verteidigung des Landes helfen.<\/p>\n<p class=\"text-18 leading-17 user-text-lg:text-22 user-text-xl:text-24\">Tobias Schibilla berichtet aus dem estnischen Rutja.<\/p>\n<p class=\"text-18 leading-17 user-text-lg:text-22 user-text-xl:text-24\">Mit einem dumpfen &#8222;Fump&#8220; schie\u00dft die Granate in Richtung der Europaletten. Mait Sander N\u00f5lvak l\u00e4sst das Gewehr sinken, unter dessen Lauf ein 40-Millimeter-Granatwerfer angebracht ist und verzieht die Mundwinkel nach unten. Weit hinter den Paletten steigt orangefarbener Rauch auf, der Schuss mit der Trainingsgranate hat das Ziel deutlich verfehlt. Der 19-J\u00e4hrige ist sichtlich unzufrieden mit seiner Leistung.<\/p>\n<p class=\"text-18 leading-17 user-text-lg:text-22 user-text-xl:text-24\">N\u00f5lvak geh\u00f6rt zum Kaitseliit, einer paramilit\u00e4rischen Verteidigungseinheit. Unter der Aufsicht des estnischen Verteidigungsministeriums lernen Freiwillige dort den Umgang mit verschiedenen Waffen, milit\u00e4rischen Taktiken und Techniken, um in der Wildnis zu \u00fcberleben. Der Kaitseliit ist dabei ein wichtiger Teil der estnischen Verteidigungsdoktrin. Er spielt im Falle eines bef\u00fcrchteten Angriffs durch <a class=\"transition-colors duration-200 cursor-pointer text-inherit no-underline text-salemsfur md:hover:text-magenta md:hover:border-magenta md:focus:text-magenta border-current border-b border-solid break-words\" data-tracking=\"{&quot;action&quot;:&quot;click&quot;,&quot;category&quot;:&quot;intextLink&quot;,&quot;label&quot;:&quot;\/themen\/russland\/&quot;}\" href=\"https:\/\/www.t-online.de\/themen\/russland\/\" data-sctrack=\"BodyAnchor\" rel=\"nofollow noopener\" target=\"_blank\">Russland<\/a> eine wichtige Rolle bei der Landesverteidigung, denn die Freiwilligeneinheit hat deutlich mehr Mitglieder als die professionelle Armee des kleinen Staates an der Ostflanke der <a class=\"transition-colors duration-200 cursor-pointer text-inherit no-underline text-salemsfur md:hover:text-magenta md:hover:border-magenta md:focus:text-magenta border-current border-b border-solid break-words\" data-tracking=\"{&quot;action&quot;:&quot;click&quot;,&quot;category&quot;:&quot;intextLink&quot;,&quot;label&quot;:&quot;\/themen\/nato\/&quot;}\" href=\"https:\/\/www.t-online.de\/themen\/nato\/\" data-sctrack=\"BodyAnchor\" rel=\"nofollow noopener\" target=\"_blank\">Nato<\/a>.<\/p>\n<p class=\"text-18 leading-17 user-text-lg:text-22 user-text-xl:text-24\">Auf dem Rutja-Trainingsfeld, im Hinterland der Ostseek\u00fcste, trainieren die Freiwilligen der Kaitseliit mehrmals im Monat. Das <a class=\"transition-colors duration-200 cursor-pointer text-inherit no-underline text-salemsfur md:hover:text-magenta md:hover:border-magenta md:focus:text-magenta border-current border-b border-solid break-words\" data-tracking=\"{&quot;action&quot;:&quot;click&quot;,&quot;category&quot;:&quot;intextLink&quot;,&quot;label&quot;:&quot;\/wetter&quot;}\" href=\"https:\/\/www.t-online.de\/wetter\" data-sctrack=\"BodyAnchor\" rel=\"nofollow noopener\" target=\"_blank\">Wetter<\/a> ist an diesem Tag besonders schlecht. Bei einer Temperatur von etwa drei Grad peitscht der Wind Schneeregen \u00fcber den ehemaligen <a class=\"transition-colors duration-200 cursor-pointer text-inherit no-underline text-salemsfur md:hover:text-magenta md:hover:border-magenta md:focus:text-magenta border-current border-b border-solid break-words\" data-tracking=\"{&quot;action&quot;:&quot;click&quot;,&quot;category&quot;:&quot;intextLink&quot;,&quot;label&quot;:&quot;\/themen\/flughafen\/&quot;}\" href=\"https:\/\/www.t-online.de\/themen\/flughafen\/\" data-sctrack=\"BodyAnchor\" rel=\"nofollow noopener\" target=\"_blank\">Flughafen<\/a>, der etwa auf halbem Weg zwischen der estnischen Hauptstadt Tallinn und der Grenze zu Russland liegt. Trotzdem sind etwa 30 Kaitseliit-Mitglieder zum Training erschienen. Sie sollen den Umgang mit Maschinengewehren, Blend- und Splittergranaten sowie dem Granatwerfer ihres Sturmgewehrs trainieren.<\/p>\n<p class=\"text-18 leading-17 user-text-lg:text-22 user-text-xl:text-24\">Um sich einen Moment vor dem Wind zu sch\u00fctzen, steigt Mait Sander N\u00f5lvak in ein Auto und befreit sich von Helm, Gesichtsmaske und der schweren milit\u00e4rischen Schutzweste. &#8222;Ich wurde schon patriotisch erzogen&#8220;, sagt der 19-J\u00e4hrige auf die Frage, warum er sich f\u00fcr ein Engagement in der Freiwilligeneinheit entschieden hat. &#8222;Als ich drei Jahre alt war, musste ich auf Spazierg\u00e4ngen mit meiner Familie immer dann Teile der Nationalhymne singen, wenn wir an einer estnischen Fahne vorbeigelaufen sind.&#8220; Diese Erziehung habe dazu gef\u00fchrt, dass er schon als Jugendlicher Teil einer paramilit\u00e4rischen Organisation werden wollte.<\/p>\n<p class=\"text-18 leading-17 user-text-lg:text-22 user-text-xl:text-24\">Angefangen habe er zun\u00e4chst bei den Pfadfindern, erz\u00e4hlt N\u00f5lvak. Dort habe er viele F\u00e4higkeiten gelernt, die ihm auch heute noch im Kaitseliit helfen, etwa wie man ohne viel Ausr\u00fcstung ein Lager im Wald errichtet. Als Jugendlicher habe er dann mit drei weiteren Freunden eine Gruppe innerhalb der Noored Kotkad gegr\u00fcndet, der Jugendorganisation der Kaitseliit. &#8222;Mit dieser Gruppe haben wir dann auch mit den Ausbildern der Erwachsenen-Einheit der Kaitseliit zusammengearbeitet&#8220;, erkl\u00e4rt der 19-J\u00e4hrige. Kurz nach seinem 18. Geburtstag sei er dann von der Jugend- in die Erwachsenenorganisation \u00fcbergewechselt.<\/p>\n","protected":false},"excerpt":{"rendered":"Zivilisten trainieren an der Waffe &#8222;Ich werde alles daf\u00fcr tun, dass unser Land unabh\u00e4ngig bleibt&#8220; 03.05.2026 &#8211; 07:42&hellip;\n","protected":false},"author":2,"featured_media":990737,"comment_status":"","ping_status":"","sticky":false,"template":"","format":"standard","meta":{"footnotes":"","_share_on_mastodon":"0"},"categories":[4013],"tags":[326,331,332,2140,513,1478,5350,3189,13,214056,14,1159,15,4043,4044,850,307,214054,12,46306,44052,317,214055],"class_list":["post-990736","post","type-post","status-publish","format-standard","has-post-thumbnail","category-russland","tag-326","tag-aktuelle-nachrichten","tag-aktuelle-news","tag-angriff","tag-auto","tag-drohne","tag-erziehung","tag-estland","tag-headlines","tag-kaitseliit","tag-nachrichten","tag-nato","tag-news","tag-russia","tag-russian-federation","tag-russische-foederation","tag-russland","tag-rutja","tag-schlagzeilen","tag-tallinn","tag-tobias-schibilla","tag-ukraine","tag-verteidigungseinheit"],"share_on_mastodon":{"url":"https:\/\/pubeurope.com\/@de\/116509130731982381","error":""},"_links":{"self":[{"href":"https:\/\/www.europesays.com\/de\/wp-json\/wp\/v2\/posts\/990736","targetHints":{"allow":["GET"]}}],"collection":[{"href":"https:\/\/www.europesays.com\/de\/wp-json\/wp\/v2\/posts"}],"about":[{"href":"https:\/\/www.europesays.com\/de\/wp-json\/wp\/v2\/types\/post"}],"author":[{"embeddable":true,"href":"https:\/\/www.europesays.com\/de\/wp-json\/wp\/v2\/users\/2"}],"replies":[{"embeddable":true,"href":"https:\/\/www.europesays.com\/de\/wp-json\/wp\/v2\/comments?post=990736"}],"version-history":[{"count":0,"href":"https:\/\/www.europesays.com\/de\/wp-json\/wp\/v2\/posts\/990736\/revisions"}],"wp:featuredmedia":[{"embeddable":true,"href":"https:\/\/www.europesays.com\/de\/wp-json\/wp\/v2\/media\/990737"}],"wp:attachment":[{"href":"https:\/\/www.europesays.com\/de\/wp-json\/wp\/v2\/media?parent=990736"}],"wp:term":[{"taxonomy":"category","embeddable":true,"href":"https:\/\/www.europesays.com\/de\/wp-json\/wp\/v2\/categories?post=990736"},{"taxonomy":"post_tag","embeddable":true,"href":"https:\/\/www.europesays.com\/de\/wp-json\/wp\/v2\/tags?post=990736"}],"curies":[{"name":"wp","href":"https:\/\/api.w.org\/{rel}","templated":true}]}}