{"id":990803,"date":"2026-05-03T06:42:23","date_gmt":"2026-05-03T06:42:23","guid":{"rendered":"https:\/\/www.europesays.com\/de\/990803\/"},"modified":"2026-05-03T06:42:23","modified_gmt":"2026-05-03T06:42:23","slug":"fotogalerie-zu-fc-schweinfurt-05","status":"publish","type":"post","link":"https:\/\/www.europesays.com\/de\/990803\/","title":{"rendered":"Fotogalerie zu FC Schweinfurt 05"},"content":{"rendered":"<p>Ganz z\u00e4he Kost bekamen die \u00fcber 9.000 Zuschauer <a href=\"https:\/\/sechzger.de\/1860-kommt-bei-absteiger-schweinfurt-nicht-ueber-11-hinaus\/\" rel=\"nofollow noopener\" target=\"_blank\">gestern im Sachs-Stadion<\/a> vorgesetzt. Auch wenn es f\u00fcr beide Teams um nichts mehr ging (oder gerade deswegen?) h\u00e4tte man sich doch etwas mehr Spielfreude erhooft. Wir pr\u00e4sentieren Euch in unserer Fotogalerie die sch\u00f6nsten Impressionen vom Ausw\u00e4rtsspiel des TSV 1860 M\u00fcnchen beim FC Schweinfurt 05.<\/p>\n<p><strong>Fotogalerie zu FC Schweinfurt 05 \u2013 TSV 1860 M\u00fcnchen<\/strong><\/p>\n<p>Zum Vergr\u00f6\u00dfern der Fotos bitte auf das jeweilige Vorschaubild klicken; die Aufnahmen werden dann auch sch\u00e4rfer dargestellt.<\/p>\n<p>Videos rund um die L\u00f6wen<strong><br \/><\/strong><\/p>\n<p>Bewegtbilder rund um den TSV 1860 findet Ihr auf dem\u00a0<a href=\"https:\/\/www.youtube.com\/@sechzgerde\" target=\"_blank\" rel=\"noopener nofollow\">sechzger.de YouTube-Kanal<\/a>. Einfach abonnieren und immer auf dem neuesten Stand bleiben. Dar\u00fcber hinaus k\u00f6nnt Ihr uns auch auf\u00a0<a href=\"https:\/\/www.instagram.com\/sechzger.de\/\" target=\"_blank\" rel=\"noopener nofollow\">Instagram<\/a>\u00a0oder mittels der sechzger.de App (Android &amp; iOS) folgen!<\/p>\n<p><img loading=\"lazy\" decoding=\"async\" data-no-lazy=\"1\" class=\"no-lazy-load pxe-vgw-pixel\" src=\"https:\/\/www.europesays.com\/de\/wp-content\/uploads\/2026\/05\/0a416ec4930646d9beec25f59ec673c5.gif\" alt=\"\" style=\"display:none\" width=\"1\" height=\"1\"\/><\/p>\n<p>&#13;<br \/>\n                    0&#13;<br \/>\n                    0&#13;<br \/>\n                    votes<\/p>\n<p>Artikelbewertung<\/p>\n<p>                <script async src=\"\/\/www.instagram.com\/embed.js\"><\/script><\/p>\n","protected":false},"excerpt":{"rendered":"Ganz z\u00e4he Kost bekamen die \u00fcber 9.000 Zuschauer gestern im Sachs-Stadion vorgesetzt. Auch wenn es f\u00fcr beide Teams&hellip;\n","protected":false},"author":2,"featured_media":990804,"comment_status":"","ping_status":"","sticky":false,"template":"","format":"standard","meta":{"footnotes":"","_share_on_mastodon":"0"},"categories":[1827],"tags":[23228,772,29,23318,30,1268,7702],"class_list":["post-990803","post","type-post","status-publish","format-standard","has-post-thumbnail","category-muenchen","tag-23228","tag-bayern","tag-deutschland","tag-fotogalerie","tag-germany","tag-muenchen","tag-schweinfurt"],"share_on_mastodon":{"url":"https:\/\/pubeurope.com\/@de\/116509287948502046","error":""},"_links":{"self":[{"href":"https:\/\/www.europesays.com\/de\/wp-json\/wp\/v2\/posts\/990803","targetHints":{"allow":["GET"]}}],"collection":[{"href":"https:\/\/www.europesays.com\/de\/wp-json\/wp\/v2\/posts"}],"about":[{"href":"https:\/\/www.europesays.com\/de\/wp-json\/wp\/v2\/types\/post"}],"author":[{"embeddable":true,"href":"https:\/\/www.europesays.com\/de\/wp-json\/wp\/v2\/users\/2"}],"replies":[{"embeddable":true,"href":"https:\/\/www.europesays.com\/de\/wp-json\/wp\/v2\/comments?post=990803"}],"version-history":[{"count":0,"href":"https:\/\/www.europesays.com\/de\/wp-json\/wp\/v2\/posts\/990803\/revisions"}],"wp:featuredmedia":[{"embeddable":true,"href":"https:\/\/www.europesays.com\/de\/wp-json\/wp\/v2\/media\/990804"}],"wp:attachment":[{"href":"https:\/\/www.europesays.com\/de\/wp-json\/wp\/v2\/media?parent=990803"}],"wp:term":[{"taxonomy":"category","embeddable":true,"href":"https:\/\/www.europesays.com\/de\/wp-json\/wp\/v2\/categories?post=990803"},{"taxonomy":"post_tag","embeddable":true,"href":"https:\/\/www.europesays.com\/de\/wp-json\/wp\/v2\/tags?post=990803"}],"curies":[{"name":"wp","href":"https:\/\/api.w.org\/{rel}","templated":true}]}}