{"id":990989,"date":"2026-05-03T08:41:18","date_gmt":"2026-05-03T08:41:18","guid":{"rendered":"https:\/\/www.europesays.com\/de\/990989\/"},"modified":"2026-05-03T08:41:18","modified_gmt":"2026-05-03T08:41:18","slug":"handball-bundesliga-thw-kiel-in-der-krise-aufholjagd-gegen-nasice-noetig-2","status":"publish","type":"post","link":"https:\/\/www.europesays.com\/de\/990989\/","title":{"rendered":"Handball-Bundesliga: THW Kiel in der Krise \u2013 Aufholjagd gegen Nasice n\u00f6tig"},"content":{"rendered":"<p class=\"paragraph article__item\">Nur ein Sieg aus den vergangenen f\u00fcnf Partien, nur ein Punkt aus den beiden aufeinanderfolgenden Spielen gegen die Bundesliga-Kellerkinder SC DHfK Leipzig und HSG Wetzlar: Handball-Rekordmeister <a class=\"rtr-entity\" href=\"https:\/\/www.zeit.de\/thema\/thw-kiel\" rel=\"nofollow noopener\" target=\"_blank\">THW Kiel<\/a> steckt in einer handfesten Krise &#8211; und steht vor einem richtungweisenden Heimspiel.\n<\/p>\n<p>Aktuelles<\/p>\n<p>                <a href=\"https:\/\/www.zeit.de\/sport\/2026-04\/psg-bayern-muenchen-champions-league-halbfinale-pressestimmen-gxe\" data-ct-label=\"Pressestimmen zum Champions-League-Halbfinale: \u00bbPSG und Bayern schaffen ein Fu\u00dfballmeisterwerk\u00ab\" data-uuid=\"29eaab5e-aac7-44e1-a34c-e26247be1cf8\" rel=\"nofollow noopener\" target=\"_blank\"><\/p>\n<p>                        Pressestimmen zum Champions-League-Halbfinale:<br \/>\n                        \u00bbPSG und Bayern schaffen ein Fu\u00dfballmeisterwerk\u00ab<\/p>\n<p>                <\/a><\/p>\n<p>                <a href=\"https:\/\/www.zeit.de\/sport\/2026-04\/champions-league-halbfinale-bayern-paris-saint-germain\" data-ct-label=\"Champions League \u2013 Halbfinale: FC Bayern verliert Halbfinal-Hinspiel gegen Paris Saint-Germain\" data-uuid=\"029cef93-fc0a-4244-bc23-ee669b9af76b\" rel=\"nofollow noopener\" target=\"_blank\"><\/p>\n<p>                        Champions League \u2013 Halbfinale:<br \/>\n                        FC Bayern verliert Halbfinal-Hinspiel gegen Paris Saint-Germain<\/p>\n<p>                <\/a><\/p>\n<p>                <a href=\"https:\/\/www.zeit.de\/sport\/2026-04\/fussball-bundesliga-31-spieltag-mainz-05-bayern-koeln-leverkusen\" data-ct-label=\"Bundesliga, 31. Spieltag \u2013 Samstag: Hoffenheim siegt beim HSV, Bayern dreht 0:3 in Mainz, Heidenheim hofft\" data-uuid=\"a1c5429c-2a1a-401d-b05e-160c7ea3993c\" rel=\"nofollow noopener\" target=\"_blank\"><\/p>\n<p>                        Bundesliga, 31. Spieltag \u2013 Samstag:<br \/>\n                        Hoffenheim siegt beim HSV, Bayern dreht 0:3 in Mainz, Heidenheim hofft<\/p>\n<p>                <\/a><\/p>\n<p class=\"paragraph article__item\">\u00abWir k\u00f6nnen den Kopf jetzt nicht in den Sand stecken, m\u00fcssen weitermachen\u00bb, sagte Rechtsau\u00dfen Lukas Zerbe nach der 25:33-Klatsche am Samstagabend in <a class=\"rtr-entity\" href=\"https:\/\/www.zeit.de\/thema\/wetzlar\" rel=\"nofollow noopener\" target=\"_blank\">Wetzlar<\/a>. Etwas anderes bleibt den \u00abZebras\u00bb auch nicht. Schon am Dienstag (20.45 Uhr\/Dyn) steht das Viertelfinal-R\u00fcckspiel in der European League bevor.\n<\/p>\n<p>                \u00abFans auf unsere Seite ziehen\u00bb        <\/p>\n<p class=\"paragraph article__item\">Dort m\u00fcssen die Sch\u00fctzlinge gegen den kroatischen Vertreter RK Nexe Nasice den Drei-Tore-R\u00fcckstand aus dem 30:33 im ersten Duell aufholen, um sich f\u00fcr die Endrunde am letzten Mai-Wochenende in Hamburg zu qualifizieren. Nationalspieler Zerbe wei\u00df, dass es dazu Unterst\u00fctzung bedarf: \u00abWir wollen und m\u00fcssen dann den ersten Schritt machen und unsere Fans auf unsere Seite ziehen. Wenn uns das gelingt, bin ich mir sicher, dass wir ins Final Four kommen.\u00bb\n<\/p>\n<p class=\"paragraph article__item\">Ein Erfolg im zweitwichtigsten Europapokal im europ\u00e4ischen Vereinshandball ist f\u00fcr den erfolgsverw\u00f6hnten <a class=\"rtr-entity\" href=\"https:\/\/www.zeit.de\/thema\/thw\" rel=\"nofollow noopener\" target=\"_blank\">THW<\/a> die letzte M\u00f6glichkeit, Saison noch einigerma\u00dfen zu retten. Der Sieg am 31. Mai in Hamburg k\u00f6nnte mit einem Startplatz in der Champions League verbunden sein. Sollte der aktuelle Meister F\u00fcchse Berlin aber die K\u00f6nigsklasse gewinnen und Liga-Dritter bleiben, w\u00fcrde ein Titelgewinn in der European League daf\u00fcr nicht gen\u00fcgen.\n<\/p>\n<p>        Aus in der European League k\u00f6nnte Konsequenzen haben        <\/p>\n<p class=\"paragraph article__item\">Ein Aus am Dienstag gegen Nasice oder wie im vergangenen Jahr im Halbfinale des Final Four k\u00f6nnte gravierende Konsequenzen haben. Wenn Pokalsieger F\u00fcchse Berlin sich als Sieger oder \u00fcber die Liga erneut f\u00fcr die <a class=\"rtr-entity\" href=\"https:\/\/www.zeit.de\/thema\/champions-league\" rel=\"nofollow noopener\" target=\"_blank\">Champions League<\/a> qualifiziert, r\u00fcckt Abstiegskandidat Bergischer HC als Verlierer des nationalen Endspiels in das internationale Gesch\u00e4ft.\n<\/p>\n<p>                            \u00a9\u00a0Pia Bublies f\u00fcr die ZEIT\/\u200bDIE ZEIT<\/p>\n<p>\n                                        Newsletter<br \/>\n                                        Elbvertiefung \u2013 Der t\u00e4gliche Newsletter f\u00fcr Hamburg<\/p>\n<p class=\"newsletter-signup__text\">Erfahren Sie aus der Redaktion der ZEIT, was in Hamburg wichtig ist \u2013 pr\u00e4gnant, pers\u00f6nlich und pointiert, jeden Werktag um 6 Uhr.<\/p>\n<p class=\"newsletter-signup__datapolicy\" hidden=\"\">\n            Mit Ihrer Registrierung nehmen Sie die <a href=\"https:\/\/datenschutz.zeit.de\/zon#Newsletter\" target=\"_blank\" rel=\"nofollow noopener\">Datenschutzerkl\u00e4rung<\/a><br \/>\n     zur Kenntnis.\n        <\/p>\n<p>    Vielen Dank! Wir haben Ihnen eine E-Mail geschickt.<\/p>\n<p>Pr\u00fcfen Sie Ihr Postfach und best\u00e4tigen Sie das Newsletter-Abonnement.<\/p>\n<p class=\"paragraph article__item\">Gegen Wetzlar beklagte THW-Coach Jicha \u00abeine Phase mit vielen technischen Fehlern, in der wir \u00fcberhaupt nicht in den R\u00fcckzug kommen\u00bb. Aus einem 2:3 machten die Mittelhessen innerhalb von zehn Minuten ein 10:3. Sicher hatte der THW personelle Probleme. Au\u00dfer dem dauerverletzten Emil Madsen waren auch Elias Ellefsen \u00e1 Skipag\u00f8tu, Eric Johansson und Nikola Bilyk nicht mit von der Partie. Daf\u00fcr standen in Rasmus Ankermann (18 Jahre alt) und Johan Rohwer (19) zwei Jugend-Spieler im Kader. Doch wie schon in den Spielen gegen den VfL Gummersbach (26:34), den TVB Stuttgart (27:32) und den ThSV Eisenach (30:30) kam es zu einem phasenweise Totalzusammenbruch der Systeme.\n<\/p>\n<p>                        Johansson gegen Nasice vielleicht wieder dabei        <\/p>\n<p class=\"paragraph article__item\">F\u00fcr das Spiel gegen Nasice gibt es laut THW-Gesch\u00e4ftsf\u00fchrer Viktor Szilagyi ein \u00abpositives Fragezeichen\u00bb, dass zumindest der Schwede Johansson in den Kader zur\u00fcckkehrt. Und dass die \u00abZebras\u00bb R\u00fcckst\u00e4nde drehen k\u00f6nnen, haben sie schon mehrfach gezeigt. Zuletzt 2024, als nach einem Neun-Tore-R\u00fcckstand gegen Montpellier HB aus Frankreich mit einem gro\u00dfen Kampf und einem Zehn-Tore-Heimsieg doch noch der Einzug in der Final Four der Champions League gelang. Gegen die Kroaten m\u00fcssen nur drei Treffer aufgeholt werden, um die Hoffnung auf einen vers\u00f6hnlichen Saisonabschluss am Leben zu erhalten.\n<\/p>\n<p class=\"paragraph article__item\">\u00a9 dpa-infocom, dpa:260503-930-26209\/1<\/p>\n","protected":false},"excerpt":{"rendered":"Nur ein Sieg aus den vergangenen f\u00fcnf Partien, nur ein Punkt aus den beiden aufeinanderfolgenden Spielen gegen die&hellip;\n","protected":false},"author":2,"featured_media":990990,"comment_status":"","ping_status":"","sticky":false,"template":"","format":"standard","meta":{"footnotes":"","_share_on_mastodon":"0"},"categories":[1852],"tags":[3364,29,114349,548,663,3934,1933,30,692,7403,13,7402,4949,116443,14,15,9380,12,1971,7540,7748,12978],"class_list":["post-990989","post","type-post","status-publish","format-standard","has-post-thumbnail","category-kiel","tag-de","tag-deutschland","tag-eric-johansson","tag-eu","tag-europa","tag-europe","tag-fuechse-berlin","tag-germany","tag-hamburg","tag-handball-bundesliga","tag-headlines","tag-hsg-wetzlar","tag-kiel","tag-lukas-zerbe","tag-nachrichten","tag-news","tag-sc-dhfk-leipzig","tag-schlagzeilen","tag-schleswig-holstein","tag-thw","tag-thw-kiel","tag-wetzlar"],"share_on_mastodon":{"url":"https:\/\/pubeurope.com\/@de\/116509755840841625","error":""},"_links":{"self":[{"href":"https:\/\/www.europesays.com\/de\/wp-json\/wp\/v2\/posts\/990989","targetHints":{"allow":["GET"]}}],"collection":[{"href":"https:\/\/www.europesays.com\/de\/wp-json\/wp\/v2\/posts"}],"about":[{"href":"https:\/\/www.europesays.com\/de\/wp-json\/wp\/v2\/types\/post"}],"author":[{"embeddable":true,"href":"https:\/\/www.europesays.com\/de\/wp-json\/wp\/v2\/users\/2"}],"replies":[{"embeddable":true,"href":"https:\/\/www.europesays.com\/de\/wp-json\/wp\/v2\/comments?post=990989"}],"version-history":[{"count":0,"href":"https:\/\/www.europesays.com\/de\/wp-json\/wp\/v2\/posts\/990989\/revisions"}],"wp:featuredmedia":[{"embeddable":true,"href":"https:\/\/www.europesays.com\/de\/wp-json\/wp\/v2\/media\/990990"}],"wp:attachment":[{"href":"https:\/\/www.europesays.com\/de\/wp-json\/wp\/v2\/media?parent=990989"}],"wp:term":[{"taxonomy":"category","embeddable":true,"href":"https:\/\/www.europesays.com\/de\/wp-json\/wp\/v2\/categories?post=990989"},{"taxonomy":"post_tag","embeddable":true,"href":"https:\/\/www.europesays.com\/de\/wp-json\/wp\/v2\/tags?post=990989"}],"curies":[{"name":"wp","href":"https:\/\/api.w.org\/{rel}","templated":true}]}}