{"id":991428,"date":"2026-05-03T13:14:21","date_gmt":"2026-05-03T13:14:21","guid":{"rendered":"https:\/\/www.europesays.com\/de\/991428\/"},"modified":"2026-05-03T13:14:21","modified_gmt":"2026-05-03T13:14:21","slug":"lidl-steinmetzstrasse-randalierer-zueckt-messer-in-moenchengladbach","status":"publish","type":"post","link":"https:\/\/www.europesays.com\/de\/991428\/","title":{"rendered":"Lidl Steinmetzstra\u00dfe: Randalierer z\u00fcckt Messer in M\u00f6nchengladbach"},"content":{"rendered":"<p class=\"text_ohne_einzug richtext text-em-55 !leading-serif mx-6 desktop:mx-0\"> Ein randalierendes Paar hat am Samstag, 2. Mai, gegen 12.45 Uhr vor dem Lidl an der Steinmetzstra\u00dfe f\u00fcr einen Polizeieinsatz gesorgt. Die Frau und der Mann waren in einen Streit mit einem Mitarbeiter des Sicherheitsdienstes des Supermarktes geraten. Wie die Leitstelle der <a href=\"https:\/\/rp-online.de\/thema\/polizei\/\" rel=\"nofollow noopener\" target=\"_blank\">Polizei<\/a> auf Anfrage unserer Redaktion mitteilt, wurde dem Paar Hausverbot ausgesprochen \u2013 daraufhin z\u00fcckte der Mann ein Messer.<\/p>\n<p class=\"richtext text-em-55 !leading-serif mx-6 desktop:mx-0\">Er habe dem Mitarbeiter gedroht hei\u00dft es. Dieser habe ihn aber \u00fcberw\u00e4ltigen und entwaffnen k\u00f6nnen. Der Polizei zufolge gab es keine Verletzten. Das Paar wurde in Gewahrsam genommen. Strafanzeige wurde wegen gef\u00e4hrlicher K\u00f6rperverletzung und Bedrohung gestellt.<\/p>\n","protected":false},"excerpt":{"rendered":"Ein randalierendes Paar hat am Samstag, 2. Mai, gegen 12.45 Uhr vor dem Lidl an der Steinmetzstra\u00dfe f\u00fcr&hellip;\n","protected":false},"author":2,"featured_media":991429,"comment_status":"","ping_status":"","sticky":false,"template":"","format":"standard","meta":{"footnotes":"","_share_on_mastodon":"0"},"categories":[1849],"tags":[3364,29,548,663,3934,55845,30,13,2939,1981,6400,4455,14,15,1209,12,28398,2127,121918],"class_list":["post-991428","post","type-post","status-publish","format-standard","has-post-thumbnail","category-moenchengladbach","tag-de","tag-deutschland","tag-eu","tag-europa","tag-europe","tag-geraten","tag-germany","tag-headlines","tag-lidl","tag-messer","tag-mitarbeiter","tag-moenchengladbach","tag-nachrichten","tag-news","tag-nordrhein-westfalen","tag-schlagzeilen","tag-steinmetzstrasse","tag-streit","tag-supermarktes"],"share_on_mastodon":{"url":"https:\/\/pubeurope.com\/@de\/116510829454351525","error":""},"_links":{"self":[{"href":"https:\/\/www.europesays.com\/de\/wp-json\/wp\/v2\/posts\/991428","targetHints":{"allow":["GET"]}}],"collection":[{"href":"https:\/\/www.europesays.com\/de\/wp-json\/wp\/v2\/posts"}],"about":[{"href":"https:\/\/www.europesays.com\/de\/wp-json\/wp\/v2\/types\/post"}],"author":[{"embeddable":true,"href":"https:\/\/www.europesays.com\/de\/wp-json\/wp\/v2\/users\/2"}],"replies":[{"embeddable":true,"href":"https:\/\/www.europesays.com\/de\/wp-json\/wp\/v2\/comments?post=991428"}],"version-history":[{"count":0,"href":"https:\/\/www.europesays.com\/de\/wp-json\/wp\/v2\/posts\/991428\/revisions"}],"wp:featuredmedia":[{"embeddable":true,"href":"https:\/\/www.europesays.com\/de\/wp-json\/wp\/v2\/media\/991429"}],"wp:attachment":[{"href":"https:\/\/www.europesays.com\/de\/wp-json\/wp\/v2\/media?parent=991428"}],"wp:term":[{"taxonomy":"category","embeddable":true,"href":"https:\/\/www.europesays.com\/de\/wp-json\/wp\/v2\/categories?post=991428"},{"taxonomy":"post_tag","embeddable":true,"href":"https:\/\/www.europesays.com\/de\/wp-json\/wp\/v2\/tags?post=991428"}],"curies":[{"name":"wp","href":"https:\/\/api.w.org\/{rel}","templated":true}]}}