{"id":991539,"date":"2026-05-03T14:15:30","date_gmt":"2026-05-03T14:15:30","guid":{"rendered":"https:\/\/www.europesays.com\/de\/991539\/"},"modified":"2026-05-03T14:15:30","modified_gmt":"2026-05-03T14:15:30","slug":"bsr-zieht-bilanz-fast-doppelt-so-viel-muell-am-1-mai-in-berlin-wie-im-vorjahr","status":"publish","type":"post","link":"https:\/\/www.europesays.com\/de\/991539\/","title":{"rendered":"BSR zieht Bilanz: Fast doppelt so viel M\u00fcll am 1. Mai in Berlin wie im Vorjahr"},"content":{"rendered":"<p class=\"tspBMlw tspBMlx\">Nach den Feierlichkeiten zum 1. Mai hat die Berliner Stadtreinigung (BSR) deutlich mehr Abfall eingesammelt als im Vorjahr. Wie das Unternehmen am Sonnabend mitteilte, kamen rund 350 Kubikmeter M\u00fcll zusammen \u2013 fast doppelt so viel wie 2025 mit damals etwa 180 Kubikmetern.<\/p>\n<p class=\"tspBMlw\">Zur Einordnung: 350 Kubikmeter entsprechen rund 2300 Badewannenf\u00fcllungen.<\/p>\n<p>Tagesspiegel Checkpoint: Berlins beliebtester Newsletter<\/p>\n<p><img decoding=\"async\" src=\"https:\/\/www.europesays.com\/de\/wp-content\/uploads\/2025\/04\/cp-icon.png\" alt=\"\" class=\"tspCUhk\"\/><\/p>\n<p class=\"tspCUnb\"> Der schnellste Berlin-\u00dcberblick von Montag bis Samstag.  <\/p>\n<p class=\"tspBMlw\">Die BSR war mit viel Personal im G\u00f6rlitzer Park, Treptower Park und den Stra\u00dfen Kreuzbergs unterwegs, um die \u00dcberreste der Partys zu beseitigen. Etwa 170 Mitarbeiter sammelten seit den fr\u00fchen Morgenstunden mit 70 Fahrzeugen Abf\u00e4lle ein.<\/p>\n<p class=\"tspVfk\">Empfohlener redaktioneller Inhalt<\/p>\n<p> An dieser Stelle finden Sie einen von unseren Redakteuren ausgew\u00e4hlten, externen Inhalt, der den Artikel f\u00fcr Sie mit zus\u00e4tzlichen Informationen anreichert. Sie k\u00f6nnen sich hier den externen Inhalt mit einem Klick anzeigen lassen oder wieder ausblenden. <\/p>\n<p> Externen Inhalt anzeigen <\/p>\n<p class=\"tspVfq\"> Ich bin damit einverstanden, dass mir der externe Inhalt angezeigt wird. Damit k\u00f6nnen personenbezogene Daten an Drittplattformen \u00fcbermittelt werden.  Mehr Informationen dazu erhalten Sie in den Datenschutz-Einstellungen. Diese finden Sie ganz unten auf unserer Seite im Footer, sodass Sie Ihre Einstellungen jederzeit verwalten oder widerrufen k\u00f6nnen. <\/p>\n<p class=\"tspBMlw\">Damit stockte die BSR ihr Personal deutlich auf. Im vergangenen Jahr waren rund 50 Besch\u00e4ftigte weniger an dem Sondereinsatz beteiligt.<\/p>\n<p class=\"tspBMlw\">Kein Wunder also, dass im Mauerpark und in den Seitenstra\u00dfen des G\u00f6rlitzer Parks <a href=\"https:\/\/www.tagesspiegel.de\/berlin\/bezirke\/friedrichshain-kreuzberg\/im-scherbenhaufen-vom-gorlitzer-park-das-war-eines-der-geilsten-maifeste-uberhaupt-15548420.html?icid=in-text-link_15551434\" class=\"link link--internal\" data-gtm-class=\"article-text-link\" data-gtm-val=\"internal\" rel=\"nofollow noopener\" target=\"_blank\">bereits am Vormittag nach dem 1. Mai kaum noch M\u00fcll zu sehen war<\/a>. Im G\u00f6rlitzer Park selbst dauerten die Reinigungsarbeiten etwas l\u00e4nger.<\/p>\n<p>Mehr zum 1. Mai in Berlin:<a href=\"https:\/\/www.tagesspiegel.de\/berlin\/bezirke\/friedrichshain-kreuzberg\/im-scherbenhaufen-vom-gorlitzer-park-das-war-eines-der-geilsten-maifeste-uberhaupt-15548420.html?icid=topic-list_15551434___\" data-gtm-class=\"article-mzt-link\" data-hydrate-fingerprint=\"09740a54944caac75fd2c0c63fd5c5df\" data-hydrate-props=\"{&amp;escapedquot;element&amp;escapedquot;:{&amp;escapedquot;type&amp;escapedquot;:&amp;escapedquot;relatedContent&amp;escapedquot;,&amp;escapedquot;fieldMap&amp;escapedquot;:{},&amp;escapedquot;relation&amp;escapedquot;:{&amp;escapedquot;fields&amp;escapedquot;:{&amp;escapedquot;isPaid&amp;escapedquot;:true},&amp;escapedquot;href&amp;escapedquot;:&amp;escapedquot;\/berlin\/bezirke\/friedrichshain-kreuzberg\/im-scherbenhaufen-vom-gorlitzer-park-das-war-eines-der-geilsten-maifeste-uberhaupt-15548420.html&amp;escapedquot;,&amp;escapedquot;teaserTitle&amp;escapedquot;:{&amp;escapedquot;kicker&amp;escapedquot;:&amp;escapedquot;Im Scherbenhaufen vom G\u00f6rlitzer Park&amp;escapedquot;,&amp;escapedquot;headline&amp;escapedquot;:&amp;escapedquot;\u201eDas war eines der geilsten Maifeste \u00fcberhaupt\u201c&amp;escapedquot;},&amp;escapedquot;id&amp;escapedquot;:&amp;escapedquot;15548420&amp;escapedquot;,&amp;escapedquot;type&amp;escapedquot;:&amp;escapedquot;story&amp;escapedquot;},&amp;escapedquot;isPartOfList&amp;escapedquot;:true,&amp;escapedquot;topicListType&amp;escapedquot;:&amp;escapedquot;topic-list&amp;escapedquot;},&amp;escapedquot;showArrow&amp;escapedquot;:true}\" data-hydrate-slots=\"{&#039;default&#039;:[]}\" class=\"tspB9nt tspCBn0\" rel=\"nofollow noopener\" target=\"_blank\">Im Scherbenhaufen vom G\u00f6rlitzer Park \u201eDas war eines der geilsten Maifeste \u00fcberhaupt\u201c <\/a><a href=\"https:\/\/www.tagesspiegel.de\/berlin\/ich-bin-fur-die-vier-stunden-woche-und-mehr-gehalt-berliner-rapperin-ikkimel-tritt-vor-tausenden-auf-linke-fest-auf-15547916.html?icid=topic-list_15551434___\" data-gtm-class=\"article-mzt-link\" data-hydrate-fingerprint=\"09740a54944caac75fd2c0c63fd5c5df\" data-hydrate-props=\"{&amp;escapedquot;element&amp;escapedquot;:{&amp;escapedquot;type&amp;escapedquot;:&amp;escapedquot;relatedContent&amp;escapedquot;,&amp;escapedquot;fieldMap&amp;escapedquot;:{},&amp;escapedquot;relation&amp;escapedquot;:{&amp;escapedquot;fields&amp;escapedquot;:{&amp;escapedquot;isPaid&amp;escapedquot;:null},&amp;escapedquot;href&amp;escapedquot;:&amp;escapedquot;\/berlin\/ich-bin-fur-die-vier-stunden-woche-und-mehr-gehalt-berliner-rapperin-ikkimel-tritt-vor-tausenden-auf-linke-fest-auf-15547916.html&amp;escapedquot;,&amp;escapedquot;teaserTitle&amp;escapedquot;:{&amp;escapedquot;kicker&amp;escapedquot;:&amp;escapedquot;\u201eIch bin f\u00fcr die Vier-Stunden-Woche und mehr Gehalt\u201c&amp;escapedquot;,&amp;escapedquot;headline&amp;escapedquot;:&amp;escapedquot;Berliner Rapperin Ikkimel tritt vor Tausenden auf Linken-Fest auf&amp;escapedquot;},&amp;escapedquot;id&amp;escapedquot;:&amp;escapedquot;15547916&amp;escapedquot;,&amp;escapedquot;type&amp;escapedquot;:&amp;escapedquot;story&amp;escapedquot;},&amp;escapedquot;isPartOfList&amp;escapedquot;:true,&amp;escapedquot;topicListType&amp;escapedquot;:&amp;escapedquot;topic-list&amp;escapedquot;},&amp;escapedquot;showArrow&amp;escapedquot;:true}\" data-hydrate-slots=\"{&#039;default&#039;:[]}\" class=\"tspB9nt tspCBn0\" rel=\"nofollow noopener\" target=\"_blank\">\u201eIch bin f\u00fcr die Vier-Stunden-Woche und mehr Gehalt\u201c Berliner Rapperin Ikkimel tritt vor Tausenden auf Linken-Fest auf <\/a><a href=\"https:\/\/www.tagesspiegel.de\/berlin\/streit-ums-grillen-in-berlin-eskaliert-gruppe-geht-am-1-mai-auf-polizeibeamten-los--seniorin-prugelt-mit-gehstock-15549016.html?icid=topic-list_15551434___\" data-gtm-class=\"article-mzt-link\" data-hydrate-fingerprint=\"09740a54944caac75fd2c0c63fd5c5df\" data-hydrate-props=\"{&amp;escapedquot;element&amp;escapedquot;:{&amp;escapedquot;type&amp;escapedquot;:&amp;escapedquot;relatedContent&amp;escapedquot;,&amp;escapedquot;fieldMap&amp;escapedquot;:{},&amp;escapedquot;relation&amp;escapedquot;:{&amp;escapedquot;fields&amp;escapedquot;:{&amp;escapedquot;isPaid&amp;escapedquot;:null},&amp;escapedquot;href&amp;escapedquot;:&amp;escapedquot;\/berlin\/streit-ums-grillen-in-berlin-eskaliert-gruppe-geht-am-1-mai-auf-polizeibeamten-los--seniorin-prugelt-mit-gehstock-15549016.html&amp;escapedquot;,&amp;escapedquot;teaserTitle&amp;escapedquot;:{&amp;escapedquot;kicker&amp;escapedquot;:&amp;escapedquot;Streit ums Grillen in Berlin eskaliert&amp;escapedquot;,&amp;escapedquot;headline&amp;escapedquot;:&amp;escapedquot;Gruppe geht am 1. Mai auf Polizeibeamten los \u2013 Seniorin pr\u00fcgelt mit Gehstock&amp;escapedquot;},&amp;escapedquot;id&amp;escapedquot;:&amp;escapedquot;15549016&amp;escapedquot;,&amp;escapedquot;type&amp;escapedquot;:&amp;escapedquot;story&amp;escapedquot;},&amp;escapedquot;isPartOfList&amp;escapedquot;:true,&amp;escapedquot;topicListType&amp;escapedquot;:&amp;escapedquot;topic-list&amp;escapedquot;},&amp;escapedquot;showArrow&amp;escapedquot;:true}\" data-hydrate-slots=\"{&#039;default&#039;:[]}\" class=\"tspB9nt tspCBn0\" rel=\"nofollow noopener\" target=\"_blank\">Streit ums Grillen in Berlin eskaliert Gruppe geht am 1. Mai auf Polizeibeamten los \u2013 Seniorin pr\u00fcgelt mit Gehstock <\/a><\/p>\n<p class=\"tspBMlw\">Abgesehen von der Verm\u00fcllung verbuchten Senat und Polizei <a href=\"https:\/\/www.tagesspiegel.de\/berlin\/1-mai-in-berlin-fur-wegner-grosser-erfolg-polizei-zahlt-70000-menschen-bei-demos-und-87-festnahmen-15548063.html?icid=in-text-link_15551434\" class=\"link link--internal\" data-gtm-class=\"article-text-link\" data-gtm-val=\"internal\" rel=\"nofollow noopener\" target=\"_blank\">den diesj\u00e4hrigen Feiertag als Erfolg<\/a>. Die Polizei sprach von einem \u201eweitestgehend st\u00f6rungsfreien Maifeiertag\u201c, der Regierende B\u00fcrgermeister Kai Wegner (CDU) bezeichnete ihn als \u201efriedlich\u201c. (Tsp)<\/p>\n","protected":false},"excerpt":{"rendered":"Nach den Feierlichkeiten zum 1. Mai hat die Berliner Stadtreinigung (BSR) deutlich mehr Abfall eingesammelt als im Vorjahr.&hellip;\n","protected":false},"author":2,"featured_media":991540,"comment_status":"","ping_status":"","sticky":false,"template":"","format":"standard","meta":{"footnotes":"","_share_on_mastodon":"0"},"categories":[1825],"tags":[296,90992,29,30,1924],"class_list":["post-991539","post","type-post","status-publish","format-standard","has-post-thumbnail","category-berlin","tag-berlin","tag-bsr-berlin","tag-deutschland","tag-germany","tag-goerlitzer-park"],"share_on_mastodon":{"url":"https:\/\/pubeurope.com\/@de\/116511069320241014","error":""},"_links":{"self":[{"href":"https:\/\/www.europesays.com\/de\/wp-json\/wp\/v2\/posts\/991539","targetHints":{"allow":["GET"]}}],"collection":[{"href":"https:\/\/www.europesays.com\/de\/wp-json\/wp\/v2\/posts"}],"about":[{"href":"https:\/\/www.europesays.com\/de\/wp-json\/wp\/v2\/types\/post"}],"author":[{"embeddable":true,"href":"https:\/\/www.europesays.com\/de\/wp-json\/wp\/v2\/users\/2"}],"replies":[{"embeddable":true,"href":"https:\/\/www.europesays.com\/de\/wp-json\/wp\/v2\/comments?post=991539"}],"version-history":[{"count":0,"href":"https:\/\/www.europesays.com\/de\/wp-json\/wp\/v2\/posts\/991539\/revisions"}],"wp:featuredmedia":[{"embeddable":true,"href":"https:\/\/www.europesays.com\/de\/wp-json\/wp\/v2\/media\/991540"}],"wp:attachment":[{"href":"https:\/\/www.europesays.com\/de\/wp-json\/wp\/v2\/media?parent=991539"}],"wp:term":[{"taxonomy":"category","embeddable":true,"href":"https:\/\/www.europesays.com\/de\/wp-json\/wp\/v2\/categories?post=991539"},{"taxonomy":"post_tag","embeddable":true,"href":"https:\/\/www.europesays.com\/de\/wp-json\/wp\/v2\/tags?post=991539"}],"curies":[{"name":"wp","href":"https:\/\/api.w.org\/{rel}","templated":true}]}}