{"id":991718,"date":"2026-05-03T16:04:34","date_gmt":"2026-05-03T16:04:34","guid":{"rendered":"https:\/\/www.europesays.com\/de\/991718\/"},"modified":"2026-05-03T16:04:34","modified_gmt":"2026-05-03T16:04:34","slug":"holstein-kiel-rettung-geschafft-bleibt-jetzt-trainer-walter-sport","status":"publish","type":"post","link":"https:\/\/www.europesays.com\/de\/991718\/","title":{"rendered":"Holstein Kiel: Rettung geschafft! Bleibt jetzt Trainer Walter? | Sport"},"content":{"rendered":"<p><a class=\"skip-content skip-content--link\" href=\"#in-content-skip-link-target-v-0-0\">TTS-Player \u00fcberspringen\u21b5<\/a><a id=\"in-content-skip-link-target-v-0-0\" class=\"skip-content--target-link-hidden skip-content skip-content--target-link\" href=\"#in-content-skip-link-target-v-0-0\">Artikel weiterlesen<\/a><\/p>\n<p><b>Holstein Kiels Gesch\u00e4ftsf\u00fchrer Olaf Rebbe (48) bekam nicht nur Applaus, als er im Februar den beliebten Trainer Marcel Rapp (47) feuerte und daf\u00fcr den polarisierenden Tim Walter (50) installierte. Nach dem 2:0 gegen Braunschweig \u2013 dem f\u00fcnften Sieg aus den vergangenen sechs Spielen (dazu ein Unentschieden) \u2013 ist klar: Der Plan ist voll aufgegangen.<\/b><\/p>\n<p>Kiel ist gerettet, hat nach dem Abstieg aus der <a href=\"https:\/\/www.bild.de\/sport\/fussball\/3-liga\/home-15770732.bild.html\" class=\"text-link\" rel=\"nofollow noopener\" target=\"_blank\">1. Liga<\/a> den n\u00e4chsten Absturz verhindert. Rebbe betrachtet es realistisch: \u201eEs gibt jetzt keinen Grund zur Euphorie, weil wir nicht abgestiegen sind. Wir hatten und haben andere Anspr\u00fcche.\u201c Die erste Zweitliga-Saison nach dem Abstieg war intern zwar als \u00dcbergangs-Spielzeit eingepreist. Dass es zwischenzeitlich so mies lief (Mitte M\u00e4rz lag <a href=\"https:\/\/www.bild.de\/regional\/kiel\/home-wBbzo0qvaDw8tcg5Qfr4\" class=\"text-link\" rel=\"nofollow noopener\" target=\"_blank\">Kiel<\/a> auf Abstiegsplatz 17), hingegen nicht.<\/p>\n<p>In der kommenden Saison soll es nun weiter aufw\u00e4rtsgehen. Mit <a href=\"https:\/\/www.bild.de\/themen\/personen\/trainer\/sport-nachrichten-news-fotos-videos-19349192.bild.html\" class=\"text-link\" rel=\"nofollow noopener\" target=\"_blank\">Trainer<\/a> Walter? Dessen Vertrag endet nach der Saison. Er sagt: \u201eAusgeschlossen ist nichts.\u201c Rebbe betont: \u201eWir haben verabredet, nach Abschluss der Saison miteinander zu sprechen. Und das werden wir auch so machen.\u201c<\/p>\n<p>Mehr zum Thema<\/p>\n<p>Definitiv an der Seitenlinie stehen wird Walter in den letzten beiden Saisonspielen gegen <a href=\"https:\/\/www.bild.de\/regional\/magdeburg\/home-2H0BFHdgnJ0Fh9otEPDv\" class=\"text-link\" rel=\"nofollow noopener\" target=\"_blank\">Magdeburg<\/a> (Samstag, 13 Uhr, Sky) und in <a href=\"https:\/\/www.bild.de\/regional\/dresden\/dresden-regional\/home-16327670.bild.html\" class=\"text-link\" rel=\"nofollow noopener\" target=\"_blank\">Dresden<\/a> (17.5.). Da kann Kiel noch einen Zweitliga-Vereinsrekord (sechs Siege in Serie) knacken. Aktuell sind es vier am St\u00fcck.<\/p>\n","protected":false},"excerpt":{"rendered":"TTS-Player \u00fcberspringen\u21b5Artikel weiterlesen Holstein Kiels Gesch\u00e4ftsf\u00fchrer Olaf Rebbe (48) bekam nicht nur Applaus, als er im Februar den&hellip;\n","protected":false},"author":2,"featured_media":991719,"comment_status":"","ping_status":"","sticky":false,"template":"","format":"standard","meta":{"footnotes":"","_share_on_mastodon":"0"},"categories":[1852],"tags":[3364,29,548,663,3934,30,13,4949,21431,14,15,10905,12,1971,542,154189,784],"class_list":["post-991718","post","type-post","status-publish","format-standard","has-post-thumbnail","category-kiel","tag-de","tag-deutschland","tag-eu","tag-europa","tag-europe","tag-germany","tag-headlines","tag-kiel","tag-kieler-sv-holstein","tag-nachrichten","tag-news","tag-rebbe-olaf","tag-schlagzeilen","tag-schleswig-holstein","tag-sport-leuchtturm-hamburg","tag-walter-tim","tag-zweite-bundesliga"],"share_on_mastodon":{"url":"https:\/\/pubeurope.com\/@de\/116511497687801780","error":""},"_links":{"self":[{"href":"https:\/\/www.europesays.com\/de\/wp-json\/wp\/v2\/posts\/991718","targetHints":{"allow":["GET"]}}],"collection":[{"href":"https:\/\/www.europesays.com\/de\/wp-json\/wp\/v2\/posts"}],"about":[{"href":"https:\/\/www.europesays.com\/de\/wp-json\/wp\/v2\/types\/post"}],"author":[{"embeddable":true,"href":"https:\/\/www.europesays.com\/de\/wp-json\/wp\/v2\/users\/2"}],"replies":[{"embeddable":true,"href":"https:\/\/www.europesays.com\/de\/wp-json\/wp\/v2\/comments?post=991718"}],"version-history":[{"count":0,"href":"https:\/\/www.europesays.com\/de\/wp-json\/wp\/v2\/posts\/991718\/revisions"}],"wp:featuredmedia":[{"embeddable":true,"href":"https:\/\/www.europesays.com\/de\/wp-json\/wp\/v2\/media\/991719"}],"wp:attachment":[{"href":"https:\/\/www.europesays.com\/de\/wp-json\/wp\/v2\/media?parent=991718"}],"wp:term":[{"taxonomy":"category","embeddable":true,"href":"https:\/\/www.europesays.com\/de\/wp-json\/wp\/v2\/categories?post=991718"},{"taxonomy":"post_tag","embeddable":true,"href":"https:\/\/www.europesays.com\/de\/wp-json\/wp\/v2\/tags?post=991718"}],"curies":[{"name":"wp","href":"https:\/\/api.w.org\/{rel}","templated":true}]}}