{"id":991865,"date":"2026-05-03T17:26:45","date_gmt":"2026-05-03T17:26:45","guid":{"rendered":"https:\/\/www.europesays.com\/de\/991865\/"},"modified":"2026-05-03T17:26:45","modified_gmt":"2026-05-03T17:26:45","slug":"noch-100-tage-bis-zu-den-weltmeisterschaften-in-aachen","status":"publish","type":"post","link":"https:\/\/www.europesays.com\/de\/991865\/","title":{"rendered":"Noch 100 Tage bis zu den Weltmeisterschaften in Aachen"},"content":{"rendered":"<p>                                                    <a class=\"zoom lightbox\" title=\"Brianne Beerbaum versorgt Kiss Me - und er tr\u00e4umt von Aachen. (\u00a9 Screenshot)\" href=\"https:\/\/www.europesays.com\/de\/wp-content\/uploads\/2026\/05\/Brianne-Beerbaum-und-Kiss-Me.jpg\">Bild vergr\u00f6\u00dfern<\/a><\/p>\n<p>                                <img width=\"1920\" height=\"1018\" src=\"data:image\/svg+xml,%3Csvg%20xmlns=\" http:=\"\" class=\"attachment-article-full size-article-full wp-post-image\" alt=\"Brianne Beerbaum und Kiss Me\" decoding=\"async\" fetchpriority=\"high\" data-lazy- data-lazy- style=\"object-position: 50% 50%;\" data-lazy-src=\"https:\/\/www.europesays.com\/de\/wp-content\/uploads\/2026\/05\/Brianne-Beerbaum-und-Kiss-Me.jpg\"\/>                            <\/p>\n<p class=\"is-style-minitext\">Brianne Beerbaum versorgt Kiss Me &#8211; und er tr\u00e4umt von Aachen. (\u00a9 Screenshot)<\/p>\n<p>Der Countdown l\u00e4uft: Noch 100 Tage bis zu den Weltmeisterschaften in Aachen! Das wird mit einem besonderen KI-Video gefeiert.<\/p>\n<p>Was w\u00e4re, wenn? Wer fragt sich das nicht manchmal? Nach Vorstellung der Organisatoren der Weltmeisterschaften in Aachen vom 11. bis 23. August 2026 stellt sich auf Kiss Me diese Frage, elfj\u00e4hriger Wallach von Cornet Obolensky. Er geh\u00f6rt zur 16 Jahre alten <a href=\"https:\/\/www.hooforia.com\/schlagwort\/brianne-beerbaum\/\" target=\"_blank\" rel=\"noopener nofollow\">Brianne Beerbaum<\/a>, Tochter von Meredith Michaels-Beerbaum, die bei den Weltreiterspielen vor zwanzig Jahren Doppelbronze gewann. Brianne und Kiss Me sind f\u00fcr die Organisatoren die idealen Werbetr\u00e4ger, ist doch der gr\u00f6\u00dfte \u2013 und nicht unrealistische \u2013 Traum des M\u00e4dchens die Teilnahme an einem Championat und den Olympischen Spielen.<\/p>\n<p>Auf dem CHIO-Gel\u00e4nde ritt sie schon mehrfach, bekam dort das Goldene Reitabzeichen verliehen. Wenn also Kiss Me in einem KI-generierten Video von Aachen tr\u00e4umt, ist das gar nicht so unrealistisch. Und wer wei\u00df, vielleicht sieht man die beiden in ein paar Jahren beim CHIO wieder? In jedem Fall wird Brianne Teil der Er\u00f6ffnungsfeier sein.<\/p>\n<p>\u201eDieses KI-Video ist ein wunderbarer Vorgeschmack auf das, was uns bei der Reit-WM in Aachen erwartet\u201c, beschreibt ALRV-Vorstandsmitglied Philip Erbers. \u201eEinerseits zeigt es die gr\u00f6\u00dftm\u00f6gliche B\u00fchne f\u00fcr den Pferdesport, auf der sich Reiterinnen und Reiter ihren ganz gro\u00dfen Traum erf\u00fcllen k\u00f6nnen \u2013 eine WM-Medaille in Aachen zu gewinnen. Andererseits macht es deutlich, dass unsere Zuschauerinnen und Zuschauer auf ganz unterschiedlichen Wegen an dieser WM teilhaben k\u00f6nnen: nat\u00fcrlich live vor Ort, aber ebenso \u00fcber vielf\u00e4ltige digitale Angebote, die sie mitten ins Geschehen holen.\u201c<\/p>\n<p>Heute beginnt in jedem Fall der Countdown f\u00fcr die <a href=\"https:\/\/www.hooforia.com\/reitsport\/sommermaerchen-des-pferdesports-die-wichtigsten-infos-zur-weltmeisterschaft-in-aachen\/\" target=\"_blank\" rel=\"noopener nofollow\">Weltmeisterschaften<\/a>: Nur noch 100 Tage, bis in Aachen wieder Geschichte geschrieben wird. Sechs Disziplinen \u2013 Springen, Dressur, Vielseitigkeit, Fahren, Voltigieren und Para-Dressur \u2013 finden unmittelbar vereint an einem zentralen Ort statt.<\/p>\n<p>\u201eUnd auch wir k\u00f6nnen es kaum erwarten, gemeinsam mit den Menschen aus aller Welt diese unvergesslichen Momente zu erleben\u201c, blickt Erbers nach vorn.<\/p>\n<p>Das KI-Video gibt es <a href=\"https:\/\/www.youtube.com\/watch?v=oOvNodFsQjc&amp;feature=youtu.be\" target=\"_blank\" rel=\"noopener nofollow\" class=\"external\">hier zu sehen.<\/a><\/p>\n<p>Tickets gibt es <a href=\"https:\/\/tickets.aachen2026.com\/shop?shopid=112&amp;wes=7f6fb1c9112&amp;nextstate=2&amp;language=2\" target=\"_blank\" rel=\"noopener nofollow\" class=\"external\">hier.<\/a><\/p>\n<p>    console.log(&#8222;\\tCustom Vendor 435 has consent&#8220;);<br \/>\n    !function(f,b,e,v,n,t,s)<br \/>\n    {if(f.fbq)return;n=f.fbq=function(){n.callMethod?<br \/>\n        n.callMethod.apply(n,arguments):n.queue.push(arguments)};<br \/>\n        if(!f._fbq)f._fbq=n;n.push=n;n.loaded=!0;n.version=&#8217;2.0&#8242;;<br \/>\n        n.queue=[];t=b.createElement(e);t.async=!0;<br \/>\n        t.src=v;s=b.getElementsByTagName(e)[0];<br \/>\n        s.parentNode.insertBefore(t,s)}(window, document,&#8217;script&#8216;,<br \/>\n        &#8218;https:\/\/connect.facebook.net\/en_US\/fbevents.js&#8216;);<br \/>\n    fbq(&#8218;init&#8216;, &#8218;494794794201357&#8216;);<br \/>\n    fbq(&#8218;track&#8216;, &#8218;PageView&#8216;);<\/p>\n","protected":false},"excerpt":{"rendered":"Bild vergr\u00f6\u00dfern Brianne Beerbaum versorgt Kiss Me &#8211; und er tr\u00e4umt von Aachen. (\u00a9 Screenshot) Der Countdown l\u00e4uft:&hellip;\n","protected":false},"author":2,"featured_media":991866,"comment_status":"","ping_status":"","sticky":false,"template":"","format":"standard","meta":{"footnotes":"","_share_on_mastodon":"0"},"categories":[1853],"tags":[30949,1424,214248,214249,52862,3364,29,548,663,3934,30,13,214250,14,15,1209,12,7109],"class_list":["post-991865","post","type-post","status-publish","format-standard","has-post-thumbnail","category-aachen","tag-100-tage","tag-aachen","tag-aachen2026","tag-brianne-beerbaum","tag-countdown","tag-de","tag-deutschland","tag-eu","tag-europa","tag-europe","tag-germany","tag-headlines","tag-meredith-michaels-beerbaum","tag-nachrichten","tag-news","tag-nordrhein-westfalen","tag-schlagzeilen","tag-weltmeisterschaft"],"share_on_mastodon":{"url":"https:\/\/pubeurope.com\/@de\/116511820301766466","error":""},"_links":{"self":[{"href":"https:\/\/www.europesays.com\/de\/wp-json\/wp\/v2\/posts\/991865","targetHints":{"allow":["GET"]}}],"collection":[{"href":"https:\/\/www.europesays.com\/de\/wp-json\/wp\/v2\/posts"}],"about":[{"href":"https:\/\/www.europesays.com\/de\/wp-json\/wp\/v2\/types\/post"}],"author":[{"embeddable":true,"href":"https:\/\/www.europesays.com\/de\/wp-json\/wp\/v2\/users\/2"}],"replies":[{"embeddable":true,"href":"https:\/\/www.europesays.com\/de\/wp-json\/wp\/v2\/comments?post=991865"}],"version-history":[{"count":0,"href":"https:\/\/www.europesays.com\/de\/wp-json\/wp\/v2\/posts\/991865\/revisions"}],"wp:featuredmedia":[{"embeddable":true,"href":"https:\/\/www.europesays.com\/de\/wp-json\/wp\/v2\/media\/991866"}],"wp:attachment":[{"href":"https:\/\/www.europesays.com\/de\/wp-json\/wp\/v2\/media?parent=991865"}],"wp:term":[{"taxonomy":"category","embeddable":true,"href":"https:\/\/www.europesays.com\/de\/wp-json\/wp\/v2\/categories?post=991865"},{"taxonomy":"post_tag","embeddable":true,"href":"https:\/\/www.europesays.com\/de\/wp-json\/wp\/v2\/tags?post=991865"}],"curies":[{"name":"wp","href":"https:\/\/api.w.org\/{rel}","templated":true}]}}