{"id":992155,"date":"2026-05-03T20:42:20","date_gmt":"2026-05-03T20:42:20","guid":{"rendered":"https:\/\/www.europesays.com\/de\/992155\/"},"modified":"2026-05-03T20:42:20","modified_gmt":"2026-05-03T20:42:20","slug":"vfr-neumuenster-beim-06-gegen-holstein-kiel-ii-voellig-chancenlos","status":"publish","type":"post","link":"https:\/\/www.europesays.com\/de\/992155\/","title":{"rendered":"VfR Neum\u00fcnster beim 0:6 gegen Holstein Kiel II v\u00f6llig chancenlos"},"content":{"rendered":"<p class=\"\">\n                    Eine Auszeit zum v\u00f6llig falschen Moment g\u00f6nnte sich Fu\u00dfball-Oberligist VfR Neum\u00fcnster. Die zuvor achtmal in Folge ungeschlagenen Rasensportler fanden ausgerechnet im Duell mit dem Tabellenzweiten Holstein Kiel II nicht ann\u00e4hernd zu Normalform und verloren vor 341 Zuschauern mit 0:6 (0:2). Es war die mit Abstand h\u00f6chste Saisonniederlage der Lila-Wei\u00dfen. Die bislang h\u00f6chsten Pleiten in der Serie 25\/26 hatte es beim SV Todesfelde sowie gegen Ph\u00f6nix L\u00fcbeck II gegeben (jeweils 1:4).\n            <\/p>\n<p class=\"\">\n                    Die Neum\u00fcnsteraner behaupteten aber dennoch ihren f\u00fcnften Tabellenplatz und m\u00fcssen nun zweimal binnen f\u00fcnf Tagen gegen den auf Platz 3 rangierenden SV Eichede antreten. Am Mittwoch, 6. Mai, geht es ins Ernst-Wagener-Stadion (19 Uhr), ehe die Stormarner am Sonntag, 10. Mai, ihre Visitenkarte in der Gr\u00fcmmi-Arena abgeben (14 Uhr).<\/p>\n<p>\u201eMan hat heute zu 100 Prozent gemerkt, dass die englischen Wochen am K\u00f6rper und am Kopf nagen. Wir haben uns k\u00f6rperlich nicht auf dem Niveau der Kieler bewegt\u201c, konstatierte VfR-Trainer Danny Cornelius nach der Abreibung durch die Zweitliga-Reserve der KSV. \u201eWenn du dann eine so spiel- und sprintstarke, dazu noch flexibel agierende Mannschaft gegen dich hast, bist du halt in allen Punkten unterlegen\u201c, bilanzierte der 41-J\u00e4hrige. \u201eUnsere Niederlage war auch in der H\u00f6he vollkommen verdient\u201c, wollte Cornelius nichts besch\u00f6nigen. Gleichwohl betonte er: \u201eWir haben eine super Saison gespielt. Leider spiegelt das heutige Spiel diese nicht wider.\u201c<\/p>\n<p>F\u00fcr die \u201eVeilchen\u201c begann das Topspiel, in das eine Inklusions-Veranstaltung zum Europ\u00e4ischen Protesttag zur Gleichstellung von Menschen mit Behinderung eingebettet war, denkbar schlecht. Knapp 40 Sekunden waren absolviert, als Holsteins Leon Parduzi einen Steilpass seines Kapit\u00e4ns Malte Petersen aufnahm und VfR-Torwart Jos\u00e9 Aguirre mit einem Schuss ins kurze Eck \u00fcberwand. Die Rasensportler wirkten wie gel\u00e4hmt, hatten kaum einmal die M\u00f6glichkeit, ihre gef\u00e4hrlichen langen B\u00e4lle zu spielen, und gerieten nach einer knappen Viertelstunde mit 0:2 in R\u00fcckstand, als Islam Matene durch die Reihen spazierte und sein Solo mit einem Schuss ins rechte Eck vollendete. Streng genommen war die Begegnung damit schon entschieden.<\/p>\n<p>Denn den Lila-Wei\u00dfen fehlten trotz der R\u00fcckkehr des zuletzt mit einem Hexenschuss ausgefallenen Jan Lippegaus schlichtweg die Mittel, um die von Petersen hervorragend organisierte G\u00e4stedefensive \u00fcberraschen zu k\u00f6nnen. Erschwerend kam f\u00fcr die Hausherren hinzu, dass sie in der ersten Halbzeit mit mehreren Entscheidungen von Schiedsrichter Jan-Christian Meyer (Gr\u00fcn-Wei\u00df Todenb\u00fcttel) ganz und gar nicht gl\u00fccklich waren.<\/p>\n<p>Holstein II hatte alles im Griff und lie\u00df phasenweise einen Klassenunterschied erkennen. Die VfR-Fans setzten ihre Hoffnungen in den zweiten Durchgang und wurden bitter entt\u00e4uscht. Aldin Jakupovic, einziger Akteur in Kieler Reihen mit einem Hauch von Zweitliga-Erfahrung (f\u00fcnf Einwechslungen in der laufenden Saison), sorgte mit einem Doppelpack endg\u00fcltig f\u00fcr klare Verh\u00e4ltnisse (49., 59.). W\u00e4hrend bei den Rasensportlern nach einem Vierfach-Wechsel in der 63. Minute rein gar nichts besser wurde, trugen sich auf der Gegenseite noch zwei hereingekommene Spieler in die Torsch\u00fctzenliste ein: M\u00e4tthi Meyer traf m\u00fchelos nach sch\u00f6ner Vorarbeit von Jorden Winter zum 0:5 (70.), bevor Oskar von Esebeck sogar noch das halbe Dutzend vollmachte (86.).<\/p>\n<p>\u201eWir haben null Gegenwehr gezeigt, das war ein herber D\u00e4mpfer\u201c, urteilte Cornelius, der aus dieser Partie \u201ewirklich nichts Positives\u201c mitnehmen konnte. Immerhin fand er noch die Zeit f\u00fcr einen Klassiker der Fu\u00dfball-Phrasen: \u201eLieber einmal 0:6 als sechsmal 0:1 verlieren.\u201c\n            <\/p>\n<p class=\"\">\n                    F\u00fcr die nun folgenden Duelle mit Eichede, das Holsteins U23 am kommenden Mittwoch mit einem Sieg gegen den VfR vom zweiten Platz verdr\u00e4ngen kann, m\u00fcssen die letzten Kr\u00e4fte aufseiten der Lila-Wei\u00dfen mobilisiert werden. \u201eEichede ist aufgrund seiner Kompaktheit sehr ekelhaft zu bespielen\u201c, kommentierte Cornelius mit dem Wissen, dass die in dieser Saison in 27 Partien nur zweimal bezwungenen Stormarner eine ganz harte Nuss sind. \u201eAber sie kommen nicht \u00fcber die Geschwindigkeit, mit der die Kieler uns heute begegnet sind\u201c, fand der VfR-Coach noch einen Mutmacher.<\/p>\n<p>Dieser Text wurde erstellt von:<br \/>Torben John<br \/>VfR Neum\u00fcnster\n            <\/p>\n","protected":false},"excerpt":{"rendered":"Eine Auszeit zum v\u00f6llig falschen Moment g\u00f6nnte sich Fu\u00dfball-Oberligist VfR Neum\u00fcnster. Die zuvor achtmal in Folge ungeschlagenen Rasensportler&hellip;\n","protected":false},"author":2,"featured_media":992156,"comment_status":"","ping_status":"","sticky":false,"template":"","format":"standard","meta":{"footnotes":"","_share_on_mastodon":"0"},"categories":[1852],"tags":[133057,3364,26996,29,548,663,3934,30,13,10243,4949,2858,15118,14,27499,15,26997,12,1971,26998],"class_list":["post-992155","post","type-post","status-publish","format-standard","has-post-thumbnail","category-kiel","tag-danny-cornelius","tag-de","tag-deutsche-meisterschaften","tag-deutschland","tag-eu","tag-europa","tag-europe","tag-germany","tag-headlines","tag-holstein-kiel","tag-kiel","tag-luebeck","tag-malta","tag-nachrichten","tag-neumuenster","tag-news","tag-pokalwettbewerb","tag-schlagzeilen","tag-schleswig-holstein","tag-sportergebnis"],"share_on_mastodon":{"url":"","error":""},"_links":{"self":[{"href":"https:\/\/www.europesays.com\/de\/wp-json\/wp\/v2\/posts\/992155","targetHints":{"allow":["GET"]}}],"collection":[{"href":"https:\/\/www.europesays.com\/de\/wp-json\/wp\/v2\/posts"}],"about":[{"href":"https:\/\/www.europesays.com\/de\/wp-json\/wp\/v2\/types\/post"}],"author":[{"embeddable":true,"href":"https:\/\/www.europesays.com\/de\/wp-json\/wp\/v2\/users\/2"}],"replies":[{"embeddable":true,"href":"https:\/\/www.europesays.com\/de\/wp-json\/wp\/v2\/comments?post=992155"}],"version-history":[{"count":0,"href":"https:\/\/www.europesays.com\/de\/wp-json\/wp\/v2\/posts\/992155\/revisions"}],"wp:featuredmedia":[{"embeddable":true,"href":"https:\/\/www.europesays.com\/de\/wp-json\/wp\/v2\/media\/992156"}],"wp:attachment":[{"href":"https:\/\/www.europesays.com\/de\/wp-json\/wp\/v2\/media?parent=992155"}],"wp:term":[{"taxonomy":"category","embeddable":true,"href":"https:\/\/www.europesays.com\/de\/wp-json\/wp\/v2\/categories?post=992155"},{"taxonomy":"post_tag","embeddable":true,"href":"https:\/\/www.europesays.com\/de\/wp-json\/wp\/v2\/tags?post=992155"}],"curies":[{"name":"wp","href":"https:\/\/api.w.org\/{rel}","templated":true}]}}