{"id":992270,"date":"2026-05-03T21:50:21","date_gmt":"2026-05-03T21:50:21","guid":{"rendered":"https:\/\/www.europesays.com\/de\/992270\/"},"modified":"2026-05-03T21:50:21","modified_gmt":"2026-05-03T21:50:21","slug":"formel-e-berlin-porsche-star-pascal-wehrlein-jubelt-pole-podium-wm-fuehrung-motorsport","status":"publish","type":"post","link":"https:\/\/www.europesays.com\/de\/992270\/","title":{"rendered":"Formel E Berlin: Porsche-Star Pascal Wehrlein jubelt \u2013 Pole, Podium, WM-F\u00fchrung | Motorsport"},"content":{"rendered":"<p><a class=\"skip-content skip-content--link\" href=\"#in-content-skip-link-target-v-0-0\">TTS-Player \u00fcberspringen\u21b5<\/a><a id=\"in-content-skip-link-target-v-0-0\" class=\"skip-content--target-link-hidden skip-content skip-content--target-link\" href=\"#in-content-skip-link-target-v-0-0\">Artikel weiterlesen<\/a><\/p>\n<p><b>Wieder kein Heim-Sieg \u2013 aber dennoch Jubel beim deutschen Weltmeister! Beim Sonntags-Rennen der Formel E auf dem Tempelhofer Feld landet der Weltmeister von 2024, Pascal Wehrlein (31), auf dem Podium, holt sich Platz 3. Den Sieg schnappt sich Jaguar-Pilot Mitch Evans \u2013 auf Rang 2 f\u00e4hrt Titelverteidiger Oliver Rowland (Nissan). Wehrlein f\u00fchrt nach den beiden Rennen in der deutschen Hauptstadt die Weltmeisterschaft an. Der Porsche-Fahrer nach dem E-Prix: \u201eEs war ein toller Tag, Pole-Position, ein gutes Rennen. Wir k\u00f6nnen mit dem Ergebnis wirklich zufrieden sein.\u201c<\/b><\/p>\n<p>Eigentlich will Wehrlein endlich seinen Berlin-Fluch brechen, denn er hat hier noch nie ein Rennen gewonnen! Und der Tag startet perfekt f\u00fcr ihn. Er holt sich souver\u00e4n die Pole-Position, f\u00e4hrt danach ein starkes Rennen vor heimischem Publikum. Am Ende reicht es wieder nicht ganz f\u00fcr den Sieg \u2013 doch mit dem dritten Rang nimmt das Wochenende ein vers\u00f6hnliches Ende f\u00fcr den deutschen Rennfahrer. <\/p>\n<p><img decoding=\"async\" width=\"992\" height=\"558\" alt=\"Pascal Wehrlein beim Rennen in Berlin\" src=\"https:\/\/www.europesays.com\/de\/wp-content\/uploads\/2026\/05\/54bf0a6e9b3fdbf91bb10054594350e3,d7f27fe3.jpeg\"   class=\"landscape\" loading=\"lazy\"\/><\/p>\n<p class=\"fig__caption__text\">Pascal Wehrlein beim Rennen in Berlin<\/p>\n<p>Foto: picture alliance\/Eibner-Pressefoto<\/p>\n<p>Beim Berlin-Lauf am Samstag lief es n\u00e4mlich gar nicht rund f\u00fcr Wehrlein. In etwa der H\u00e4lfte des Rennens passierte es: Kontakt mit Andretti-Pilot Jake Dennis. Reifenschaden! Danach lag ein Podium in weiter Ferne, die Punkte waren futsch. Der Weltmeister-Pilot landete auf Rang 19. <\/p>\n<p>Gro\u00dfe Wehrlein-Entt\u00e4uschung am Samstag<\/p>\n<p>Wehrlein nach dem Samstags-E-Prix: \u201eDas Rennen lief an sich ganz gut, wir hatten am Anfang den Plan, ein bisschen Energie zu sparen und zur\u00fcckzufallen. Das war die richtige Strategie. Dann ein kleiner Kontakt mit Dennis, das hat das Ventil an meiner Felge kaputt gemacht, innerhalb von zwei Kurven war die Luft aus meinem Reifen. Da war das Rennen vorbei, wir mussten den Reifen wechseln und sind dem Feld dann hinterhergefahren.\u201c<\/p>\n<p>Etliche \u00dcberholman\u00f6ver: Evans krallt sich in Berlin den Sieg<a class=\"anchor video-teaser__anchor\" href=\"https:\/\/sportbild.bild.de\/motorsport\/etliche-ueberholmanoever-evans-krallt-sich-in-berlin-den-sieg-69f7a69a6fe2dee7bfb11a7e\" rel=\"nofollow noopener\" target=\"_blank\"><img decoding=\"async\" width=\"992\" height=\"558\" alt=\"\" src=\"https:\/\/www.europesays.com\/de\/wp-content\/uploads\/2026\/05\/943b0b530836504acb569844d69ca2f7-landscape,7e4946dc.jpeg\"   class=\"landscape teaser__image\" loading=\"lazy\"\/><\/a><\/p>\n<p>Quelle: FormulaE03.05.2026<\/p>\n<p>Den Sieg beim Berlin-Rennen Nummer 1 schnappte sich Wehrleins Teamkollege Nico M\u00fcller \u2013 es war sein erster Formel-E-Sieg \u00fcberhaupt! M\u00fcller nach seinem Hammer-Rennen euphorisch: \u201eEs ist unglaublich.\u201c Zu SPORT BILD sagt er: \u201eHier vor den deutschen Fans mit Porsche zu gewinnen, das macht mich sehr stolz. Ich bin einfach dankbar f\u00fcr das Team, das so viel harte Arbeit hier hineinsteckt.\u201c<\/p>\n","protected":false},"excerpt":{"rendered":"TTS-Player \u00fcberspringen\u21b5Artikel weiterlesen Wieder kein Heim-Sieg \u2013 aber dennoch Jubel beim deutschen Weltmeister! Beim Sonntags-Rennen der Formel E&hellip;\n","protected":false},"author":2,"featured_media":992271,"comment_status":"","ping_status":"","sticky":false,"template":"","format":"standard","meta":{"footnotes":"","_share_on_mastodon":"0"},"categories":[1825],"tags":[296,29,39113,30,1575,14056,79176],"class_list":["post-992270","post","type-post","status-publish","format-standard","has-post-thumbnail","category-berlin","tag-berlin","tag-deutschland","tag-formel-e","tag-germany","tag-motorsport","tag-porsche","tag-wehrlein-pascal"],"share_on_mastodon":{"url":"https:\/\/pubeurope.com\/@de\/116512858960795411","error":""},"_links":{"self":[{"href":"https:\/\/www.europesays.com\/de\/wp-json\/wp\/v2\/posts\/992270","targetHints":{"allow":["GET"]}}],"collection":[{"href":"https:\/\/www.europesays.com\/de\/wp-json\/wp\/v2\/posts"}],"about":[{"href":"https:\/\/www.europesays.com\/de\/wp-json\/wp\/v2\/types\/post"}],"author":[{"embeddable":true,"href":"https:\/\/www.europesays.com\/de\/wp-json\/wp\/v2\/users\/2"}],"replies":[{"embeddable":true,"href":"https:\/\/www.europesays.com\/de\/wp-json\/wp\/v2\/comments?post=992270"}],"version-history":[{"count":0,"href":"https:\/\/www.europesays.com\/de\/wp-json\/wp\/v2\/posts\/992270\/revisions"}],"wp:featuredmedia":[{"embeddable":true,"href":"https:\/\/www.europesays.com\/de\/wp-json\/wp\/v2\/media\/992271"}],"wp:attachment":[{"href":"https:\/\/www.europesays.com\/de\/wp-json\/wp\/v2\/media?parent=992270"}],"wp:term":[{"taxonomy":"category","embeddable":true,"href":"https:\/\/www.europesays.com\/de\/wp-json\/wp\/v2\/categories?post=992270"},{"taxonomy":"post_tag","embeddable":true,"href":"https:\/\/www.europesays.com\/de\/wp-json\/wp\/v2\/tags?post=992270"}],"curies":[{"name":"wp","href":"https:\/\/api.w.org\/{rel}","templated":true}]}}