{"id":992293,"date":"2026-05-03T22:03:18","date_gmt":"2026-05-03T22:03:18","guid":{"rendered":"https:\/\/www.europesays.com\/de\/992293\/"},"modified":"2026-05-03T22:03:18","modified_gmt":"2026-05-03T22:03:18","slug":"bahlsen-und-lindt-senken-die-preise-auch-schokolade-wieder-guenstiger-politik","status":"publish","type":"post","link":"https:\/\/www.europesays.com\/de\/992293\/","title":{"rendered":"Bahlsen und Lindt senken die Preise \u2013 auch Schokolade wieder g\u00fcnstiger | Politik"},"content":{"rendered":"<p><a class=\"skip-content skip-content--link\" href=\"#in-content-skip-link-target-v-0-0\">TTS-Player \u00fcberspringen\u21b5<\/a><a id=\"in-content-skip-link-target-v-0-0\" class=\"skip-content--target-link-hidden skip-content skip-content--target-link\" href=\"#in-content-skip-link-target-v-0-0\">Artikel weiterlesen<\/a><\/p>\n<p>Hannover\u00a0\u2013 <b>Wer Kekse liebt, hat endlich wieder g\u00fcnstigere Knusper-Freude! Zuletzt hatten stark gestiegene Schokoladenpreise Bahlsen und andere Unternehmen aus der Branche hart getroffen: Nicht nur der Geb\u00e4ckhersteller aus Niedersachsen musste die Preise erh\u00f6hen. Nun steuert das Traditionsunternehmen gegen \u2013 und senkt bei ausgew\u00e4hlten Produkten die Preise f\u00fcr den Handel. Hei\u00dft: Im Supermarkt wird es ebenfalls g\u00fcnstiger. Und auch Premium-Schokolade wird wieder billiger! Einige Produkte des Schweizer Schokoladenkonzerns Lindt &amp; Spr\u00fcngli werden ebenfalls wieder g\u00fcnstiger.<\/b><\/p>\n<p>Bahlsen senkt Preise nach Schokoladen-Anstieg<\/p>\n<p>Bahlsen-Firmenchef Alexander K\u00fchnen sagt: \u201eDurch die stark gestiegenen Schokoladenpreise mussten wir unsere Preise anheben, weil der Schokoladenanteil in unseren Produkten h\u00f6her ist als im Wettbewerb.\u201c Inzwischen h\u00e4tten sich die Preise stabilisiert. Deshalb werde eher \u00fcber Preissenkungen nachgedacht als \u00fcber weitere Erh\u00f6hungen. Welche konkreten Produkte k\u00fcnftig weniger kosten sollen, sagt K\u00fchnen nicht.<\/p>\n<p><img decoding=\"async\" width=\"992\" height=\"558\" alt=\"Alexander K\u00fchnen, CEO der Firma Bahlsen, sitzt in seinem B\u00fcro\" src=\"https:\/\/www.europesays.com\/de\/wp-content\/uploads\/2026\/05\/fa690bea1a3098ee816d41727d498d29,31008aaa.jpeg\"   class=\"landscape\" loading=\"lazy\"\/><\/p>\n<p class=\"fig__caption__text\">Alexander K\u00fchnen, CEO der Firma Bahlsen, sitzt in seinem B\u00fcro<\/p>\n<p>Foto: Michael Matthey\/dpa<\/p>\n<p>Umsatz und Ergebnis gesteigert<\/p>\n<p>Der Umsatz der Bahlsen-Gruppe stieg 2024 auf 644,6 Millionen Euro, nach 607,9 Millionen im Jahr zuvor und 539,9 Millionen Euro 2022. Der Gewinn lag bei 63,6 Millionen Euro, nach 40,5 Millionen 2023. 2022 hatte Bahlsen auf dieser Basis noch einen Verlust von 1,8 Millionen Euro ausgewiesen.<\/p>\n<p>Mehr zum ThemaPreise purzeln auch bei Lindt<\/p>\n<p>Und auch der Schweizer <a href=\"https:\/\/www.bild.de\/themen\/specials\/schokolade\/ratgeber-nachrichten-news-fotos-videos-19406060.bild.html\" class=\"text-link\" rel=\"nofollow noopener\" target=\"_blank\">Schokoladenhersteller<\/a> Lindt &amp; Spr\u00fcngli senkt im <a href=\"https:\/\/www.bild.de\/themen\/organisationen\/einzelhandel\/news-nachrichten-news-fotos-videos-33317474.bild.html\" class=\"text-link\" rel=\"nofollow noopener\" target=\"_blank\">Einzelhandel<\/a> die Preise f\u00fcr ausgew\u00e4hlte Produkte. Betroffen sind unter anderem 100-Gramm-Tafeln der \u201eClassics\u201c-Reihe, deren unverbindliche Preisempfehlung von 2,69 auf 2,19 Euro sinkt, sowie der 200-Gramm-Weihnachtsmann, der zum n\u00e4chsten Weihnachtsfest 7,99 statt 8,99 Euro kosten soll. Weitere Preisanpassungen werden gepr\u00fcft. Hintergrund ist ein Absatzr\u00fcckgang von 6,6 Prozent im vergangenen Jahr nach vorherigen Preiserh\u00f6hungen.<\/p>\n<p>Kakaopreise waren extrem<\/p>\n<p>Zwischen 2023 und Anfang 2025 ist der Kakaopreis am Weltmarkt stark gestiegen, vor allem wegen Ernteausf\u00e4llen in Westafrika durch Extremwetter, Krankheiten und \u00fcberalterte Plantagen. Bei stabiler Nachfrage entstand ein deutliches Angebotsdefizit. Im Fr\u00fchjahr 2024 erreichte Kakao mit zeitweise knapp 12.000 US-Dollar je Tonne (rund 11.000 Euro) einen historischen H\u00f6chststand.<\/p>\n","protected":false},"excerpt":{"rendered":"TTS-Player \u00fcberspringen\u21b5Artikel weiterlesen Hannover\u00a0\u2013 Wer Kekse liebt, hat endlich wieder g\u00fcnstigere Knusper-Freude! Zuletzt hatten stark gestiegene Schokoladenpreise Bahlsen&hellip;\n","protected":false},"author":2,"featured_media":992294,"comment_status":"","ping_status":"","sticky":false,"template":"","format":"standard","meta":{"footnotes":"","_share_on_mastodon":"0"},"categories":[134],"tags":[175,170,169,29,30,52817,702,66950,171,174,828,18850,138370,173,172],"class_list":["post-992293","post","type-post","status-publish","format-standard","has-post-thumbnail","category-unternehmen-maerkte","tag-business","tag-companies","tag-companies-markets","tag-deutschland","tag-germany","tag-kakao","tag-lebensmittel","tag-lindt-spruengli","tag-markets","tag-maerkte","tag-preis","tag-schokolade","tag-team-first","tag-unternehmen","tag-unternehmen-maerkte"],"share_on_mastodon":{"url":"https:\/\/pubeurope.com\/@de\/116512909739976187","error":""},"_links":{"self":[{"href":"https:\/\/www.europesays.com\/de\/wp-json\/wp\/v2\/posts\/992293","targetHints":{"allow":["GET"]}}],"collection":[{"href":"https:\/\/www.europesays.com\/de\/wp-json\/wp\/v2\/posts"}],"about":[{"href":"https:\/\/www.europesays.com\/de\/wp-json\/wp\/v2\/types\/post"}],"author":[{"embeddable":true,"href":"https:\/\/www.europesays.com\/de\/wp-json\/wp\/v2\/users\/2"}],"replies":[{"embeddable":true,"href":"https:\/\/www.europesays.com\/de\/wp-json\/wp\/v2\/comments?post=992293"}],"version-history":[{"count":0,"href":"https:\/\/www.europesays.com\/de\/wp-json\/wp\/v2\/posts\/992293\/revisions"}],"wp:featuredmedia":[{"embeddable":true,"href":"https:\/\/www.europesays.com\/de\/wp-json\/wp\/v2\/media\/992294"}],"wp:attachment":[{"href":"https:\/\/www.europesays.com\/de\/wp-json\/wp\/v2\/media?parent=992293"}],"wp:term":[{"taxonomy":"category","embeddable":true,"href":"https:\/\/www.europesays.com\/de\/wp-json\/wp\/v2\/categories?post=992293"},{"taxonomy":"post_tag","embeddable":true,"href":"https:\/\/www.europesays.com\/de\/wp-json\/wp\/v2\/tags?post=992293"}],"curies":[{"name":"wp","href":"https:\/\/api.w.org\/{rel}","templated":true}]}}